{"id":1723,"date":"2021-11-10T10:26:20","date_gmt":"2021-11-10T13:26:20","guid":{"rendered":"https:\/\/www.rr.senac.br\/portalsenac\/?p=1723"},"modified":"2023-06-22T16:22:19","modified_gmt":"2023-06-22T19:22:19","slug":"senac-roraima-abre-seletivos-em-boa-vista","status":"publish","type":"post","link":"https:\/\/www.rr.senac.br\/portalsenac\/senac-roraima-abre-seletivos-em-boa-vista\/","title":{"rendered":"Senac Roraima abre seletivos em Boa Vista"},"content":{"rendered":"\n<h5 class=\"wp-block-heading\">S\u00e3o sete vagas! #FazSenac<\/h5>\n\n\n\n<figure class=\"wp-block-image size-full\"><img data-recalc-dims=\"1\" decoding=\"async\" src=\"https:\/\/i0.wp.com\/www.rr.senac.br\/portalsenac\/wp-content\/uploads\/2021\/11\/bernardo.png?w=750&#038;ssl=1\" alt=\"\" class=\"wp-image-1032\"\/><figcaption><em>Divulga\u00e7\u00e3o<\/em><\/figcaption><\/figure>\n\n\n\n<p class=\"texto-justificado\">Prepara o curr\u00edculo: Senac Roraima abre sete seletivos para Boa Vista. As vagas s\u00e3o para os cargos de instrutoria e auxiliar de administra\u00e7\u00e3o PCD, com inscri\u00e7\u00f5es online, at\u00e9 \u00e0s 14h do dia 10 de novembro. Para participar basta acessar o site: <a href=\"https:\/\/seletivo.rr.senac.br\/\">rr.senac.br<\/a><\/p>\n\n\n\n<p class=\"texto-justificado\">O processo seletivo tem vagas para instrutor de idiomas (alem\u00e3o, italiano, libras e ingl\u00eas), gastronomia, beleza e auxiliar de administra\u00e7\u00e3o destinado \u00e0 pessoas com defici\u00eancia (PCD). Para participar do processo os candidatos devem se atentar aos pr\u00e9-requisitos de cada cargo, e seguir as etapas do cronograma divulgado no site.<\/p>\n\n\n\n<p class=\"texto-justificado\">Para mais informa\u00e7\u00f5es os interessados podem entrar em contato com o setor respons\u00e1vel atrav\u00e9s do n\u00famero 3212-2824, ou atrav\u00e9s das redes sociais oficiais @senacrr<\/p>\n\n\n\n<p>Giovanna Lima<\/p>\n\n\n\n<p>Comunica\u00e7\u00e3o Senac RR<\/p>\n","protected":false},"excerpt":{"rendered":"<p>S\u00e3o sete vagas! #FazSenac Prepara o curr\u00edculo: Senac Roraima abre sete seletivos para Boa Vista. As vagas s\u00e3o para os cargos de instrutoria e auxiliar de administra\u00e7\u00e3o PCD, com inscri\u00e7\u00f5es online, at\u00e9 \u00e0s 14h do dia 10 de novembro. Para participar basta acessar o site:&hellip; <a class=\"more-link\" href=\"https:\/\/www.rr.senac.br\/portalsenac\/senac-roraima-abre-seletivos-em-boa-vista\/\">Continuar lendo <span class=\"screen-reader-text\">Senac Roraima abre seletivos em Boa Vista<\/span><\/a><\/p>\n","protected":false},"author":2,"featured_media":0,"comment_status":"closed","ping_status":"open","sticky":false,"template":"","format":"standard","meta":{"_jetpack_memberships_contains_paid_content":false,"_joinchat":[],"footnotes":""},"categories":[12],"tags":[],"class_list":["post-1723","post","type-post","status-publish","format-standard","hentry","category-ultimas-noticias","entry"],"jetpack_featured_media_url":"","jetpack_sharing_enabled":true,"_links":{"self":[{"href":"https:\/\/www.rr.senac.br\/portalsenac\/wp-json\/wp\/v2\/posts\/1723","targetHints":{"allow":["GET"]}}],"collection":[{"href":"https:\/\/www.rr.senac.br\/portalsenac\/wp-json\/wp\/v2\/posts"}],"about":[{"href":"https:\/\/www.rr.senac.br\/portalsenac\/wp-json\/wp\/v2\/types\/post"}],"author":[{"embeddable":true,"href":"https:\/\/www.rr.senac.br\/portalsenac\/wp-json\/wp\/v2\/users\/2"}],"replies":[{"embeddable":true,"href":"https:\/\/www.rr.senac.br\/portalsenac\/wp-json\/wp\/v2\/comments?post=1723"}],"version-history":[{"count":0,"href":"https:\/\/www.rr.senac.br\/portalsenac\/wp-json\/wp\/v2\/posts\/1723\/revisions"}],"wp:attachment":[{"href":"https:\/\/www.rr.senac.br\/portalsenac\/wp-json\/wp\/v2\/media?parent=1723"}],"wp:term":[{"taxonomy":"category","embeddable":true,"href":"https:\/\/www.rr.senac.br\/portalsenac\/wp-json\/wp\/v2\/categories?post=1723"},{"taxonomy":"post_tag","embeddable":true,"href":"https:\/\/www.rr.senac.br\/portalsenac\/wp-json\/wp\/v2\/tags?post=1723"}],"curies":[{"name":"wp","href":"https:\/\/api.w.org\/{rel}","templated":true}]}}