{"id":2257,"date":"2021-11-24T11:01:42","date_gmt":"2021-11-24T14:01:42","guid":{"rendered":"https:\/\/www.rr.senac.br\/portalsenac\/?p=2257"},"modified":"2023-06-22T16:22:19","modified_gmt":"2023-06-22T19:22:19","slug":"senac-roraima-oferta-curso-gratuito-voltado-a-producao-audiovisual","status":"publish","type":"post","link":"https:\/\/www.rr.senac.br\/portalsenac\/senac-roraima-oferta-curso-gratuito-voltado-a-producao-audiovisual\/","title":{"rendered":"Senac Roraima oferta curso gratuito voltado \u00e0 produ\u00e7\u00e3o audiovisual"},"content":{"rendered":"\n<p><em>Matr\u00edculas acontecem no pr\u00f3ximo dia 25<\/em><\/p>\n\n\n\n<figure class=\"wp-block-image size-full\"><img data-recalc-dims=\"1\" fetchpriority=\"high\" decoding=\"async\" width=\"680\" height=\"453\" src=\"https:\/\/i0.wp.com\/www.rr.senac.br\/portalsenac\/wp-content\/uploads\/2021\/11\/SenacRR.png?resize=680%2C453&#038;ssl=1\" alt=\"\" class=\"wp-image-2258\" srcset=\"https:\/\/i0.wp.com\/www.rr.senac.br\/portalsenac\/wp-content\/uploads\/2021\/11\/SenacRR.png?w=680&amp;ssl=1 680w, https:\/\/i0.wp.com\/www.rr.senac.br\/portalsenac\/wp-content\/uploads\/2021\/11\/SenacRR.png?resize=300%2C200&amp;ssl=1 300w\" sizes=\"(max-width: 680px) 100vw, 680px\" \/><figcaption><em>#FazSenac<\/em><\/figcaption><\/figure>\n\n\n\n<p class=\"texto-justificado\">O Senac Roraima oferta o 14\u00ba edital do Programa Senac de Gratuidade (PSG), com o curso \u2018Criando roteiro para audiovisual\u2019. As matr\u00edculas acontecer\u00e3o de forma presencial, na unidade Bernardo Cabral, localizada no bairro Asa Branca no pr\u00f3ximo dia 25 de novembro, quinta-feira.<\/p>\n\n\n\n<div style=\"height:20px\" aria-hidden=\"true\" class=\"wp-block-spacer\"><\/div>\n\n\n\n<p class=\"texto-justificado\">O curso tem capacidade para 15 alunos, com previs\u00e3o de in\u00edcio para o dia 29 de novembro. A carga hor\u00e1ria \u00e9 de 40 horas, e dentre os pr\u00e9-requisitos, os alunos devem ter idade m\u00ednima de 18 anos. O edital est\u00e1 dispon\u00edvel no site oficial do Senac: <a href=\"https:\/\/www.rr.senac.br\/portalsenac\">rr.senac.br<\/a><\/p>\n\n\n\n<div style=\"height:20px\" aria-hidden=\"true\" class=\"wp-block-spacer\"><\/div>\n\n\n\n<p class=\"texto-justificado\">Para efetuar a matr\u00edcula devem comparecer com a documenta\u00e7\u00e3o original e xerox na unidade do Senac, Ministro Bernardo Cabral, localizada na Rua Hor\u00e1cio Mardel de Magalh\u00e3es, n\u00b0 400, bairro Asa Branca, em hor\u00e1rio comercial.<\/p>\n\n\n\n<div style=\"height:20px\" aria-hidden=\"true\" class=\"wp-block-spacer\"><\/div>\n\n\n\n<p class=\"texto-justificado\">Em caso de d\u00favida os candidatos podem se dirigir \u00e0 central de atendimento na unidade de matr\u00edculas, ou atrav\u00e9s dos n\u00fameros: 3626-8434 e atrav\u00e9s do WhatsApp: <a href=\"https:\/\/wa.me\/5595984209992\">98420-9992<\/a>.<\/p>\n\n\n\n<div style=\"height:40px\" aria-hidden=\"true\" class=\"wp-block-spacer\"><\/div>\n\n\n\n<p>Giovanna Lima<br>Comunica\u00e7\u00e3o Senac RR <\/p>\n","protected":false},"excerpt":{"rendered":"<p>Matr\u00edculas acontecem no pr\u00f3ximo dia 25 O Senac Roraima oferta o 14\u00ba edital do Programa Senac de Gratuidade (PSG), com o curso \u2018Criando roteiro para audiovisual\u2019. As matr\u00edculas acontecer\u00e3o de forma presencial, na unidade Bernardo Cabral, localizada no bairro Asa Branca no pr\u00f3ximo dia 25&hellip; <a class=\"more-link\" href=\"https:\/\/www.rr.senac.br\/portalsenac\/senac-roraima-oferta-curso-gratuito-voltado-a-producao-audiovisual\/\">Continuar lendo <span class=\"screen-reader-text\">Senac Roraima oferta curso gratuito voltado \u00e0 produ\u00e7\u00e3o audiovisual<\/span><\/a><\/p>\n","protected":false},"author":2,"featured_media":2258,"comment_status":"closed","ping_status":"open","sticky":false,"template":"","format":"standard","meta":{"_jetpack_memberships_contains_paid_content":false,"_joinchat":[],"footnotes":""},"categories":[12],"tags":[],"class_list":["post-2257","post","type-post","status-publish","format-standard","has-post-thumbnail","hentry","category-ultimas-noticias","entry"],"jetpack_featured_media_url":"https:\/\/i0.wp.com\/www.rr.senac.br\/portalsenac\/wp-content\/uploads\/2021\/11\/SenacRR.png?fit=680%2C453&ssl=1","jetpack_sharing_enabled":true,"_links":{"self":[{"href":"https:\/\/www.rr.senac.br\/portalsenac\/wp-json\/wp\/v2\/posts\/2257","targetHints":{"allow":["GET"]}}],"collection":[{"href":"https:\/\/www.rr.senac.br\/portalsenac\/wp-json\/wp\/v2\/posts"}],"about":[{"href":"https:\/\/www.rr.senac.br\/portalsenac\/wp-json\/wp\/v2\/types\/post"}],"author":[{"embeddable":true,"href":"https:\/\/www.rr.senac.br\/portalsenac\/wp-json\/wp\/v2\/users\/2"}],"replies":[{"embeddable":true,"href":"https:\/\/www.rr.senac.br\/portalsenac\/wp-json\/wp\/v2\/comments?post=2257"}],"version-history":[{"count":0,"href":"https:\/\/www.rr.senac.br\/portalsenac\/wp-json\/wp\/v2\/posts\/2257\/revisions"}],"wp:featuredmedia":[{"embeddable":true,"href":"https:\/\/www.rr.senac.br\/portalsenac\/wp-json\/wp\/v2\/media\/2258"}],"wp:attachment":[{"href":"https:\/\/www.rr.senac.br\/portalsenac\/wp-json\/wp\/v2\/media?parent=2257"}],"wp:term":[{"taxonomy":"category","embeddable":true,"href":"https:\/\/www.rr.senac.br\/portalsenac\/wp-json\/wp\/v2\/categories?post=2257"},{"taxonomy":"post_tag","embeddable":true,"href":"https:\/\/www.rr.senac.br\/portalsenac\/wp-json\/wp\/v2\/tags?post=2257"}],"curies":[{"name":"wp","href":"https:\/\/api.w.org\/{rel}","templated":true}]}}