{"id":2300,"date":"2021-12-01T11:19:30","date_gmt":"2021-12-01T14:19:30","guid":{"rendered":"https:\/\/www.rr.senac.br\/portalsenac\/?p=2300"},"modified":"2023-06-22T16:22:19","modified_gmt":"2023-06-22T19:22:19","slug":"edital-de-doacao-de-bens-n-012-2021","status":"publish","type":"post","link":"https:\/\/www.rr.senac.br\/portalsenac\/edital-de-doacao-de-bens-n-012-2021\/","title":{"rendered":"Edital de doa\u00e7\u00e3o de bens N\u00b0 012\/2021"},"content":{"rendered":"\n<div style=\"height:60px\" aria-hidden=\"true\" class=\"wp-block-spacer\"><\/div>\n\n\n\n<p><strong>O SERVI\u00c7O NACIONAL DE APRENDIZAGEM COMERCIAL<\/strong> \u2013 Objeto deste Edital, a DOA\u00c7\u00c3O DE BENS INSERV\u00cdVEIS, conforme descrito no Anexo IV.<\/p>\n\n\n\n<div style=\"height:40px\" aria-hidden=\"true\" class=\"wp-block-spacer\"><\/div>\n\n\n\n<p class=\"texto-justificado\">Poder\u00e3o participar do certame, quaisquer entidades sem fins lucrativos, organiza\u00e7\u00f5es governamentais e n\u00e3o-governamentais, entidades filantr\u00f3picas ou de assist\u00eancia social, e que atendam \u00e0s condi\u00e7\u00f5es estabelecidas neste edital e seus anexos.<\/p>\n\n\n\n<p class=\"has-extra-small-font-size\"><br>Local de entrega:<br><strong>Sede Administrativa do Servi\u00e7o Nacional de Aprendizagem Comercial \u2013 Senac Roraima.<\/strong><br>Rua Ara\u00fajo Filho, N\u00ba 947, Centro \u2013 CEP: 69301-090<br>Comiss\u00e3o Permanente de Licita\u00e7\u00e3o<\/p>\n\n\n\n<div style=\"height:40px\" aria-hidden=\"true\" class=\"wp-block-spacer\"><\/div>\n\n\n\n<p class=\"has-small-font-size\">Fa\u00e7a o download do \u00a0<a href=\"https:\/\/www.rr.senac.br\/portalsenac\/wp-content\/uploads\/2021\/12\/DIVULGACAO-DAS-ENTIDADES-SORTEADAS.pdf\" target=\"_blank\" rel=\"noreferrer noopener\">Entidades Sorteadas<\/a><\/p>\n\n\n\n<p class=\"has-small-font-size\">Fa\u00e7a o download do \u00a0<a rel=\"noreferrer noopener\" href=\"https:\/\/www.rr.senac.br\/portalsenac\/wp-content\/uploads\/2021\/12\/DIVULGACAO-DAS-ENTIDADES-SORTEADAS.pdf\" target=\"_blank\">Ata do Sorteio<\/a><\/p>\n\n\n\n<p class=\"has-small-font-size\">Fa\u00e7a o download do &nbsp;<a href=\"https:\/\/www.rr.senac.br\/portalsenac\/wp-content\/uploads\/2021\/12\/resultado-das-instituicoes-habilitadas-edita12-2021.pdf\" target=\"_blank\" rel=\"noreferrer noopener\">Entidades habilitadas<\/a><\/p>\n\n\n\n<p class=\"has-small-font-size\">Fa\u00e7a o download do <a href=\"https:\/\/www.rr.senac.br\/portalsenac\/wp-content\/uploads\/2021\/12\/Edital-de-doacao-N\u00b0-012-2021.pdf\" target=\"_blank\" rel=\"noreferrer noopener\">Edital de doa\u00e7\u00e3o N\u00b0 012\/2021<\/a><\/p>\n","protected":false},"excerpt":{"rendered":"<p>O SERVI\u00c7O NACIONAL DE APRENDIZAGEM COMERCIAL \u2013 Objeto deste Edital, a DOA\u00c7\u00c3O DE BENS INSERV\u00cdVEIS, conforme descrito no Anexo IV. Poder\u00e3o participar do certame, quaisquer entidades sem fins lucrativos, organiza\u00e7\u00f5es governamentais e n\u00e3o-governamentais, entidades filantr\u00f3picas ou de assist\u00eancia social, e que atendam \u00e0s condi\u00e7\u00f5es estabelecidas&hellip; <a class=\"more-link\" href=\"https:\/\/www.rr.senac.br\/portalsenac\/edital-de-doacao-de-bens-n-012-2021\/\">Continuar lendo <span class=\"screen-reader-text\">Edital de doa\u00e7\u00e3o de bens N\u00b0 012\/2021<\/span><\/a><\/p>\n","protected":false},"author":4,"featured_media":0,"comment_status":"closed","ping_status":"open","sticky":false,"template":"","format":"standard","meta":{"_jetpack_memberships_contains_paid_content":false,"_joinchat":[],"footnotes":""},"categories":[18],"tags":[],"class_list":["post-2300","post","type-post","status-publish","format-standard","hentry","category-editais-de-doacoes","entry"],"jetpack_featured_media_url":"","jetpack_sharing_enabled":true,"_links":{"self":[{"href":"https:\/\/www.rr.senac.br\/portalsenac\/wp-json\/wp\/v2\/posts\/2300","targetHints":{"allow":["GET"]}}],"collection":[{"href":"https:\/\/www.rr.senac.br\/portalsenac\/wp-json\/wp\/v2\/posts"}],"about":[{"href":"https:\/\/www.rr.senac.br\/portalsenac\/wp-json\/wp\/v2\/types\/post"}],"author":[{"embeddable":true,"href":"https:\/\/www.rr.senac.br\/portalsenac\/wp-json\/wp\/v2\/users\/4"}],"replies":[{"embeddable":true,"href":"https:\/\/www.rr.senac.br\/portalsenac\/wp-json\/wp\/v2\/comments?post=2300"}],"version-history":[{"count":0,"href":"https:\/\/www.rr.senac.br\/portalsenac\/wp-json\/wp\/v2\/posts\/2300\/revisions"}],"wp:attachment":[{"href":"https:\/\/www.rr.senac.br\/portalsenac\/wp-json\/wp\/v2\/media?parent=2300"}],"wp:term":[{"taxonomy":"category","embeddable":true,"href":"https:\/\/www.rr.senac.br\/portalsenac\/wp-json\/wp\/v2\/categories?post=2300"},{"taxonomy":"post_tag","embeddable":true,"href":"https:\/\/www.rr.senac.br\/portalsenac\/wp-json\/wp\/v2\/tags?post=2300"}],"curies":[{"name":"wp","href":"https:\/\/api.w.org\/{rel}","templated":true}]}}