{"id":2336,"date":"2021-12-09T13:11:47","date_gmt":"2021-12-09T16:11:47","guid":{"rendered":"https:\/\/www.rr.senac.br\/portalsenac\/?p=2336"},"modified":"2023-06-22T16:22:19","modified_gmt":"2023-06-22T19:22:19","slug":"senac-realiza-primeira-mostra-gastronomica-em-roraima","status":"publish","type":"post","link":"https:\/\/www.rr.senac.br\/portalsenac\/senac-realiza-primeira-mostra-gastronomica-em-roraima\/","title":{"rendered":"Senac realiza primeira Mostra Gastron\u00f4mica em Roraima"},"content":{"rendered":"\n<h5 class=\"wp-block-heading\">Chef Ded\u00e9 Parente marcou presen\u00e7a co<em>m aula-show<\/em><\/h5>\n\n\n\n<figure class=\"wp-block-image size-large\"><img data-recalc-dims=\"1\" fetchpriority=\"high\" decoding=\"async\" width=\"750\" height=\"500\" src=\"https:\/\/i0.wp.com\/www.rr.senac.br\/portalsenac\/wp-content\/uploads\/2021\/12\/editadas-13-1.jpg?resize=750%2C500&#038;ssl=1\" alt=\"\" class=\"wp-image-2337\" srcset=\"https:\/\/i0.wp.com\/www.rr.senac.br\/portalsenac\/wp-content\/uploads\/2021\/12\/editadas-13-1-scaled.jpg?resize=1024%2C683&amp;ssl=1 1024w, https:\/\/i0.wp.com\/www.rr.senac.br\/portalsenac\/wp-content\/uploads\/2021\/12\/editadas-13-1-scaled.jpg?resize=300%2C200&amp;ssl=1 300w, https:\/\/i0.wp.com\/www.rr.senac.br\/portalsenac\/wp-content\/uploads\/2021\/12\/editadas-13-1-scaled.jpg?resize=768%2C512&amp;ssl=1 768w, https:\/\/i0.wp.com\/www.rr.senac.br\/portalsenac\/wp-content\/uploads\/2021\/12\/editadas-13-1-scaled.jpg?resize=1536%2C1024&amp;ssl=1 1536w, https:\/\/i0.wp.com\/www.rr.senac.br\/portalsenac\/wp-content\/uploads\/2021\/12\/editadas-13-1-scaled.jpg?resize=2048%2C1365&amp;ssl=1 2048w, https:\/\/i0.wp.com\/www.rr.senac.br\/portalsenac\/wp-content\/uploads\/2021\/12\/editadas-13-1-scaled.jpg?resize=1568%2C1045&amp;ssl=1 1568w, https:\/\/i0.wp.com\/www.rr.senac.br\/portalsenac\/wp-content\/uploads\/2021\/12\/editadas-13-1-scaled.jpg?w=2250&amp;ssl=1 2250w\" sizes=\"(max-width: 750px) 100vw, 750px\" \/><figcaption><em>Chef Ded\u00e9, propriet\u00e1rio da &#8216;Cacha\u00e7aria do Ded\u00e9&#8217;<\/em><\/figcaption><\/figure>\n\n\n\n<p class=\"has-drop-cap\">Na \u00faltima segunda-feira (07), o Senac realizou a Primeira Mostra Gastron\u00f4mica, com a participa\u00e7\u00e3o do Chef Ded\u00e9, convidado diretamente do Amazonas. Os alunos apresentaram os Projetos Integradores de diversos cursos, como cuidador de idosos, comidas natalinas e atendente de lanchonete.<\/p>\n\n\n\n<p>A primeira edi\u00e7\u00e3o aconteceu na sala de eventos Monte Roraima, na sede administrativa Sesc e Senac, e apresentou diversos projetos desenvolvidos pelos alunos, tais como din\u00e2micas voltadas aos cuidados com idosos, aferi\u00e7\u00e3o de press\u00e3o, glicemia, massagem relaxante, e diversas outras atividades.&nbsp;<\/p>\n\n\n\n<p>O presidente do Sistema Fecom\u00e9rcio\/Sesc\/Senac\/IFPD, Ademir dos Santos explicou a import\u00e2ncia de continuar se profissionalizando, e fomentando o setor do com\u00e9rcio. \u201cVemos a import\u00e2ncia do com\u00e9rcio no dia a dia das pessoas, gerando empregos e movimentando a economia. Ficamos felizes em ver profissionais qualificados integrando as vagas dispon\u00edveis, e o Sesc e Senac colaboram diretamente para a mudan\u00e7a na vida das pessoas\u201d.<\/p>\n\n\n\n<p>Durante o evento os alunos e convidados participaram de aulas-show, de drinks e coquet\u00e9is, com o ex instrutor e ma\u00eetre, Eliezer Batista, e \u2018Cozinha regional de Roraima: uma pluralidade de saberes e sabores\u2019, com o chef e instrutor, H\u00e9lio Ara\u00fajo. Em parceria com o Sesc Roraima, a palestra \u2018Consumo consciente e boas pr\u00e1ticas na manipula\u00e7\u00e3o de alimentos\u2019, foi ministrada pelas nutricionistas do programa Mesa Brasil.<\/p>\n\n\n\n<p>A atra\u00e7\u00e3o principal da noite foi o chef e empres\u00e1rio, Ded\u00e9 Parente, que apresentou a aula-show \u2018Moqueca Amaz\u00f4nica\u2019 e o lan\u00e7amento do livro \u2018A barraca: o in\u00edcio de 30 uma hist\u00f3ria\u2019. O chef compartilhou a hist\u00f3ria de como iniciou a carreira de chef e empres\u00e1rio, e atualmente conta com filiais em diversos estados brasileiros.<\/p>\n\n\n\n<p>Giovanna Lima<\/p>\n\n\n\n<p>Comunica\u00e7\u00e3o Senac RR<\/p>\n","protected":false},"excerpt":{"rendered":"<p>Chef Ded\u00e9 Parente marcou presen\u00e7a com aula-show Na \u00faltima segunda-feira (07), o Senac realizou a Primeira Mostra Gastron\u00f4mica, com a participa\u00e7\u00e3o do Chef Ded\u00e9, convidado diretamente do Amazonas. Os alunos apresentaram os Projetos Integradores de diversos cursos, como cuidador de idosos, comidas natalinas e atendente&hellip; <a class=\"more-link\" href=\"https:\/\/www.rr.senac.br\/portalsenac\/senac-realiza-primeira-mostra-gastronomica-em-roraima\/\">Continuar lendo <span class=\"screen-reader-text\">Senac realiza primeira Mostra Gastron\u00f4mica em Roraima<\/span><\/a><\/p>\n","protected":false},"author":2,"featured_media":2339,"comment_status":"closed","ping_status":"open","sticky":false,"template":"","format":"standard","meta":{"_jetpack_memberships_contains_paid_content":false,"_joinchat":[],"footnotes":""},"categories":[12],"tags":[],"class_list":["post-2336","post","type-post","status-publish","format-standard","has-post-thumbnail","hentry","category-ultimas-noticias","entry"],"jetpack_featured_media_url":"https:\/\/i0.wp.com\/www.rr.senac.br\/portalsenac\/wp-content\/uploads\/2021\/12\/editadas-11-scaled.jpg?fit=2560%2C1707&ssl=1","jetpack_sharing_enabled":true,"_links":{"self":[{"href":"https:\/\/www.rr.senac.br\/portalsenac\/wp-json\/wp\/v2\/posts\/2336","targetHints":{"allow":["GET"]}}],"collection":[{"href":"https:\/\/www.rr.senac.br\/portalsenac\/wp-json\/wp\/v2\/posts"}],"about":[{"href":"https:\/\/www.rr.senac.br\/portalsenac\/wp-json\/wp\/v2\/types\/post"}],"author":[{"embeddable":true,"href":"https:\/\/www.rr.senac.br\/portalsenac\/wp-json\/wp\/v2\/users\/2"}],"replies":[{"embeddable":true,"href":"https:\/\/www.rr.senac.br\/portalsenac\/wp-json\/wp\/v2\/comments?post=2336"}],"version-history":[{"count":0,"href":"https:\/\/www.rr.senac.br\/portalsenac\/wp-json\/wp\/v2\/posts\/2336\/revisions"}],"wp:featuredmedia":[{"embeddable":true,"href":"https:\/\/www.rr.senac.br\/portalsenac\/wp-json\/wp\/v2\/media\/2339"}],"wp:attachment":[{"href":"https:\/\/www.rr.senac.br\/portalsenac\/wp-json\/wp\/v2\/media?parent=2336"}],"wp:term":[{"taxonomy":"category","embeddable":true,"href":"https:\/\/www.rr.senac.br\/portalsenac\/wp-json\/wp\/v2\/categories?post=2336"},{"taxonomy":"post_tag","embeddable":true,"href":"https:\/\/www.rr.senac.br\/portalsenac\/wp-json\/wp\/v2\/tags?post=2336"}],"curies":[{"name":"wp","href":"https:\/\/api.w.org\/{rel}","templated":true}]}}