{"id":2371,"date":"2022-01-06T10:12:06","date_gmt":"2022-01-06T13:12:06","guid":{"rendered":"https:\/\/www.rr.senac.br\/portalsenac\/?p=2371"},"modified":"2023-06-22T16:22:19","modified_gmt":"2023-06-22T19:22:19","slug":"senac-roraima-em-parceria-com-a-esquina-americana-promovem-inscricoes-para-intercambio-nos-estados-unidos","status":"publish","type":"post","link":"https:\/\/www.rr.senac.br\/portalsenac\/senac-roraima-em-parceria-com-a-esquina-americana-promovem-inscricoes-para-intercambio-nos-estados-unidos\/","title":{"rendered":"Senac Roraima em parceria com a Esquina Americana promovem inscri\u00e7\u00f5es para interc\u00e2mbio nos Estados Unidos"},"content":{"rendered":"\n<div style=\"height:40px\" aria-hidden=\"true\" class=\"wp-block-spacer\"><\/div>\n\n\n\n<h5 class=\"alignfull has-text-align-left wp-block-heading\"><em>Inscri\u00e7\u00f5es s\u00e3o gratuitas e on-line<\/em><\/h5>\n\n\n\n<p class=\"texto-justificado\">O ano de 2022 chegou, e com ele as atividades do Senac Roraima, que em parceria com a Esquina Americana est\u00e1 promovendo inscri\u00e7\u00f5es para interc\u00e2mbios nos Estados Unidos. Os projetos dispon\u00edveis s\u00e3o: Jovens Embaixadores e Oportunidades Acad\u00eamicas. Os programas s\u00e3o gratuitos e fazem parte da programa\u00e7\u00e3o da Embaixada dos Estados Unidos no Brasil.<\/p>\n\n\n\n<div style=\"height:20px\" aria-hidden=\"true\" class=\"wp-block-spacer\"><\/div>\n\n\n\n<p class=\"texto-justificado\">\u2018<strong>Oportunidades Acad\u00eamicas\u2019<\/strong> \u00e9 um projeto destinado aos estudantes com recursos financeiros limitados, e que tenham interesse em candidaturas de gradua\u00e7\u00e3o e p\u00f3s-gradua\u00e7\u00e3o nos Estados Unidos. Oferecido pela Rede Education USA, departamento de Estado que orienta e acompanha os estudantes interessados em estudar no pa\u00eds.<\/p>\n\n\n\n<div style=\"height:20px\" aria-hidden=\"true\" class=\"wp-block-spacer\"><\/div>\n\n\n\n<p class=\"texto-justificado\">Para se inscrever, os alunos devem preencher os pr\u00e9-requisitos b\u00e1sicos dispon\u00edveis no edital, e efetuar as inscri\u00e7\u00f5es no site: <a href=\"https:\/\/www.educationusa.org.br\/oportunidades-academicas-graduacao\/\">https:\/\/www.educationusa.org.br\/oportunidades-academicas-graduacao\/<\/a> &nbsp;at\u00e9 o dia 10\/01\/2022<\/p>\n\n\n\n<div style=\"height:20px\" aria-hidden=\"true\" class=\"wp-block-spacer\"><\/div>\n\n\n\n<p class=\"texto-justificado\">\u2018<strong>Jovem Embaixadores\u2019 <\/strong>tem como p\u00fablico alvo os alunos de ensino m\u00e9dio da rede p\u00fablica de ensino do Brasil, que t\u00eam interesse em interc\u00e2mbio nos Estados Unidos. Esses alunos s\u00e3o selecionados conforme pr\u00e9-requisitos dispon\u00edveis no regulamento online. As inscri\u00e7\u00f5es acontecem de forma gratuita e online, at\u00e9 o dia 09\/02\/2022, atrav\u00e9s do link: <a href=\"https:\/\/br.usembassy.gov\/pt\/education-culture-pt\/programa-jovens-embaixadores\/como-participar-do-programa\/\">https:\/\/br.usembassy.gov\/pt\/education-culture-pt\/programa-jovens-embaixadores\/como-participar-do-programa\/<\/a><\/p>\n\n\n\n<div style=\"height:20px\" aria-hidden=\"true\" class=\"wp-block-spacer\"><\/div>\n\n\n\n<p class=\"texto-justificado\">A unidade da Esquina Americana est\u00e1 localizada no Centro de Idiomas do Senac Roraima \u2013 Rua General Penha Brasil, N\u00b0 1618, bairro S\u00e3o Francisco \u2013, e possui projetos gratuitos para a popula\u00e7\u00e3o de aconselhamento estudantil, com hor\u00e1rio de funcionamento de segunda \u00e0 sexta-feira, na biblioteca da unidade, em hor\u00e1rio comercial.<\/p>\n\n\n\n<figure class=\"wp-block-image size-large\"><img data-recalc-dims=\"1\" fetchpriority=\"high\" decoding=\"async\" width=\"750\" height=\"275\" src=\"https:\/\/i0.wp.com\/www.rr.senac.br\/portalsenac\/wp-content\/uploads\/2021\/12\/fachada_Prancheta-1.png?resize=750%2C275&#038;ssl=1\" alt=\"\" class=\"wp-image-2348\" srcset=\"https:\/\/i0.wp.com\/www.rr.senac.br\/portalsenac\/wp-content\/uploads\/2021\/12\/fachada_Prancheta-1.png?resize=1024%2C376&amp;ssl=1 1024w, https:\/\/i0.wp.com\/www.rr.senac.br\/portalsenac\/wp-content\/uploads\/2021\/12\/fachada_Prancheta-1.png?resize=300%2C110&amp;ssl=1 300w, https:\/\/i0.wp.com\/www.rr.senac.br\/portalsenac\/wp-content\/uploads\/2021\/12\/fachada_Prancheta-1.png?resize=768%2C282&amp;ssl=1 768w, https:\/\/i0.wp.com\/www.rr.senac.br\/portalsenac\/wp-content\/uploads\/2021\/12\/fachada_Prancheta-1.png?resize=1536%2C565&amp;ssl=1 1536w, https:\/\/i0.wp.com\/www.rr.senac.br\/portalsenac\/wp-content\/uploads\/2021\/12\/fachada_Prancheta-1.png?resize=1568%2C576&amp;ssl=1 1568w, https:\/\/i0.wp.com\/www.rr.senac.br\/portalsenac\/wp-content\/uploads\/2021\/12\/fachada_Prancheta-1.png?w=1651&amp;ssl=1 1651w\" sizes=\"(max-width: 750px) 100vw, 750px\" \/><figcaption><em>Localizado na  Rua General Penha Brasil, N\u00b0 1618, bairro S\u00e3o Francisco<\/em>  <\/figcaption><\/figure>\n\n\n\n<div style=\"height:20px\" aria-hidden=\"true\" class=\"wp-block-spacer\"><\/div>\n\n\n\n<div style=\"height:20px\" aria-hidden=\"true\" class=\"wp-block-spacer\"><\/div>\n\n\n\n<p class=\"texto-justificado\"><strong>Demais atividades<\/strong> \u2013 O Centro de Idiomas do Senac Roraima est\u00e1 com matr\u00edculas abertas para o primeiro semestre de 2022. S\u00e3o turmas de ingl\u00eas, espanhol, franc\u00eas, mandarim e conversa\u00e7\u00e3o em ingl\u00eas. Destinadas para crian\u00e7as a partir de 10 anos e turmas adultas a partir dos 15 anos. Com material incluso e atualizado, os alunos disp\u00f5em de espa\u00e7o tecnol\u00f3gico, e os instrutores preparados para estimular a flu\u00eancia do idioma desejado. As matr\u00edculas podem ser feitas nas unidades do Senac, ou diretamente no site: <a href=\"http:\/\/www.rr.senac.br\">www.rr.senac.br<\/a><\/p>\n\n\n\n<p><strong>Informa\u00e7\u00f5es:<\/strong> 98420-9992 &#8211;&nbsp; @americancornerbr @senacrr<\/p>\n\n\n\n<div style=\"height:20px\" aria-hidden=\"true\" class=\"wp-block-spacer\"><\/div>\n\n\n\n<p>Giovanna Lima<\/p>\n\n\n\n<p>Comunica\u00e7\u00e3o Senac RR<\/p>\n","protected":false},"excerpt":{"rendered":"<p>Inscri\u00e7\u00f5es s\u00e3o gratuitas e on-line O ano de 2022 chegou, e com ele as atividades do Senac Roraima, que em parceria com a Esquina Americana est\u00e1 promovendo inscri\u00e7\u00f5es para interc\u00e2mbios nos Estados Unidos. Os projetos dispon\u00edveis s\u00e3o: Jovens Embaixadores e Oportunidades Acad\u00eamicas. Os programas s\u00e3o&hellip; <a class=\"more-link\" href=\"https:\/\/www.rr.senac.br\/portalsenac\/senac-roraima-em-parceria-com-a-esquina-americana-promovem-inscricoes-para-intercambio-nos-estados-unidos\/\">Continuar lendo <span class=\"screen-reader-text\">Senac Roraima em parceria com a Esquina Americana promovem inscri\u00e7\u00f5es para interc\u00e2mbio nos Estados Unidos<\/span><\/a><\/p>\n","protected":false},"author":2,"featured_media":0,"comment_status":"closed","ping_status":"open","sticky":false,"template":"","format":"standard","meta":{"_jetpack_memberships_contains_paid_content":false,"_joinchat":[],"footnotes":""},"categories":[12],"tags":[],"class_list":["post-2371","post","type-post","status-publish","format-standard","hentry","category-ultimas-noticias","entry"],"jetpack_featured_media_url":"","jetpack_sharing_enabled":true,"_links":{"self":[{"href":"https:\/\/www.rr.senac.br\/portalsenac\/wp-json\/wp\/v2\/posts\/2371","targetHints":{"allow":["GET"]}}],"collection":[{"href":"https:\/\/www.rr.senac.br\/portalsenac\/wp-json\/wp\/v2\/posts"}],"about":[{"href":"https:\/\/www.rr.senac.br\/portalsenac\/wp-json\/wp\/v2\/types\/post"}],"author":[{"embeddable":true,"href":"https:\/\/www.rr.senac.br\/portalsenac\/wp-json\/wp\/v2\/users\/2"}],"replies":[{"embeddable":true,"href":"https:\/\/www.rr.senac.br\/portalsenac\/wp-json\/wp\/v2\/comments?post=2371"}],"version-history":[{"count":0,"href":"https:\/\/www.rr.senac.br\/portalsenac\/wp-json\/wp\/v2\/posts\/2371\/revisions"}],"wp:attachment":[{"href":"https:\/\/www.rr.senac.br\/portalsenac\/wp-json\/wp\/v2\/media?parent=2371"}],"wp:term":[{"taxonomy":"category","embeddable":true,"href":"https:\/\/www.rr.senac.br\/portalsenac\/wp-json\/wp\/v2\/categories?post=2371"},{"taxonomy":"post_tag","embeddable":true,"href":"https:\/\/www.rr.senac.br\/portalsenac\/wp-json\/wp\/v2\/tags?post=2371"}],"curies":[{"name":"wp","href":"https:\/\/api.w.org\/{rel}","templated":true}]}}