{"id":2506,"date":"2022-01-19T15:50:54","date_gmt":"2022-01-19T18:50:54","guid":{"rendered":"https:\/\/www.rr.senac.br\/portalsenac\/?p=2506"},"modified":"2023-06-22T16:22:19","modified_gmt":"2023-06-22T19:22:19","slug":"senac-roraima-comemora-23-anos-nesta-quarta-feira","status":"publish","type":"post","link":"https:\/\/www.rr.senac.br\/portalsenac\/senac-roraima-comemora-23-anos-nesta-quarta-feira\/","title":{"rendered":"Senac Roraima comemora 23 anos nesta quarta-feira"},"content":{"rendered":"\n<h5 class=\"wp-block-heading\"><em>S\u00e3o conex\u00f5es que realizam sonhos em Roraima!<\/em><\/h5>\n\n\n\n<div style=\"height:20px\" aria-hidden=\"true\" class=\"wp-block-spacer\"><\/div>\n\n\n\n<figure class=\"wp-block-gallery columns-1 is-cropped wp-block-gallery-1 is-layout-flex wp-block-gallery-is-layout-flex\"><ul class=\"blocks-gallery-grid\"><li class=\"blocks-gallery-item\"><figure><img data-recalc-dims=\"1\" fetchpriority=\"high\" decoding=\"async\" width=\"750\" height=\"750\" src=\"https:\/\/i0.wp.com\/www.rr.senac.br\/portalsenac\/wp-content\/uploads\/2022\/01\/WhatsApp-Image-2022-01-17-at-14.48.46.jpeg?resize=750%2C750&#038;ssl=1\" alt=\"\" data-id=\"2507\" data-full-url=\"https:\/\/www.rr.senac.br\/portalsenac\/wp-content\/uploads\/2022\/01\/WhatsApp-Image-2022-01-17-at-14.48.46.jpeg\" data-link=\"https:\/\/www.rr.senac.br\/portalsenac\/?attachment_id=2507\" class=\"wp-image-2507\" srcset=\"https:\/\/i0.wp.com\/www.rr.senac.br\/portalsenac\/wp-content\/uploads\/2022\/01\/WhatsApp-Image-2022-01-17-at-14.48.46.jpeg?resize=1024%2C1024&amp;ssl=1 1024w, https:\/\/i0.wp.com\/www.rr.senac.br\/portalsenac\/wp-content\/uploads\/2022\/01\/WhatsApp-Image-2022-01-17-at-14.48.46.jpeg?resize=300%2C300&amp;ssl=1 300w, https:\/\/i0.wp.com\/www.rr.senac.br\/portalsenac\/wp-content\/uploads\/2022\/01\/WhatsApp-Image-2022-01-17-at-14.48.46.jpeg?resize=150%2C150&amp;ssl=1 150w, https:\/\/i0.wp.com\/www.rr.senac.br\/portalsenac\/wp-content\/uploads\/2022\/01\/WhatsApp-Image-2022-01-17-at-14.48.46.jpeg?resize=768%2C768&amp;ssl=1 768w, https:\/\/i0.wp.com\/www.rr.senac.br\/portalsenac\/wp-content\/uploads\/2022\/01\/WhatsApp-Image-2022-01-17-at-14.48.46.jpeg?w=1280&amp;ssl=1 1280w\" sizes=\"(max-width: 750px) 100vw, 750px\" \/><figcaption class=\"blocks-gallery-item__caption\"><em>Sonhos que importam! Senac RR 23 anos<\/em><\/figcaption><\/figure><\/li><\/ul><\/figure>\n\n\n\n<p>O Servi\u00e7o Nacional de Aprendizagem Comercial (Senac) em Roraima completa 23 anos nesta quarta-feira (19), com a felicidade de ter contribu\u00eddo com a vida de milhares de alunos, levando educa\u00e7\u00e3o profissional de qualidade para a popula\u00e7\u00e3o roraimense.<\/p>\n\n\n\n<div style=\"height:20px\" aria-hidden=\"true\" class=\"wp-block-spacer\"><\/div>\n\n\n\n<figure class=\"wp-block-image size-large\"><img data-recalc-dims=\"1\" decoding=\"async\" width=\"750\" height=\"450\" src=\"https:\/\/i0.wp.com\/www.rr.senac.br\/portalsenac\/wp-content\/uploads\/2022\/01\/1o-Sede-do-Senac-RR-em-1999-Na-Av-Brigadeiro-Eduardo-Gomes-1.jpeg?resize=750%2C450&#038;ssl=1\" alt=\"\" class=\"wp-image-2508\" srcset=\"https:\/\/i0.wp.com\/www.rr.senac.br\/portalsenac\/wp-content\/uploads\/2022\/01\/1o-Sede-do-Senac-RR-em-1999-Na-Av-Brigadeiro-Eduardo-Gomes-1.jpeg?resize=1024%2C614&amp;ssl=1 1024w, https:\/\/i0.wp.com\/www.rr.senac.br\/portalsenac\/wp-content\/uploads\/2022\/01\/1o-Sede-do-Senac-RR-em-1999-Na-Av-Brigadeiro-Eduardo-Gomes-1.jpeg?resize=300%2C180&amp;ssl=1 300w, https:\/\/i0.wp.com\/www.rr.senac.br\/portalsenac\/wp-content\/uploads\/2022\/01\/1o-Sede-do-Senac-RR-em-1999-Na-Av-Brigadeiro-Eduardo-Gomes-1.jpeg?resize=768%2C461&amp;ssl=1 768w, https:\/\/i0.wp.com\/www.rr.senac.br\/portalsenac\/wp-content\/uploads\/2022\/01\/1o-Sede-do-Senac-RR-em-1999-Na-Av-Brigadeiro-Eduardo-Gomes-1.jpeg?w=1280&amp;ssl=1 1280w\" sizes=\"(max-width: 750px) 100vw, 750px\" \/><figcaption><em>Primeira sede do Senac em Roraima &#8211; 1999<\/em><\/figcaption><\/figure>\n\n\n\n<p>O empres\u00e1rio Antonio Airton Oliveira Dias trouxe a institui\u00e7\u00e3o com o prop\u00f3sito transformar a sociedade por meio da educa\u00e7\u00e3o, e assim, as aulas no Senac iniciaram em uma unidade localizada na Avenida Brigadeiro Eduardo Gomes, que dispunha de um sal\u00e3o de beleza- escola, cozinha pedag\u00f3gica, um laborat\u00f3rio de gar\u00e7om, sa\u00fade, dois laborat\u00f3rios de inform\u00e1tica e tr\u00eas salas de aula comuns, com capacidade para 525 alunos diariamente.<\/p>\n\n\n\n<div style=\"height:20px\" aria-hidden=\"true\" class=\"wp-block-spacer\"><\/div>\n\n\n\n<figure class=\"wp-block-image size-large\"><img data-recalc-dims=\"1\" decoding=\"async\" width=\"750\" height=\"275\" src=\"https:\/\/i0.wp.com\/www.rr.senac.br\/portalsenac\/wp-content\/uploads\/2021\/12\/fachada_Prancheta-1.png?resize=750%2C275&#038;ssl=1\" alt=\"\" class=\"wp-image-2348\" srcset=\"https:\/\/i0.wp.com\/www.rr.senac.br\/portalsenac\/wp-content\/uploads\/2021\/12\/fachada_Prancheta-1.png?resize=1024%2C376&amp;ssl=1 1024w, https:\/\/i0.wp.com\/www.rr.senac.br\/portalsenac\/wp-content\/uploads\/2021\/12\/fachada_Prancheta-1.png?resize=300%2C110&amp;ssl=1 300w, https:\/\/i0.wp.com\/www.rr.senac.br\/portalsenac\/wp-content\/uploads\/2021\/12\/fachada_Prancheta-1.png?resize=768%2C282&amp;ssl=1 768w, https:\/\/i0.wp.com\/www.rr.senac.br\/portalsenac\/wp-content\/uploads\/2021\/12\/fachada_Prancheta-1.png?resize=1536%2C565&amp;ssl=1 1536w, https:\/\/i0.wp.com\/www.rr.senac.br\/portalsenac\/wp-content\/uploads\/2021\/12\/fachada_Prancheta-1.png?resize=1568%2C576&amp;ssl=1 1568w, https:\/\/i0.wp.com\/www.rr.senac.br\/portalsenac\/wp-content\/uploads\/2021\/12\/fachada_Prancheta-1.png?w=1651&amp;ssl=1 1651w\" sizes=\"(max-width: 750px) 100vw, 750px\" \/><figcaption><em>Centro de Idiomas Paulo do Vale Pereira Filho<\/em><\/figcaption><\/figure>\n\n\n\n<p>Durante esta jornada as unidades e o portf\u00f3lio de cursos do Senac expandiram, e atualmente dispomos de quatro unidades na capital e quatro no interior, em Rorain\u00f3polis, S\u00e3o Jo\u00e3o da Baliza, S\u00e3o Luiz do Anau\u00e1 e Iracema.  Os projetos inclusivos como Programa Senac Gratuidade e Banco de Oportunidades levam educa\u00e7\u00e3o e incentivo profissionalizante de forma gratuita.<\/p>\n\n\n\n<div style=\"height:20px\" aria-hidden=\"true\" class=\"wp-block-spacer\"><\/div>\n\n\n\n<figure class=\"wp-block-image size-full\"><img data-recalc-dims=\"1\" loading=\"lazy\" decoding=\"async\" width=\"750\" height=\"421\" src=\"https:\/\/i0.wp.com\/www.rr.senac.br\/portalsenac\/wp-content\/uploads\/2021\/11\/ernane.jpg?resize=750%2C421&#038;ssl=1\" alt=\"\" class=\"wp-image-999\" srcset=\"https:\/\/i0.wp.com\/www.rr.senac.br\/portalsenac\/wp-content\/uploads\/2021\/11\/ernane.jpg?w=999&amp;ssl=1 999w, https:\/\/i0.wp.com\/www.rr.senac.br\/portalsenac\/wp-content\/uploads\/2021\/11\/ernane.jpg?resize=300%2C168&amp;ssl=1 300w, https:\/\/i0.wp.com\/www.rr.senac.br\/portalsenac\/wp-content\/uploads\/2021\/11\/ernane.jpg?resize=768%2C431&amp;ssl=1 768w\" sizes=\"(max-width: 750px) 100vw, 750px\" \/><figcaption><em>Centro de Educa\u00e7\u00e3o Profissional Ernane Galv\u00eaas<\/em><\/figcaption><\/figure>\n\n\n\n<p>O Senac Empresas leva a capacita\u00e7\u00e3o especializada e personalizada para as empresas locais, atendendo suas necessidades de capacita\u00e7\u00e3o, com a qualidade e dedica\u00e7\u00e3o que o Senac oferece. J\u00e1 o Senac Com\u00e9rcio direciona cursos elaborados por consultores especialistas estrategicamente para as empresas.<\/p>\n\n\n\n<div style=\"height:20px\" aria-hidden=\"true\" class=\"wp-block-spacer\"><\/div>\n\n\n\n<figure class=\"wp-block-image size-large\"><img data-recalc-dims=\"1\" loading=\"lazy\" decoding=\"async\" width=\"750\" height=\"500\" src=\"https:\/\/i0.wp.com\/www.rr.senac.br\/portalsenac\/wp-content\/uploads\/2021\/12\/editadas-33.jpg?resize=750%2C500&#038;ssl=1\" alt=\"\" class=\"wp-image-2338\" srcset=\"https:\/\/i0.wp.com\/www.rr.senac.br\/portalsenac\/wp-content\/uploads\/2021\/12\/editadas-33-scaled.jpg?resize=1024%2C683&amp;ssl=1 1024w, https:\/\/i0.wp.com\/www.rr.senac.br\/portalsenac\/wp-content\/uploads\/2021\/12\/editadas-33-scaled.jpg?resize=300%2C200&amp;ssl=1 300w, https:\/\/i0.wp.com\/www.rr.senac.br\/portalsenac\/wp-content\/uploads\/2021\/12\/editadas-33-scaled.jpg?resize=768%2C512&amp;ssl=1 768w, https:\/\/i0.wp.com\/www.rr.senac.br\/portalsenac\/wp-content\/uploads\/2021\/12\/editadas-33-scaled.jpg?resize=1536%2C1024&amp;ssl=1 1536w, https:\/\/i0.wp.com\/www.rr.senac.br\/portalsenac\/wp-content\/uploads\/2021\/12\/editadas-33-scaled.jpg?resize=2048%2C1365&amp;ssl=1 2048w, https:\/\/i0.wp.com\/www.rr.senac.br\/portalsenac\/wp-content\/uploads\/2021\/12\/editadas-33-scaled.jpg?resize=1568%2C1045&amp;ssl=1 1568w, https:\/\/i0.wp.com\/www.rr.senac.br\/portalsenac\/wp-content\/uploads\/2021\/12\/editadas-33-scaled.jpg?w=2250&amp;ssl=1 2250w\" sizes=\"(max-width: 750px) 100vw, 750px\" \/><figcaption><em>Presidente do Sistema Fecom\u00e9rcio\/Sesc\/Senac\/IFPD RR &#8211; Ademir dos Santos e Diretora Regional Sesc\/Senac &#8211; Lisiane Carnetti<\/em><\/figcaption><\/figure>\n\n\n\n<p>Os Casos de Sucesso motivam nosso time de colaboradores cada vez mais, com lindas hist\u00f3rias que contamos ao longo dos 23 anos da institui\u00e7\u00e3o, hist\u00f3rias de supera\u00e7\u00e3o, e crescimento pessoal e profissional com aux\u00edlio de nosso time de instrutores e colaboradores, que trabalham com carinho e dedica\u00e7\u00e3o para oferecer o melhor servi\u00e7o e qualidade de educa\u00e7\u00e3o.<\/p>\n\n\n\n<figure class=\"wp-block-image size-large\"><img data-recalc-dims=\"1\" loading=\"lazy\" decoding=\"async\" width=\"750\" height=\"500\" src=\"https:\/\/i0.wp.com\/www.rr.senac.br\/portalsenac\/wp-content\/uploads\/2022\/01\/MG_0285.jpg?resize=750%2C500&#038;ssl=1\" alt=\"\" class=\"wp-image-2509\" srcset=\"https:\/\/i0.wp.com\/www.rr.senac.br\/portalsenac\/wp-content\/uploads\/2022\/01\/MG_0285-scaled.jpg?resize=1024%2C683&amp;ssl=1 1024w, https:\/\/i0.wp.com\/www.rr.senac.br\/portalsenac\/wp-content\/uploads\/2022\/01\/MG_0285-scaled.jpg?resize=300%2C200&amp;ssl=1 300w, https:\/\/i0.wp.com\/www.rr.senac.br\/portalsenac\/wp-content\/uploads\/2022\/01\/MG_0285-scaled.jpg?resize=768%2C512&amp;ssl=1 768w, https:\/\/i0.wp.com\/www.rr.senac.br\/portalsenac\/wp-content\/uploads\/2022\/01\/MG_0285-scaled.jpg?resize=1536%2C1024&amp;ssl=1 1536w, https:\/\/i0.wp.com\/www.rr.senac.br\/portalsenac\/wp-content\/uploads\/2022\/01\/MG_0285-scaled.jpg?resize=2048%2C1365&amp;ssl=1 2048w, https:\/\/i0.wp.com\/www.rr.senac.br\/portalsenac\/wp-content\/uploads\/2022\/01\/MG_0285-scaled.jpg?resize=1568%2C1045&amp;ssl=1 1568w, https:\/\/i0.wp.com\/www.rr.senac.br\/portalsenac\/wp-content\/uploads\/2022\/01\/MG_0285-scaled.jpg?w=2250&amp;ssl=1 2250w\" sizes=\"(max-width: 750px) 100vw, 750px\" \/><figcaption><em>Nona edi\u00e7\u00e3o do Campeonato de Bartender Senac RR &#8211; 2021<\/em><\/figcaption><\/figure>\n\n\n\n<div style=\"height:20px\" aria-hidden=\"true\" class=\"wp-block-spacer\"><\/div>\n\n\n\n<p>Para os pr\u00f3ximos anos desejamos qualifica\u00e7\u00e3o de qualidade e acess\u00edvel para toda a popula\u00e7\u00e3o, continuar contribuindo com os sonhos dos alunos, e a melhoria da qualidade de vida atrav\u00e9s da educa\u00e7\u00e3o.<\/p>\n\n\n\n<div style=\"height:20px\" aria-hidden=\"true\" class=\"wp-block-spacer\"><\/div>\n\n\n\n<figure class=\"wp-block-image size-large\"><img data-recalc-dims=\"1\" loading=\"lazy\" decoding=\"async\" width=\"750\" height=\"500\" src=\"https:\/\/i0.wp.com\/www.rr.senac.br\/portalsenac\/wp-content\/uploads\/2022\/01\/08.jpg?resize=750%2C500&#038;ssl=1\" alt=\"\" class=\"wp-image-2510\" srcset=\"https:\/\/i0.wp.com\/www.rr.senac.br\/portalsenac\/wp-content\/uploads\/2022\/01\/08-scaled.jpg?resize=1024%2C683&amp;ssl=1 1024w, https:\/\/i0.wp.com\/www.rr.senac.br\/portalsenac\/wp-content\/uploads\/2022\/01\/08-scaled.jpg?resize=300%2C200&amp;ssl=1 300w, https:\/\/i0.wp.com\/www.rr.senac.br\/portalsenac\/wp-content\/uploads\/2022\/01\/08-scaled.jpg?resize=768%2C512&amp;ssl=1 768w, https:\/\/i0.wp.com\/www.rr.senac.br\/portalsenac\/wp-content\/uploads\/2022\/01\/08-scaled.jpg?resize=1536%2C1024&amp;ssl=1 1536w, https:\/\/i0.wp.com\/www.rr.senac.br\/portalsenac\/wp-content\/uploads\/2022\/01\/08-scaled.jpg?resize=2048%2C1365&amp;ssl=1 2048w, https:\/\/i0.wp.com\/www.rr.senac.br\/portalsenac\/wp-content\/uploads\/2022\/01\/08-scaled.jpg?resize=1568%2C1045&amp;ssl=1 1568w, https:\/\/i0.wp.com\/www.rr.senac.br\/portalsenac\/wp-content\/uploads\/2022\/01\/08-scaled.jpg?w=2250&amp;ssl=1 2250w\" sizes=\"(max-width: 750px) 100vw, 750px\" \/><figcaption><em>WebGincana 2021 <\/em><\/figcaption><\/figure>\n\n\n\n<p><em>#SonhosQueImportam #SenacRR23Anos<\/em><\/p>\n\n\n\n<div style=\"height:20px\" aria-hidden=\"true\" class=\"wp-block-spacer\"><\/div>\n\n\n\n<p>Giovanna Lima<\/p>\n\n\n\n<p>Comunica\u00e7\u00e3o Senac RR<\/p>\n","protected":false},"excerpt":{"rendered":"<p>S\u00e3o conex\u00f5es que realizam sonhos em Roraima! O Servi\u00e7o Nacional de Aprendizagem Comercial (Senac) em Roraima completa 23 anos nesta quarta-feira (19), com a felicidade de ter contribu\u00eddo com a vida de milhares de alunos, levando educa\u00e7\u00e3o profissional de qualidade para a popula\u00e7\u00e3o roraimense. O&hellip; <a class=\"more-link\" href=\"https:\/\/www.rr.senac.br\/portalsenac\/senac-roraima-comemora-23-anos-nesta-quarta-feira\/\">Continuar lendo <span class=\"screen-reader-text\">Senac Roraima comemora 23 anos nesta quarta-feira<\/span><\/a><\/p>\n","protected":false},"author":2,"featured_media":2507,"comment_status":"closed","ping_status":"open","sticky":false,"template":"","format":"standard","meta":{"_jetpack_memberships_contains_paid_content":false,"_joinchat":[],"footnotes":""},"categories":[12],"tags":[],"class_list":["post-2506","post","type-post","status-publish","format-standard","has-post-thumbnail","hentry","category-ultimas-noticias","entry"],"jetpack_featured_media_url":"https:\/\/i0.wp.com\/www.rr.senac.br\/portalsenac\/wp-content\/uploads\/2022\/01\/WhatsApp-Image-2022-01-17-at-14.48.46.jpeg?fit=1280%2C1280&ssl=1","jetpack_sharing_enabled":true,"_links":{"self":[{"href":"https:\/\/www.rr.senac.br\/portalsenac\/wp-json\/wp\/v2\/posts\/2506","targetHints":{"allow":["GET"]}}],"collection":[{"href":"https:\/\/www.rr.senac.br\/portalsenac\/wp-json\/wp\/v2\/posts"}],"about":[{"href":"https:\/\/www.rr.senac.br\/portalsenac\/wp-json\/wp\/v2\/types\/post"}],"author":[{"embeddable":true,"href":"https:\/\/www.rr.senac.br\/portalsenac\/wp-json\/wp\/v2\/users\/2"}],"replies":[{"embeddable":true,"href":"https:\/\/www.rr.senac.br\/portalsenac\/wp-json\/wp\/v2\/comments?post=2506"}],"version-history":[{"count":0,"href":"https:\/\/www.rr.senac.br\/portalsenac\/wp-json\/wp\/v2\/posts\/2506\/revisions"}],"wp:featuredmedia":[{"embeddable":true,"href":"https:\/\/www.rr.senac.br\/portalsenac\/wp-json\/wp\/v2\/media\/2507"}],"wp:attachment":[{"href":"https:\/\/www.rr.senac.br\/portalsenac\/wp-json\/wp\/v2\/media?parent=2506"}],"wp:term":[{"taxonomy":"category","embeddable":true,"href":"https:\/\/www.rr.senac.br\/portalsenac\/wp-json\/wp\/v2\/categories?post=2506"},{"taxonomy":"post_tag","embeddable":true,"href":"https:\/\/www.rr.senac.br\/portalsenac\/wp-json\/wp\/v2\/tags?post=2506"}],"curies":[{"name":"wp","href":"https:\/\/api.w.org\/{rel}","templated":true}]}}