{"id":2518,"date":"2022-01-28T17:49:33","date_gmt":"2022-01-28T20:49:33","guid":{"rendered":"https:\/\/www.rr.senac.br\/portalsenac\/?p=2518"},"modified":"2023-06-22T16:22:19","modified_gmt":"2023-06-22T19:22:19","slug":"senac-em-parceria-com-oit-entregam-certificados-de-aperfeicoamento-a-turma-lgbtqia","status":"publish","type":"post","link":"https:\/\/www.rr.senac.br\/portalsenac\/senac-em-parceria-com-oit-entregam-certificados-de-aperfeicoamento-a-turma-lgbtqia\/","title":{"rendered":"Senac em parceria com OIT entregam certificados de aperfei\u00e7oamento a turma LGBTQIA+"},"content":{"rendered":"\n<h5 class=\"wp-block-heading\" id=\"evento-ocorreu-durante-a-semana-de-visibilidade-trans\"><em>Evento ocorreu durante a semana de visibilidade trans<\/em><\/h5>\n\n\n\n<div style=\"height:30px\" aria-hidden=\"true\" class=\"wp-block-spacer\"><\/div>\n\n\n\n<figure class=\"wp-block-image size-large\"><img data-recalc-dims=\"1\" fetchpriority=\"high\" decoding=\"async\" width=\"750\" height=\"500\" src=\"https:\/\/i0.wp.com\/www.rr.senac.br\/portalsenac\/wp-content\/uploads\/2022\/01\/editadas-29.jpg?resize=750%2C500&#038;ssl=1\" alt=\"\" class=\"wp-image-2520\" srcset=\"https:\/\/i0.wp.com\/www.rr.senac.br\/portalsenac\/wp-content\/uploads\/2022\/01\/editadas-29-scaled.jpg?resize=1024%2C683&amp;ssl=1 1024w, https:\/\/i0.wp.com\/www.rr.senac.br\/portalsenac\/wp-content\/uploads\/2022\/01\/editadas-29-scaled.jpg?resize=300%2C200&amp;ssl=1 300w, https:\/\/i0.wp.com\/www.rr.senac.br\/portalsenac\/wp-content\/uploads\/2022\/01\/editadas-29-scaled.jpg?resize=768%2C512&amp;ssl=1 768w, https:\/\/i0.wp.com\/www.rr.senac.br\/portalsenac\/wp-content\/uploads\/2022\/01\/editadas-29-scaled.jpg?resize=1536%2C1024&amp;ssl=1 1536w, https:\/\/i0.wp.com\/www.rr.senac.br\/portalsenac\/wp-content\/uploads\/2022\/01\/editadas-29-scaled.jpg?resize=2048%2C1365&amp;ssl=1 2048w, https:\/\/i0.wp.com\/www.rr.senac.br\/portalsenac\/wp-content\/uploads\/2022\/01\/editadas-29-scaled.jpg?resize=1568%2C1045&amp;ssl=1 1568w, https:\/\/i0.wp.com\/www.rr.senac.br\/portalsenac\/wp-content\/uploads\/2022\/01\/editadas-29-scaled.jpg?w=2250&amp;ssl=1 2250w\" sizes=\"(max-width: 750px) 100vw, 750px\" \/><figcaption><em>Entrega de certificados no Senac Roraima<\/em><\/figcaption><\/figure>\n\n\n\n<p>Na \u00faltima quinta-feira (27), o Senac Roraima em parceria com a Organiza\u00e7\u00e3o Internacional do Trabalho (OIT), e a Associa\u00e7\u00e3o de Travestis e Transexuais de Roraima (Aterr) realizaram a entrega de certificados de cursos profissionalizantes de um programa de qualifica\u00e7\u00e3o profissional para pessoas LGBTQIA+.<\/p>\n\n\n\n<div style=\"height:20px\" aria-hidden=\"true\" class=\"wp-block-spacer\"><\/div>\n\n\n\n<p>O projeto tem como objetivo capacitar alunos e incentivar a inser\u00e7\u00e3o no mercado de trabalho, abertura do pr\u00f3prio neg\u00f3cio e acesso ao Banco de Oportunidades. Isso foi poss\u00edvel gra\u00e7as ao acordo de coopera\u00e7\u00e3o realizado pelas institui\u00e7\u00f5es envolvidas no projeto. A cerim\u00f4nia ocorreu de forma presencial com a conclus\u00e3o dos cursos \u2018Portugu\u00eas para estrangeiros, b\u00e1sico de escova de cabelo, e hidrata\u00e7\u00e3o dos cabelos: cronograma capilar\u2019, e contou com a participa\u00e7\u00e3o dos coordenadores do N\u00facleo LGBTQIA+ da Ordem dos Advogados do Brasil em Roraima (OAB-RR).<\/p>\n\n\n\n<div style=\"height:20px\" aria-hidden=\"true\" class=\"wp-block-spacer\"><\/div>\n\n\n\n<figure class=\"wp-block-image size-large\"><img data-recalc-dims=\"1\" decoding=\"async\" width=\"750\" height=\"500\" src=\"https:\/\/i0.wp.com\/www.rr.senac.br\/portalsenac\/wp-content\/uploads\/2022\/01\/editadas-10.jpg?resize=750%2C500&#038;ssl=1\" alt=\"\" class=\"wp-image-2521\" srcset=\"https:\/\/i0.wp.com\/www.rr.senac.br\/portalsenac\/wp-content\/uploads\/2022\/01\/editadas-10-scaled.jpg?resize=1024%2C683&amp;ssl=1 1024w, https:\/\/i0.wp.com\/www.rr.senac.br\/portalsenac\/wp-content\/uploads\/2022\/01\/editadas-10-scaled.jpg?resize=300%2C200&amp;ssl=1 300w, https:\/\/i0.wp.com\/www.rr.senac.br\/portalsenac\/wp-content\/uploads\/2022\/01\/editadas-10-scaled.jpg?resize=768%2C512&amp;ssl=1 768w, https:\/\/i0.wp.com\/www.rr.senac.br\/portalsenac\/wp-content\/uploads\/2022\/01\/editadas-10-scaled.jpg?resize=1536%2C1024&amp;ssl=1 1536w, https:\/\/i0.wp.com\/www.rr.senac.br\/portalsenac\/wp-content\/uploads\/2022\/01\/editadas-10-scaled.jpg?resize=2048%2C1365&amp;ssl=1 2048w, https:\/\/i0.wp.com\/www.rr.senac.br\/portalsenac\/wp-content\/uploads\/2022\/01\/editadas-10-scaled.jpg?resize=1568%2C1045&amp;ssl=1 1568w, https:\/\/i0.wp.com\/www.rr.senac.br\/portalsenac\/wp-content\/uploads\/2022\/01\/editadas-10-scaled.jpg?w=2250&amp;ssl=1 2250w\" sizes=\"(max-width: 750px) 100vw, 750px\" \/><figcaption><em><a href=\"Foto: Senac RR\"><em>Foto: Senac RR<\/em><\/a><\/em><\/figcaption><\/figure>\n\n\n\n<p>Durante a fala da representante da Aterr, Rebecka Marinho destacou a import\u00e2ncia da profissionaliza\u00e7\u00e3o. \u201cTemos a oportunidade de nos profissionalizar e capacitar, vamos aproveitar as oportunidades, trabalhar e conquistar nossos direitos e deveres\u201d. Enquanto \u00e0 participa\u00e7\u00e3o da Aterr no projeto ela explica que \u00e9 um sentimento de empoderamento. &nbsp;\u201cEmpoderamento pol\u00edtico, e empoderamento enquanto pessoa, cidad\u00e3, uma cidad\u00e3 que est\u00e1 sendo exclu\u00edda da sociedade por conta de preconceitos e discrimina\u00e7\u00e3o. A partir dessas a\u00e7\u00f5es que fazemos mostramos \u00e0 popula\u00e7\u00e3o que estamos aptas a exercer nossa cidadania, e buscar junto aos nossos parceiros reconhecimento enquanto pessoas LBGTQIA+\u201d, explicou Rebecka.<\/p>\n\n\n\n<div style=\"height:20px\" aria-hidden=\"true\" class=\"wp-block-spacer\"><\/div>\n\n\n\n<figure class=\"wp-block-image size-large\"><img data-recalc-dims=\"1\" decoding=\"async\" width=\"750\" height=\"500\" src=\"https:\/\/i0.wp.com\/www.rr.senac.br\/portalsenac\/wp-content\/uploads\/2022\/01\/editadas-12.jpg?resize=750%2C500&#038;ssl=1\" alt=\"\" class=\"wp-image-2522\" srcset=\"https:\/\/i0.wp.com\/www.rr.senac.br\/portalsenac\/wp-content\/uploads\/2022\/01\/editadas-12-scaled.jpg?resize=1024%2C683&amp;ssl=1 1024w, https:\/\/i0.wp.com\/www.rr.senac.br\/portalsenac\/wp-content\/uploads\/2022\/01\/editadas-12-scaled.jpg?resize=300%2C200&amp;ssl=1 300w, https:\/\/i0.wp.com\/www.rr.senac.br\/portalsenac\/wp-content\/uploads\/2022\/01\/editadas-12-scaled.jpg?resize=768%2C512&amp;ssl=1 768w, https:\/\/i0.wp.com\/www.rr.senac.br\/portalsenac\/wp-content\/uploads\/2022\/01\/editadas-12-scaled.jpg?resize=1536%2C1024&amp;ssl=1 1536w, https:\/\/i0.wp.com\/www.rr.senac.br\/portalsenac\/wp-content\/uploads\/2022\/01\/editadas-12-scaled.jpg?resize=2048%2C1365&amp;ssl=1 2048w, https:\/\/i0.wp.com\/www.rr.senac.br\/portalsenac\/wp-content\/uploads\/2022\/01\/editadas-12-scaled.jpg?resize=1568%2C1045&amp;ssl=1 1568w, https:\/\/i0.wp.com\/www.rr.senac.br\/portalsenac\/wp-content\/uploads\/2022\/01\/editadas-12-scaled.jpg?w=2250&amp;ssl=1 2250w\" sizes=\"(max-width: 750px) 100vw, 750px\" \/><figcaption><em>Foto: Senac RR<\/em><\/figcaption><\/figure>\n\n\n\n<p>Representando a OIT, Diego Calixto destacou a import\u00e2ncia do projeto em Roraima. \u201cRoraima \u00e9 um local estrat\u00e9gico para desenvolvermos capacita\u00e7\u00f5es, pelo grande fluxo migrat\u00f3rio e a quantidade de pessoas que conseguimos atender. Essa cerim\u00f4nia foi programada para esta semana estrategicamente em alus\u00e3o ao Dia Nacional da Visibilidade Trans (29\/01), somos gratos pelo compromisso que os alunos tiveram ao longo do curso\u201d.<\/p>\n\n\n\n<div style=\"height:20px\" aria-hidden=\"true\" class=\"wp-block-spacer\"><\/div>\n\n\n\n<figure class=\"wp-block-image size-large\"><img data-recalc-dims=\"1\" loading=\"lazy\" decoding=\"async\" width=\"750\" height=\"500\" src=\"https:\/\/i0.wp.com\/www.rr.senac.br\/portalsenac\/wp-content\/uploads\/2022\/01\/editadas-15.jpg?resize=750%2C500&#038;ssl=1\" alt=\"\" class=\"wp-image-2523\" srcset=\"https:\/\/i0.wp.com\/www.rr.senac.br\/portalsenac\/wp-content\/uploads\/2022\/01\/editadas-15-scaled.jpg?resize=1024%2C683&amp;ssl=1 1024w, https:\/\/i0.wp.com\/www.rr.senac.br\/portalsenac\/wp-content\/uploads\/2022\/01\/editadas-15-scaled.jpg?resize=300%2C200&amp;ssl=1 300w, https:\/\/i0.wp.com\/www.rr.senac.br\/portalsenac\/wp-content\/uploads\/2022\/01\/editadas-15-scaled.jpg?resize=768%2C512&amp;ssl=1 768w, https:\/\/i0.wp.com\/www.rr.senac.br\/portalsenac\/wp-content\/uploads\/2022\/01\/editadas-15-scaled.jpg?resize=1536%2C1024&amp;ssl=1 1536w, https:\/\/i0.wp.com\/www.rr.senac.br\/portalsenac\/wp-content\/uploads\/2022\/01\/editadas-15-scaled.jpg?resize=2048%2C1366&amp;ssl=1 2048w, https:\/\/i0.wp.com\/www.rr.senac.br\/portalsenac\/wp-content\/uploads\/2022\/01\/editadas-15-scaled.jpg?resize=1568%2C1045&amp;ssl=1 1568w, https:\/\/i0.wp.com\/www.rr.senac.br\/portalsenac\/wp-content\/uploads\/2022\/01\/editadas-15-scaled.jpg?w=2250&amp;ssl=1 2250w\" sizes=\"(max-width: 750px) 100vw, 750px\" \/><\/figure>\n\n\n\n<p>A gerente de educa\u00e7\u00e3o profissional do Senac Roraima, Annabelle Pereira agradeceu em nome da institui\u00e7\u00e3o. \u201cFicamos muito felizes em levar essa capacita\u00e7\u00e3o profissional, pois a educa\u00e7\u00e3o abre portas, e quanto mais voc\u00ea se qualifica, as oportunidades aparecem, ent\u00e3o aproveitem, sigam se aperfei\u00e7oando, pois, a pr\u00e1tica leva a perfei\u00e7\u00e3o. O Senac est\u00e1 de portas abertas\u201d, finalizou a gerente.<\/p>\n\n\n\n<figure class=\"wp-block-image size-large\"><img data-recalc-dims=\"1\" loading=\"lazy\" decoding=\"async\" width=\"750\" height=\"500\" src=\"https:\/\/i0.wp.com\/www.rr.senac.br\/portalsenac\/wp-content\/uploads\/2022\/01\/editadas-16.jpg?resize=750%2C500&#038;ssl=1\" alt=\"\" class=\"wp-image-2524\" srcset=\"https:\/\/i0.wp.com\/www.rr.senac.br\/portalsenac\/wp-content\/uploads\/2022\/01\/editadas-16-scaled.jpg?resize=1024%2C683&amp;ssl=1 1024w, https:\/\/i0.wp.com\/www.rr.senac.br\/portalsenac\/wp-content\/uploads\/2022\/01\/editadas-16-scaled.jpg?resize=300%2C200&amp;ssl=1 300w, https:\/\/i0.wp.com\/www.rr.senac.br\/portalsenac\/wp-content\/uploads\/2022\/01\/editadas-16-scaled.jpg?resize=768%2C512&amp;ssl=1 768w, https:\/\/i0.wp.com\/www.rr.senac.br\/portalsenac\/wp-content\/uploads\/2022\/01\/editadas-16-scaled.jpg?resize=1536%2C1024&amp;ssl=1 1536w, https:\/\/i0.wp.com\/www.rr.senac.br\/portalsenac\/wp-content\/uploads\/2022\/01\/editadas-16-scaled.jpg?resize=2048%2C1365&amp;ssl=1 2048w, https:\/\/i0.wp.com\/www.rr.senac.br\/portalsenac\/wp-content\/uploads\/2022\/01\/editadas-16-scaled.jpg?resize=1568%2C1045&amp;ssl=1 1568w, https:\/\/i0.wp.com\/www.rr.senac.br\/portalsenac\/wp-content\/uploads\/2022\/01\/editadas-16-scaled.jpg?w=2250&amp;ssl=1 2250w\" sizes=\"(max-width: 750px) 100vw, 750px\" \/><figcaption><em>Foto: Senac RR<\/em><\/figcaption><\/figure>\n\n\n\n<div style=\"height:20px\" aria-hidden=\"true\" class=\"wp-block-spacer\"><\/div>\n\n\n\n<p><strong>Giovanna Lima<\/strong><\/p>\n\n\n\n<p><strong>Comunica\u00e7\u00e3o Senac Roraima<\/strong><\/p>\n","protected":false},"excerpt":{"rendered":"<p>Evento ocorreu durante a semana de visibilidade trans Na \u00faltima quinta-feira (27), o Senac Roraima em parceria com a Organiza\u00e7\u00e3o Internacional do Trabalho (OIT), e a Associa\u00e7\u00e3o de Travestis e Transexuais de Roraima (Aterr) realizaram a entrega de certificados de cursos profissionalizantes de um programa&hellip; <a class=\"more-link\" href=\"https:\/\/www.rr.senac.br\/portalsenac\/senac-em-parceria-com-oit-entregam-certificados-de-aperfeicoamento-a-turma-lgbtqia\/\">Continuar lendo <span class=\"screen-reader-text\">Senac em parceria com OIT entregam certificados de aperfei\u00e7oamento a turma LGBTQIA+<\/span><\/a><\/p>\n","protected":false},"author":2,"featured_media":2520,"comment_status":"closed","ping_status":"open","sticky":false,"template":"","format":"standard","meta":{"_jetpack_memberships_contains_paid_content":false,"_joinchat":[],"footnotes":""},"categories":[12],"tags":[],"class_list":["post-2518","post","type-post","status-publish","format-standard","has-post-thumbnail","hentry","category-ultimas-noticias","entry"],"jetpack_featured_media_url":"https:\/\/i0.wp.com\/www.rr.senac.br\/portalsenac\/wp-content\/uploads\/2022\/01\/editadas-29-scaled.jpg?fit=2560%2C1707&ssl=1","jetpack_sharing_enabled":true,"_links":{"self":[{"href":"https:\/\/www.rr.senac.br\/portalsenac\/wp-json\/wp\/v2\/posts\/2518","targetHints":{"allow":["GET"]}}],"collection":[{"href":"https:\/\/www.rr.senac.br\/portalsenac\/wp-json\/wp\/v2\/posts"}],"about":[{"href":"https:\/\/www.rr.senac.br\/portalsenac\/wp-json\/wp\/v2\/types\/post"}],"author":[{"embeddable":true,"href":"https:\/\/www.rr.senac.br\/portalsenac\/wp-json\/wp\/v2\/users\/2"}],"replies":[{"embeddable":true,"href":"https:\/\/www.rr.senac.br\/portalsenac\/wp-json\/wp\/v2\/comments?post=2518"}],"version-history":[{"count":0,"href":"https:\/\/www.rr.senac.br\/portalsenac\/wp-json\/wp\/v2\/posts\/2518\/revisions"}],"wp:featuredmedia":[{"embeddable":true,"href":"https:\/\/www.rr.senac.br\/portalsenac\/wp-json\/wp\/v2\/media\/2520"}],"wp:attachment":[{"href":"https:\/\/www.rr.senac.br\/portalsenac\/wp-json\/wp\/v2\/media?parent=2518"}],"wp:term":[{"taxonomy":"category","embeddable":true,"href":"https:\/\/www.rr.senac.br\/portalsenac\/wp-json\/wp\/v2\/categories?post=2518"},{"taxonomy":"post_tag","embeddable":true,"href":"https:\/\/www.rr.senac.br\/portalsenac\/wp-json\/wp\/v2\/tags?post=2518"}],"curies":[{"name":"wp","href":"https:\/\/api.w.org\/{rel}","templated":true}]}}