{"id":2527,"date":"2022-01-31T16:13:50","date_gmt":"2022-01-31T19:13:50","guid":{"rendered":"https:\/\/www.rr.senac.br\/portalsenac\/?p=2527"},"modified":"2023-06-22T16:22:19","modified_gmt":"2023-06-22T19:22:19","slug":"senac-roraima-abre-24-processos-seletivos-para-quatro-municipios","status":"publish","type":"post","link":"https:\/\/www.rr.senac.br\/portalsenac\/senac-roraima-abre-24-processos-seletivos-para-quatro-municipios\/","title":{"rendered":"Senac Roraima abre 24 processos seletivos para quatro munic\u00edpios"},"content":{"rendered":"\n<h5 class=\"wp-block-heading\" id=\"inscricoes-totalmente-online\"><em>Inscri\u00e7\u00f5es totalmente online<\/em><\/h5>\n\n\n\n<div style=\"height:20px\" aria-hidden=\"true\" class=\"wp-block-spacer\"><\/div>\n\n\n\n<figure class=\"wp-block-image size-full\"><img data-recalc-dims=\"1\" decoding=\"async\" src=\"https:\/\/i0.wp.com\/www.rr.senac.br\/portalsenac\/wp-content\/uploads\/2021\/11\/bernardo.png?w=750&#038;ssl=1\" alt=\"\" class=\"wp-image-1032\"\/><figcaption><em>Foto: Senac Roraima<\/em><\/figcaption><\/figure>\n\n\n\n<div style=\"height:20px\" aria-hidden=\"true\" class=\"wp-block-spacer\"><\/div>\n\n\n\n<p>O ano de 2022 chegou com diversas oportunidades no Senac Roraima: s\u00e3o 24 processos seletivos abertos destinados a quatro munic\u00edpios, para cargos de n\u00edvel fundamental \u00e0 superior. Inscri\u00e7\u00f5es est\u00e3o abertas exclusivamente pelo site oficial do Senac: rr.senac.br<\/p>\n\n\n\n<div style=\"height:20px\" aria-hidden=\"true\" class=\"wp-block-spacer\"><\/div>\n\n\n\n<p>Boa Vista, S\u00e3o Jo\u00e3o da Baliza, Rorain\u00f3polis e Iracema s\u00e3o os munic\u00edpios contemplados pelo processo. A capital destina 11 cargos aos boa-vistenses. S\u00e3o Jo\u00e3o da Baliza com sete cargos, Rorain\u00f3polis quatro e Iracema com dois cargos dispon\u00edveis. Cada vaga possui pr\u00e9-requisitos espec\u00edficos, que est\u00e3o dispon\u00edveis no edital juntamente com o cronograma de etapas.<\/p>\n\n\n\n<div style=\"height:20px\" aria-hidden=\"true\" class=\"wp-block-spacer\"><\/div>\n\n\n\n<p>Dentre os cargos dispon\u00edveis est\u00e3o: auxiliar de servi\u00e7os gerais, assistente administrativo, analista de educa\u00e7\u00e3o e para instrutor de diversas \u00e1reas, tais como beleza, inform\u00e1tica e sa\u00fade. <a href=\"https:\/\/seletivos.rr.senac.br\/abertos\" data-type=\"URL\" data-id=\"https:\/\/seletivos.rr.senac.br\/abertos\">As inscri\u00e7\u00f5es est\u00e3o abertas<\/a> at\u00e9 o dia 02\/02\/2022 com exce\u00e7\u00e3o do cargo para fisioterapia, com inscri\u00e7\u00f5es dispon\u00edveis at\u00e9 o dia 01\/02\/2022.<\/p>\n\n\n\n<div style=\"height:20px\" aria-hidden=\"true\" class=\"wp-block-spacer\"><\/div>\n\n\n\n<p>A novidade deste processo seletivo \u00e9 a plataforma de inscri\u00e7\u00e3o, onde os candidatos preenchem os dados. Todos os interessados devem cadastrar um novo curr\u00edculo com as informa\u00e7\u00f5es solicitadas para o processo, com objetivo de atender as diretrizes da Lei Geral de Prote\u00e7\u00e3o de Dados (LGPD).<\/p>\n\n\n\n<div style=\"height:20px\" aria-hidden=\"true\" class=\"wp-block-spacer\"><\/div>\n\n\n\n<p>Para mais informa\u00e7\u00f5es os candidatos podem entrar em contato com o setor respons\u00e1vel atrav\u00e9s do n\u00famero 3212-2824 ou email: seletivos@rr.senac.br, e tamb\u00e9m atrav\u00e9s das redes sociais oficiais @senacrr<\/p>\n\n\n\n<div style=\"height:20px\" aria-hidden=\"true\" class=\"wp-block-spacer\"><\/div>\n\n\n\n<p>Confira a listagem de cargos dispon\u00edveis:<\/p>\n\n\n\n<div style=\"height:10px\" aria-hidden=\"true\" class=\"wp-block-spacer\"><\/div>\n\n\n\n<p><strong>Boa Vista<\/strong><\/p>\n\n\n\n<p>Auxiliar de Servi\u00e7os Gerais<\/p>\n\n\n\n<p>Assistente Administrativo de Almoxarifado<\/p>\n\n\n\n<p>Assistente Administrativo de Contratos<\/p>\n\n\n\n<p>Assistente Administrativo de Cota\u00e7\u00f5es<\/p>\n\n\n\n<p>Assistente Administrativo de Licita\u00e7\u00f5es<\/p>\n\n\n\n<p>Instrutor II \u2013 Beleza \u2013 Manicure e Pedicure<\/p>\n\n\n\n<p>Instrutor I \u2013 Sa\u00fade \u2013 Cirurgi\u00e3o Dentista<\/p>\n\n\n\n<p>Instrutor I \u2013 Sa\u00fade \u2013 Farmac\u00eautico\/Bioqu\u00edmico<\/p>\n\n\n\n<p>Instrutor I \u2013 Sa\u00fade \u2013 Enfermagem<\/p>\n\n\n\n<p>Instrutor I \u2013 Gastronomia<\/p>\n\n\n\n<p>Instrutor I Sa\u00fade \u2013 Fisioterapia<\/p>\n\n\n\n<div style=\"height:18px\" aria-hidden=\"true\" class=\"wp-block-spacer\"><\/div>\n\n\n\n<p><strong>S\u00e3o Jo\u00e3o da Baliza<\/strong><\/p>\n\n\n\n<p>Agente de Portaria<\/p>\n\n\n\n<p>Auxiliar de Servi\u00e7os Gerais<\/p>\n\n\n\n<p>Auxiliar de Administra\u00e7\u00e3o<\/p>\n\n\n\n<p>Analista de Educa\u00e7\u00e3o<\/p>\n\n\n\n<p>Instrutor I \u2013 Gest\u00e3o \u2013 Empreendedorismo<\/p>\n\n\n\n<p>Instrutor I- Inform\u00e1tica<\/p>\n\n\n\n<p>Instrutor II &#8211; Beleza &#8211; Manicure e Pedicure<\/p>\n\n\n\n<div style=\"height:18px\" aria-hidden=\"true\" class=\"wp-block-spacer\"><\/div>\n\n\n\n<p><strong>Rorain\u00f3polis<\/strong><\/p>\n\n\n\n<p>Auxiliar de Servi\u00e7os Gerais<\/p>\n\n\n\n<p>Analista de Educa\u00e7\u00e3o<\/p>\n\n\n\n<p>Auxiliar de Administra\u00e7\u00e3o<\/p>\n\n\n\n<p>Instrutor II &#8211; Beleza \u2013 Manicure e Pedicure<\/p>\n\n\n\n<div style=\"height:18px\" aria-hidden=\"true\" class=\"wp-block-spacer\"><\/div>\n\n\n\n<p><code><img decoding=\"async\" src=\"\" style=\"\"><\/code><strong>Iracema<\/strong><\/p>\n\n\n\n<p>Instrutor I &#8211; inform\u00e1tica<\/p>\n\n\n\n<p>Instrutor II &#8211; Beleza \u2013 Micropigmenta\u00e7\u00e3o e Design de Sobrancelhas<\/p>\n\n\n\n<div style=\"height:10px\" aria-hidden=\"true\" class=\"wp-block-spacer\"><\/div>\n\n\n\n<p>Giovanna Lima<\/p>\n\n\n\n<p>Comunica\u00e7\u00e3o Senac RR<\/p>\n","protected":false},"excerpt":{"rendered":"<p>Inscri\u00e7\u00f5es totalmente online O ano de 2022 chegou com diversas oportunidades no Senac Roraima: s\u00e3o 24 processos seletivos abertos destinados a quatro munic\u00edpios, para cargos de n\u00edvel fundamental \u00e0 superior. Inscri\u00e7\u00f5es est\u00e3o abertas exclusivamente pelo site oficial do Senac: rr.senac.br Boa Vista, S\u00e3o Jo\u00e3o da&hellip; <a class=\"more-link\" href=\"https:\/\/www.rr.senac.br\/portalsenac\/senac-roraima-abre-24-processos-seletivos-para-quatro-municipios\/\">Continuar lendo <span class=\"screen-reader-text\">Senac Roraima abre 24 processos seletivos para quatro munic\u00edpios<\/span><\/a><\/p>\n","protected":false},"author":2,"featured_media":0,"comment_status":"closed","ping_status":"open","sticky":false,"template":"","format":"standard","meta":{"_jetpack_memberships_contains_paid_content":false,"_joinchat":[],"footnotes":""},"categories":[12],"tags":[],"class_list":["post-2527","post","type-post","status-publish","format-standard","hentry","category-ultimas-noticias","entry"],"jetpack_featured_media_url":"","jetpack_sharing_enabled":true,"_links":{"self":[{"href":"https:\/\/www.rr.senac.br\/portalsenac\/wp-json\/wp\/v2\/posts\/2527","targetHints":{"allow":["GET"]}}],"collection":[{"href":"https:\/\/www.rr.senac.br\/portalsenac\/wp-json\/wp\/v2\/posts"}],"about":[{"href":"https:\/\/www.rr.senac.br\/portalsenac\/wp-json\/wp\/v2\/types\/post"}],"author":[{"embeddable":true,"href":"https:\/\/www.rr.senac.br\/portalsenac\/wp-json\/wp\/v2\/users\/2"}],"replies":[{"embeddable":true,"href":"https:\/\/www.rr.senac.br\/portalsenac\/wp-json\/wp\/v2\/comments?post=2527"}],"version-history":[{"count":0,"href":"https:\/\/www.rr.senac.br\/portalsenac\/wp-json\/wp\/v2\/posts\/2527\/revisions"}],"wp:attachment":[{"href":"https:\/\/www.rr.senac.br\/portalsenac\/wp-json\/wp\/v2\/media?parent=2527"}],"wp:term":[{"taxonomy":"category","embeddable":true,"href":"https:\/\/www.rr.senac.br\/portalsenac\/wp-json\/wp\/v2\/categories?post=2527"},{"taxonomy":"post_tag","embeddable":true,"href":"https:\/\/www.rr.senac.br\/portalsenac\/wp-json\/wp\/v2\/tags?post=2527"}],"curies":[{"name":"wp","href":"https:\/\/api.w.org\/{rel}","templated":true}]}}