{"id":2541,"date":"2022-02-01T15:28:57","date_gmt":"2022-02-01T18:28:57","guid":{"rendered":"https:\/\/www.rr.senac.br\/portalsenac\/?p=2541"},"modified":"2023-06-22T16:22:19","modified_gmt":"2023-06-22T19:22:19","slug":"senac-roraima-abre-edital-com-530-vagas-em-cursos-gratuitos-para-boa-vista-iracema-e-rorainopolis","status":"publish","type":"post","link":"https:\/\/www.rr.senac.br\/portalsenac\/senac-roraima-abre-edital-com-530-vagas-em-cursos-gratuitos-para-boa-vista-iracema-e-rorainopolis\/","title":{"rendered":"Senac Roraima abre edital com 530 vagas em cursos gratuitos para Boa Vista, Iracema e Rorain\u00f3polis"},"content":{"rendered":"\n<h5 class=\"wp-block-heading\" id=\"inscricoes-iniciam-dia-02-02-2022-para-o-interior\"><em>Inscri\u00e7\u00f5es iniciam dia 02\/02\/2022 para o interior<\/em><\/h5>\n\n\n\n<div style=\"height:20px\" aria-hidden=\"true\" class=\"wp-block-spacer\"><\/div>\n\n\n\n<figure class=\"wp-block-image size-large\"><img data-recalc-dims=\"1\" fetchpriority=\"high\" decoding=\"async\" width=\"750\" height=\"500\" src=\"https:\/\/i0.wp.com\/www.rr.senac.br\/portalsenac\/wp-content\/uploads\/2022\/02\/PSG-Senac-Roraima-2.png?resize=750%2C500&#038;ssl=1\" alt=\"\" class=\"wp-image-2542\" srcset=\"https:\/\/i0.wp.com\/www.rr.senac.br\/portalsenac\/wp-content\/uploads\/2022\/02\/PSG-Senac-Roraima-2.png?resize=1024%2C683&amp;ssl=1 1024w, https:\/\/i0.wp.com\/www.rr.senac.br\/portalsenac\/wp-content\/uploads\/2022\/02\/PSG-Senac-Roraima-2.png?resize=300%2C200&amp;ssl=1 300w, https:\/\/i0.wp.com\/www.rr.senac.br\/portalsenac\/wp-content\/uploads\/2022\/02\/PSG-Senac-Roraima-2.png?resize=768%2C512&amp;ssl=1 768w, https:\/\/i0.wp.com\/www.rr.senac.br\/portalsenac\/wp-content\/uploads\/2022\/02\/PSG-Senac-Roraima-2.png?w=1079&amp;ssl=1 1079w\" sizes=\"(max-width: 750px) 100vw, 750px\" \/><figcaption><em>Foto: Senac Roraima<\/em><\/figcaption><\/figure>\n\n\n\n<p>O primeiro edital do Programa Senac de Gratuidade (PSG) do Senac Roraima j\u00e1 est\u00e1 dispon\u00edvel com 530 vagas em mais de 15 cursos destinados \u00e0 Boa Vista, Iracema e Rorain\u00f3polis. As inscri\u00e7\u00f5es acontecem de forma presencial em diferentes unidades do Senac, <a href=\"https:\/\/app.rr.senac.br\/send3\/site\/psg\" data-type=\"URL\" data-id=\"https:\/\/app.rr.senac.br\/send3\/site\/psg\">conforme cronograma disponibilizado no site oficial: rr.senac.br<\/a><\/p>\n\n\n\n<div style=\"height:20px\" aria-hidden=\"true\" class=\"wp-block-spacer\"><\/div>\n\n\n\n<p>Os munic\u00edpios Iracema e Rorain\u00f3polis recebem os cursos de inform\u00e1tica b\u00e1sica e avan\u00e7ada, assistente de recursos humanos e assistente de contabilidade. As vagas s\u00e3o limitadas, e inscri\u00e7\u00f5es iniciam na pr\u00f3xima quarta-feira (02). Cada curso disp\u00f5e de 20 vagas e a lista de documenta\u00e7\u00e3o necess\u00e1ria para matr\u00edcula pode ser consultada diretamente no edital.<\/p>\n\n\n\n<div style=\"height:20px\" aria-hidden=\"true\" class=\"wp-block-spacer\"><\/div>\n\n\n\n<p>Para a capital Boa Vista as inscri\u00e7\u00f5es iniciam na pr\u00f3xima quinta-feira (03), e podem ser feitas na Unidade Ministro Bernardo Cabral, localizada no bairro Asa Branca. Os t\u00edtulos dispon\u00edveis em Boa Vista s\u00e3o: agente comunit\u00e1rio de sa\u00fade, auxiliar em sa\u00fade bucal, assistente administrativo, operador de caixa, assistente de contabilidade, t\u00e9cnicas para gar\u00e7om, salgadeiro, e diversos outros. Assim como para o interior, as vagas s\u00e3o limitadas e a documenta\u00e7\u00e3o pode ser consultada no edital dispon\u00edvel.<\/p>\n\n\n\n<div style=\"height:20px\" aria-hidden=\"true\" class=\"wp-block-spacer\"><\/div>\n\n\n\n<p>As demais d\u00favidas podem ser sanadas diretamente com a Central de Atendimento do Senac Roraima, atrav\u00e9s dos n\u00fameros: 98420-9992 (WhatsApp), ou 3626-8434.<\/p>\n\n\n\n<div style=\"height:20px\" aria-hidden=\"true\" class=\"wp-block-spacer\"><\/div>\n\n\n\n<p><strong>Local para inscri\u00e7\u00f5es:<\/strong><\/p>\n\n\n\n<p><strong>Iracema:<\/strong> Unidade de Educa\u00e7\u00e3o do Campo Sesc\/Senac Iracema \u2013 Rua Princesa Isabel, s\/n.<\/p>\n\n\n\n<div style=\"height:10px\" aria-hidden=\"true\" class=\"wp-block-spacer\"><\/div>\n\n\n\n<p><strong>Rorain\u00f3polis:<\/strong> Unidade de Educa\u00e7\u00e3o do Campo Sesc\/Senac Rorain\u00f3polis \u2013 Rua Ayrton Senna, s\/n.<\/p>\n\n\n\n<div style=\"height:10px\" aria-hidden=\"true\" class=\"wp-block-spacer\"><\/div>\n\n\n\n<p><strong>Boa Vista:<\/strong> Unidade Ministro Bernardo Cabral \u2013 Rua Hor\u00e1cio Mardel de Magalh\u00e3es, N\u00b0 400, Asa Branca<\/p>\n\n\n\n<div style=\"height:20px\" aria-hidden=\"true\" class=\"wp-block-spacer\"><\/div>\n\n\n\n<p>Giovanna Lima<\/p>\n\n\n\n<p>Comunica\u00e7\u00e3o Senac Roraima<\/p>\n","protected":false},"excerpt":{"rendered":"<p>Inscri\u00e7\u00f5es iniciam dia 02\/02\/2022 para o interior O primeiro edital do Programa Senac de Gratuidade (PSG) do Senac Roraima j\u00e1 est\u00e1 dispon\u00edvel com 530 vagas em mais de 15 cursos destinados \u00e0 Boa Vista, Iracema e Rorain\u00f3polis. As inscri\u00e7\u00f5es acontecem de forma presencial em diferentes&hellip; <a class=\"more-link\" href=\"https:\/\/www.rr.senac.br\/portalsenac\/senac-roraima-abre-edital-com-530-vagas-em-cursos-gratuitos-para-boa-vista-iracema-e-rorainopolis\/\">Continuar lendo <span class=\"screen-reader-text\">Senac Roraima abre edital com 530 vagas em cursos gratuitos para Boa Vista, Iracema e Rorain\u00f3polis<\/span><\/a><\/p>\n","protected":false},"author":2,"featured_media":2542,"comment_status":"closed","ping_status":"open","sticky":false,"template":"","format":"standard","meta":{"_jetpack_memberships_contains_paid_content":false,"_joinchat":[],"footnotes":""},"categories":[12],"tags":[],"class_list":["post-2541","post","type-post","status-publish","format-standard","has-post-thumbnail","hentry","category-ultimas-noticias","entry"],"jetpack_featured_media_url":"https:\/\/i0.wp.com\/www.rr.senac.br\/portalsenac\/wp-content\/uploads\/2022\/02\/PSG-Senac-Roraima-2.png?fit=1079%2C720&ssl=1","jetpack_sharing_enabled":true,"_links":{"self":[{"href":"https:\/\/www.rr.senac.br\/portalsenac\/wp-json\/wp\/v2\/posts\/2541","targetHints":{"allow":["GET"]}}],"collection":[{"href":"https:\/\/www.rr.senac.br\/portalsenac\/wp-json\/wp\/v2\/posts"}],"about":[{"href":"https:\/\/www.rr.senac.br\/portalsenac\/wp-json\/wp\/v2\/types\/post"}],"author":[{"embeddable":true,"href":"https:\/\/www.rr.senac.br\/portalsenac\/wp-json\/wp\/v2\/users\/2"}],"replies":[{"embeddable":true,"href":"https:\/\/www.rr.senac.br\/portalsenac\/wp-json\/wp\/v2\/comments?post=2541"}],"version-history":[{"count":0,"href":"https:\/\/www.rr.senac.br\/portalsenac\/wp-json\/wp\/v2\/posts\/2541\/revisions"}],"wp:featuredmedia":[{"embeddable":true,"href":"https:\/\/www.rr.senac.br\/portalsenac\/wp-json\/wp\/v2\/media\/2542"}],"wp:attachment":[{"href":"https:\/\/www.rr.senac.br\/portalsenac\/wp-json\/wp\/v2\/media?parent=2541"}],"wp:term":[{"taxonomy":"category","embeddable":true,"href":"https:\/\/www.rr.senac.br\/portalsenac\/wp-json\/wp\/v2\/categories?post=2541"},{"taxonomy":"post_tag","embeddable":true,"href":"https:\/\/www.rr.senac.br\/portalsenac\/wp-json\/wp\/v2\/tags?post=2541"}],"curies":[{"name":"wp","href":"https:\/\/api.w.org\/{rel}","templated":true}]}}