{"id":2561,"date":"2022-02-03T17:08:47","date_gmt":"2022-02-03T20:08:47","guid":{"rendered":"https:\/\/www.rr.senac.br\/portalsenac\/?p=2561"},"modified":"2023-06-22T16:22:19","modified_gmt":"2023-06-22T19:22:19","slug":"sistema-fecomercio-roraima-lanca-exposicao-coletiva-entre-rios","status":"publish","type":"post","link":"https:\/\/www.rr.senac.br\/portalsenac\/sistema-fecomercio-roraima-lanca-exposicao-coletiva-entre-rios\/","title":{"rendered":"Sistema Fecom\u00e9rcio Roraima lan\u00e7a exposi\u00e7\u00e3o coletiva \u2018Entre Rios\u2019"},"content":{"rendered":"\n<figure class=\"wp-block-image size-large\"><img data-recalc-dims=\"1\" fetchpriority=\"high\" decoding=\"async\" width=\"750\" height=\"500\" src=\"https:\/\/i0.wp.com\/www.rr.senac.br\/portalsenac\/wp-content\/uploads\/2022\/02\/editadas-17-1.jpg?resize=750%2C500&#038;ssl=1\" alt=\"\" class=\"wp-image-2562\" srcset=\"https:\/\/i0.wp.com\/www.rr.senac.br\/portalsenac\/wp-content\/uploads\/2022\/02\/editadas-17-1-scaled.jpg?resize=1024%2C683&amp;ssl=1 1024w, https:\/\/i0.wp.com\/www.rr.senac.br\/portalsenac\/wp-content\/uploads\/2022\/02\/editadas-17-1-scaled.jpg?resize=300%2C200&amp;ssl=1 300w, https:\/\/i0.wp.com\/www.rr.senac.br\/portalsenac\/wp-content\/uploads\/2022\/02\/editadas-17-1-scaled.jpg?resize=768%2C512&amp;ssl=1 768w, https:\/\/i0.wp.com\/www.rr.senac.br\/portalsenac\/wp-content\/uploads\/2022\/02\/editadas-17-1-scaled.jpg?resize=1536%2C1024&amp;ssl=1 1536w, https:\/\/i0.wp.com\/www.rr.senac.br\/portalsenac\/wp-content\/uploads\/2022\/02\/editadas-17-1-scaled.jpg?resize=2048%2C1366&amp;ssl=1 2048w, https:\/\/i0.wp.com\/www.rr.senac.br\/portalsenac\/wp-content\/uploads\/2022\/02\/editadas-17-1-scaled.jpg?resize=1568%2C1046&amp;ssl=1 1568w, https:\/\/i0.wp.com\/www.rr.senac.br\/portalsenac\/wp-content\/uploads\/2022\/02\/editadas-17-1-scaled.jpg?w=2250&amp;ssl=1 2250w\" sizes=\"(max-width: 750px) 100vw, 750px\" \/><figcaption><em>Foto: Senac Roraima<\/em><\/figcaption><\/figure>\n\n\n\n<p>\u201cHoje sou \u00e1gua, rio, riso, vida, corrente\u201d. Esse \u00e9 o tema da exposi\u00e7\u00e3o de obras art\u00edsticas e identidade visual da agenda 2022 produzida pelo Sistema Fecom\u00e9rcio em Roraima. O lan\u00e7amento da exposi\u00e7\u00e3o foi realizado na Sede Administrativa Sesc e Senac, na noite de ontem (2 de fevereiro) e contou com a participa\u00e7\u00e3o de parceiros, gestores do Sesc e Senac, dos empres\u00e1rios do com\u00e9rcio e dos artistas selecionados no concurso \u201cEntre Rios\u201d.\u00a0\u00a0\u00a0\u00a0\u00a0\u00a0\u00a0\u00a0\u00a0\u00a0 \u00a0\u00a0\u00a0\u00a0\u00a0\u00a0\u00a0\u00a0\u00a0\u00a0\u00a0<\/p>\n\n\n\n<div style=\"height:20px\" aria-hidden=\"true\" class=\"wp-block-spacer\"><\/div>\n\n\n\n<p>Ao todo, foram escolhidos 12 (doze) obras de artistas visuais, dos quais retrataram as belezas e o significado dos Rios de Roraima. Al\u00e9m da exposi\u00e7\u00e3o presencial e on-line, cada trabalho selecionado foi impresso em um respectivo m\u00eas do ano de 2022 e comp\u00f5e a agenda tem\u00e1tica do Sistema Fecom\u00e9rcio Roraima. A <a href=\"https:\/\/entrerios.myportfolio.com\/entre-rios-1\">exposi\u00e7\u00e3o \u2018Entre Rios\u2019<\/a> ficar\u00e1 dispon\u00edvel at\u00e9 o dia 28 de fevereiro de 2022, para visita\u00e7\u00e3o gratuita de segunda a sexta-feira, das 8h \u00e0s 18h, no hall do 1\u00ba piso da Sede Administrativa Sesc e Senac, localizada na Rua Ara\u00fajo Filho, N\u00ba 947, Centro. Al\u00e9m disso, o p\u00fablico poder\u00e1 conferir as obras tamb\u00e9m de forma on-line. [<a href=\"https:\/\/entrerios.myportfolio.com\/entre-rios-1\">clicando aqui<\/a>]<\/p>\n\n\n\n<div style=\"height:20px\" aria-hidden=\"true\" class=\"wp-block-spacer\"><\/div>\n\n\n\n<p>Para Alyne Moraes, artista selecionada com a obra \u2018<a href=\"https:\/\/entrerios.myportfolio.com\/rio-branco-e-o-por-do-sol\">Rio Branco e o P\u00f4r do Sol<\/a>\u2019 participar da exposi\u00e7\u00e3o foi de grande incentivo para sua carreira art\u00edstica. \u201cMe senti muito feliz por ter sido escolhida, foi uma honra representar os artistas de Roraima porque isso faz com que a arte seja mais valorizada e mais reconhecida, e meu intuito foi esse\u201d, contou a jovem de 20 anos, que pela primeira vez teve um trabalho exibido em uma exposi\u00e7\u00e3o.<\/p>\n\n\n\n<p>\u201cNossos Rios escondem muitas hist\u00f3rias e sentimentalismo, contar isso atrav\u00e9s das minhas artes \u00e9 de uma emo\u00e7\u00e3o enorme\u201d, destacou Hip\u00e1rcia Caroline, de 25 anos, referente a seus trabalhos escolhidos: \u2018<a href=\"https:\/\/entrerios.myportfolio.com\/rio-amada\">Rio Amada<\/a>\u2019 e \u2018<a href=\"https:\/\/entrerios.myportfolio.com\/mae-rio\">M\u00e3e Rio<\/a>\u2019. De acordo com ela, \u00e9 de grande relev\u00e2ncia ter esse espa\u00e7o art\u00edstico juntamente com outros artistas e que essa iniciativa do Sesc representa um importante passo para a valoriza\u00e7\u00e3o da categoria.<\/p>\n\n\n\n<div style=\"height:20px\" aria-hidden=\"true\" class=\"wp-block-spacer\"><\/div>\n\n\n\n<p>Segundo o analista de cultura do Sesc Roraima, Rafael Pinto, os projetos art\u00edsticos t\u00eam um impacto importante na sociedade. \u201c\u00c9 atrav\u00e9s das obras de arte que \u00e9 poss\u00edvel fazer com que a gente possa expandir a nossa vis\u00e3o de mundo e pensar criticamente sobre as situa\u00e7\u00f5es que acontecem em nosso redor. Ent\u00e3o o Sesc e o Senac acreditam no poder da educa\u00e7\u00e3o, por meio da arte tamb\u00e9m\u201d, disse. Rafael contou tamb\u00e9m que a ideia de fazer a exposi\u00e7\u00e3o e a agenda 2022 com essa tem\u00e1tica surgiu com o intuito de valorizar os Rios de Roraima, dos quais s\u00e3o importantes para a cultura, para a economia e para a sociedade.<\/p>\n\n\n\n<div style=\"height:20px\" aria-hidden=\"true\" class=\"wp-block-spacer\"><\/div>\n\n\n\n<p><strong>CONCURSO ENTRE RIOS \u2013 <\/strong>Com o objetivo de valorizar os Rios, e a cultura local, &#8211; al\u00e9m de incentivar os artistas visuais de Roraima, o Sesc Roraima lan\u00e7ou em 2021 o <a href=\"https:\/\/www.sescrr.com.br\/wp-content\/uploads\/2021\/09\/ENTRE-RIOS-AGENDA-2022-SESC-E-SENAC.pdf\">concurso \u201cEntre Rios\u201d<\/a> que visava selecionar 12 (doze) trabalhos visuais para compor a agenda tem\u00e1tica do Sistema Fecom\u00e9rcio em 2022. \u00a0Foram <a href=\"https:\/\/www.sescrr.com.br\/wp-content\/uploads\/2021\/10\/RESULTADO-EDITAL-ENTRE-RIOS.pdf\">selecionadas as obras:<\/a> \u201cRio Branco e o P\u00f4r do Sol\u201d de Alyne Moraes; \u201cM\u00e3e D\u2019\u00e1gua\u201d de Frederico Martins; \u201cRio Amada\u201d e \u201cM\u00e3e Rio\u201d de Hip\u00e1cia Caroline; \u201cMaterno\u201d de Larissa Brand\u00e3o; \u201cMem\u00f3rias\u201d e \u201cGuardi\u00e3o\u201d de Maiza Carvalho; \u201cUni\u00e3o dos Rios\u201d de Od\u00e9lia Medeiros; \u201cRio, casa pra quem chega\u201d e \u201cMapa da terra de Makunaima\u201d de Raquel Rocha; \u201cRio Elo\u201d de Rhafa Porto; e \u201cUrihi\u201d de Ykaro Rabelo.<\/p>\n\n\n\n<div style=\"height:20px\" aria-hidden=\"true\" class=\"wp-block-spacer\"><\/div>\n\n\n\n<p><em>Comunica\u00e7\u00e3o Sesc\/Senac Roraima<\/em><\/p>\n","protected":false},"excerpt":{"rendered":"<p>\u201cHoje sou \u00e1gua, rio, riso, vida, corrente\u201d. Esse \u00e9 o tema da exposi\u00e7\u00e3o de obras art\u00edsticas e identidade visual da agenda 2022 produzida pelo Sistema Fecom\u00e9rcio em Roraima. O lan\u00e7amento da exposi\u00e7\u00e3o foi realizado na Sede Administrativa Sesc e Senac, na noite de ontem (2&hellip; <a class=\"more-link\" href=\"https:\/\/www.rr.senac.br\/portalsenac\/sistema-fecomercio-roraima-lanca-exposicao-coletiva-entre-rios\/\">Continuar lendo <span class=\"screen-reader-text\">Sistema Fecom\u00e9rcio Roraima lan\u00e7a exposi\u00e7\u00e3o coletiva \u2018Entre Rios\u2019<\/span><\/a><\/p>\n","protected":false},"author":2,"featured_media":2562,"comment_status":"closed","ping_status":"open","sticky":false,"template":"","format":"standard","meta":{"_jetpack_memberships_contains_paid_content":false,"_joinchat":[],"footnotes":""},"categories":[12],"tags":[],"class_list":["post-2561","post","type-post","status-publish","format-standard","has-post-thumbnail","hentry","category-ultimas-noticias","entry"],"jetpack_featured_media_url":"https:\/\/i0.wp.com\/www.rr.senac.br\/portalsenac\/wp-content\/uploads\/2022\/02\/editadas-17-1-scaled.jpg?fit=2560%2C1707&ssl=1","jetpack_sharing_enabled":true,"_links":{"self":[{"href":"https:\/\/www.rr.senac.br\/portalsenac\/wp-json\/wp\/v2\/posts\/2561","targetHints":{"allow":["GET"]}}],"collection":[{"href":"https:\/\/www.rr.senac.br\/portalsenac\/wp-json\/wp\/v2\/posts"}],"about":[{"href":"https:\/\/www.rr.senac.br\/portalsenac\/wp-json\/wp\/v2\/types\/post"}],"author":[{"embeddable":true,"href":"https:\/\/www.rr.senac.br\/portalsenac\/wp-json\/wp\/v2\/users\/2"}],"replies":[{"embeddable":true,"href":"https:\/\/www.rr.senac.br\/portalsenac\/wp-json\/wp\/v2\/comments?post=2561"}],"version-history":[{"count":0,"href":"https:\/\/www.rr.senac.br\/portalsenac\/wp-json\/wp\/v2\/posts\/2561\/revisions"}],"wp:featuredmedia":[{"embeddable":true,"href":"https:\/\/www.rr.senac.br\/portalsenac\/wp-json\/wp\/v2\/media\/2562"}],"wp:attachment":[{"href":"https:\/\/www.rr.senac.br\/portalsenac\/wp-json\/wp\/v2\/media?parent=2561"}],"wp:term":[{"taxonomy":"category","embeddable":true,"href":"https:\/\/www.rr.senac.br\/portalsenac\/wp-json\/wp\/v2\/categories?post=2561"},{"taxonomy":"post_tag","embeddable":true,"href":"https:\/\/www.rr.senac.br\/portalsenac\/wp-json\/wp\/v2\/tags?post=2561"}],"curies":[{"name":"wp","href":"https:\/\/api.w.org\/{rel}","templated":true}]}}