{"id":2795,"date":"2022-03-01T18:22:22","date_gmt":"2022-03-01T21:22:22","guid":{"rendered":"https:\/\/www.rr.senac.br\/portalsenac\/?p=2795"},"modified":"2023-06-22T16:22:04","modified_gmt":"2023-06-22T19:22:04","slug":"senacteensina-aprenda-a-otimizar-as-24h-do-seu-dia","status":"publish","type":"post","link":"https:\/\/www.rr.senac.br\/portalsenac\/senacteensina-aprenda-a-otimizar-as-24h-do-seu-dia\/","title":{"rendered":"#SenacTeEnsina &#8211; Aprenda a otimizar as 24h do seu dia"},"content":{"rendered":"\n<p><em>Por: B\u00e1rbara Moreira- Publicit\u00e1ria e Instrutora de Gest\u00e3o no Senac Roraima<\/em><\/p>\n\n\n\n<div style=\"height:20px\" aria-hidden=\"true\" class=\"wp-block-spacer\"><\/div>\n\n\n\n<figure class=\"wp-block-image size-large\"><img data-recalc-dims=\"1\" fetchpriority=\"high\" decoding=\"async\" width=\"750\" height=\"563\" src=\"https:\/\/i0.wp.com\/www.rr.senac.br\/portalsenac\/wp-content\/uploads\/2022\/03\/Time-Senac.png?resize=750%2C563&#038;ssl=1\" alt=\"\" class=\"wp-image-2796\" srcset=\"https:\/\/i0.wp.com\/www.rr.senac.br\/portalsenac\/wp-content\/uploads\/2022\/03\/Time-Senac.png?resize=1024%2C768&amp;ssl=1 1024w, https:\/\/i0.wp.com\/www.rr.senac.br\/portalsenac\/wp-content\/uploads\/2022\/03\/Time-Senac.png?resize=300%2C225&amp;ssl=1 300w, https:\/\/i0.wp.com\/www.rr.senac.br\/portalsenac\/wp-content\/uploads\/2022\/03\/Time-Senac.png?resize=768%2C576&amp;ssl=1 768w, https:\/\/i0.wp.com\/www.rr.senac.br\/portalsenac\/wp-content\/uploads\/2022\/03\/Time-Senac.png?resize=1536%2C1152&amp;ssl=1 1536w, https:\/\/i0.wp.com\/www.rr.senac.br\/portalsenac\/wp-content\/uploads\/2022\/03\/Time-Senac.png?resize=1568%2C1176&amp;ssl=1 1568w, https:\/\/i0.wp.com\/www.rr.senac.br\/portalsenac\/wp-content\/uploads\/2022\/03\/Time-Senac.png?w=1600&amp;ssl=1 1600w\" sizes=\"(max-width: 750px) 100vw, 750px\" \/><figcaption><em>Foto: Ascom Senac RR<\/em><\/figcaption><\/figure>\n\n\n\n<p>Quem j\u00e1 teve aquela sensa\u00e7\u00e3o de que o tempo voou e o seu dia n\u00e3o rendeu nada? Pois \u00e9, essa sensa\u00e7\u00e3o ocorre quando temos muitas tarefas para realizar e n\u00e3o planejamos como ser\u00e1 o nosso dia. J\u00e1 sabemos que n\u00e3o adianta tentar controlar o tempo, ent\u00e3o, o ideal \u00e9 fazer o rel\u00f3gio girar a seu favor.<\/p>\n\n\n\n<div style=\"height:10px\" aria-hidden=\"true\" class=\"wp-block-spacer\"><\/div>\n\n\n\n<p>Pensando nisso, preparei dicas que voc\u00ea pode colocar em pr\u00e1tica para aumentar a sua produtividade di\u00e1ria.<\/p>\n\n\n\n<div style=\"height:20px\" aria-hidden=\"true\" class=\"wp-block-spacer\"><\/div>\n\n\n\n<p>Vamos l\u00e1? Come\u00e7a pegando papel e caneta e tome nota:<\/p>\n\n\n\n<div style=\"height:20px\" aria-hidden=\"true\" class=\"wp-block-spacer\"><\/div>\n\n\n\n<ol class=\"wp-block-list\" type=\"1\"><li><strong>Descubra suas prioridades:<\/strong> esse passo \u00e9 essencial para o seu planejamento. Ter em mente as tarefas que precisar\u00e1 realizar no dia seguinte \u00e9 o primeiro passo.<\/li><li><strong>Liste suas tarefas:<\/strong> relacionar suas tarefas di\u00e1rias, \u00e9 fundamental para a sua produ\u00e7\u00e3o di\u00e1ria. Relacione por ordem prioridade e estabele\u00e7a prazos para cada tarefa.<\/li><li><strong>Use a tecnologia a seu favor<\/strong>: utilizar alertas com lembretes das tarefas que precisam ser executadas, podem ser seu grande aliado no dia a dia. Vale tudo (agenda eletr\u00f4nica, despertador do celular, rel\u00f3gio digital).<\/li><li><strong>Delegue:<\/strong> distribuir tarefas, muitas das vezes importantes, n\u00e3o \u00e9 f\u00e1cil, por\u00e9m pode ser necess\u00e1rio compartilhar a carga para garantir que seja realizada. Delegar pode ser bom em dias corridos.<\/li><li><strong>Identifique as distra\u00e7\u00f5es:<\/strong> Isso implica em saber dizer n\u00e3o quando for necess\u00e1rio, se voc\u00ea tra\u00e7ou o seu planejamento do dia, convites inesperados podem prejudicar o seu planejamento, avalie a situa\u00e7\u00e3o, e se for preciso diga n\u00e3o.<\/li><li><strong>N\u00e3o acumule tarefas:<\/strong> esse pode ser o maior erro para quem deseja aumentar sua produtividade. Cuidado com a procrastina\u00e7\u00e3o, ela pode levar a um ac\u00famulo de tarefas.<\/li><\/ol>\n\n\n\n<div style=\"height:20px\" aria-hidden=\"true\" class=\"wp-block-spacer\"><\/div>\n\n\n\n<p>S\u00e3o dicas valiosas que te ajudar\u00e3o a fazer o seu dia a dia mais produtivo, mas lembre-se t\u00e3o importante quanto planejar \u00e9 saber que tem hora para tudo. Ent\u00e3o, n\u00e3o esquece de reservar um tempinho do seu dia para si, fa\u00e7a uma atividade que te deixe feliz, isso sem d\u00favida far\u00e1 a diferen\u00e7a no seu dia.<\/p>\n\n\n\n<div style=\"height:10px\" aria-hidden=\"true\" class=\"wp-block-spacer\"><\/div>\n\n\n\n<p>Gostou das dicas? Compartilha este post com os amigos!<\/p>\n\n\n\n<figure class=\"wp-block-image size-large is-resized\"><img data-recalc-dims=\"1\" decoding=\"async\" src=\"https:\/\/i0.wp.com\/www.rr.senac.br\/portalsenac\/wp-content\/uploads\/2022\/03\/BARBARA.jpg?resize=298%2C405&#038;ssl=1\" alt=\"\" class=\"wp-image-2797\" width=\"298\" height=\"405\" srcset=\"https:\/\/i0.wp.com\/www.rr.senac.br\/portalsenac\/wp-content\/uploads\/2022\/03\/BARBARA.jpg?resize=751%2C1024&amp;ssl=1 751w, https:\/\/i0.wp.com\/www.rr.senac.br\/portalsenac\/wp-content\/uploads\/2022\/03\/BARBARA.jpg?resize=220%2C300&amp;ssl=1 220w, https:\/\/i0.wp.com\/www.rr.senac.br\/portalsenac\/wp-content\/uploads\/2022\/03\/BARBARA.jpg?resize=768%2C1047&amp;ssl=1 768w, https:\/\/i0.wp.com\/www.rr.senac.br\/portalsenac\/wp-content\/uploads\/2022\/03\/BARBARA.jpg?resize=1502%2C2048&amp;ssl=1 1502w, https:\/\/i0.wp.com\/www.rr.senac.br\/portalsenac\/wp-content\/uploads\/2022\/03\/BARBARA.jpg?w=1559&amp;ssl=1 1559w\" sizes=\"(max-width: 298px) 100vw, 298px\" \/><figcaption><em>Instrutora: B\u00e1rbara Moreira<\/em><\/figcaption><\/figure>\n","protected":false},"excerpt":{"rendered":"<p>Por: B\u00e1rbara Moreira- Publicit\u00e1ria e Instrutora de Gest\u00e3o no Senac Roraima Quem j\u00e1 teve aquela sensa\u00e7\u00e3o de que o tempo voou e o seu dia n\u00e3o rendeu nada? Pois \u00e9, essa sensa\u00e7\u00e3o ocorre quando temos muitas tarefas para realizar e n\u00e3o planejamos como ser\u00e1 o&hellip; <a class=\"more-link\" href=\"https:\/\/www.rr.senac.br\/portalsenac\/senacteensina-aprenda-a-otimizar-as-24h-do-seu-dia\/\">Continuar lendo <span class=\"screen-reader-text\">#SenacTeEnsina &#8211; Aprenda a otimizar as 24h do seu dia<\/span><\/a><\/p>\n","protected":false},"author":2,"featured_media":2796,"comment_status":"closed","ping_status":"open","sticky":false,"template":"","format":"standard","meta":{"_jetpack_memberships_contains_paid_content":false,"_joinchat":[],"footnotes":""},"categories":[12],"tags":[],"class_list":["post-2795","post","type-post","status-publish","format-standard","has-post-thumbnail","hentry","category-ultimas-noticias","entry"],"jetpack_featured_media_url":"https:\/\/i0.wp.com\/www.rr.senac.br\/portalsenac\/wp-content\/uploads\/2022\/03\/Time-Senac.png?fit=1600%2C1200&ssl=1","jetpack_sharing_enabled":true,"_links":{"self":[{"href":"https:\/\/www.rr.senac.br\/portalsenac\/wp-json\/wp\/v2\/posts\/2795","targetHints":{"allow":["GET"]}}],"collection":[{"href":"https:\/\/www.rr.senac.br\/portalsenac\/wp-json\/wp\/v2\/posts"}],"about":[{"href":"https:\/\/www.rr.senac.br\/portalsenac\/wp-json\/wp\/v2\/types\/post"}],"author":[{"embeddable":true,"href":"https:\/\/www.rr.senac.br\/portalsenac\/wp-json\/wp\/v2\/users\/2"}],"replies":[{"embeddable":true,"href":"https:\/\/www.rr.senac.br\/portalsenac\/wp-json\/wp\/v2\/comments?post=2795"}],"version-history":[{"count":0,"href":"https:\/\/www.rr.senac.br\/portalsenac\/wp-json\/wp\/v2\/posts\/2795\/revisions"}],"wp:featuredmedia":[{"embeddable":true,"href":"https:\/\/www.rr.senac.br\/portalsenac\/wp-json\/wp\/v2\/media\/2796"}],"wp:attachment":[{"href":"https:\/\/www.rr.senac.br\/portalsenac\/wp-json\/wp\/v2\/media?parent=2795"}],"wp:term":[{"taxonomy":"category","embeddable":true,"href":"https:\/\/www.rr.senac.br\/portalsenac\/wp-json\/wp\/v2\/categories?post=2795"},{"taxonomy":"post_tag","embeddable":true,"href":"https:\/\/www.rr.senac.br\/portalsenac\/wp-json\/wp\/v2\/tags?post=2795"}],"curies":[{"name":"wp","href":"https:\/\/api.w.org\/{rel}","templated":true}]}}