{"id":2811,"date":"2022-03-11T12:00:06","date_gmt":"2022-03-11T15:00:06","guid":{"rendered":"https:\/\/www.rr.senac.br\/portalsenac\/?p=2811"},"modified":"2023-06-22T16:22:04","modified_gmt":"2023-06-22T19:22:04","slug":"senac-roraima-abre-segundo-edital-de-cursos-gratuitos","status":"publish","type":"post","link":"https:\/\/www.rr.senac.br\/portalsenac\/senac-roraima-abre-segundo-edital-de-cursos-gratuitos\/","title":{"rendered":"<strong>Senac Roraima abre segundo edital de cursos gratuitos<\/strong>"},"content":{"rendered":"\n<p><strong>com vagas para a capital e interior<\/strong><\/p>\n\n\n\n<div style=\"height:20px\" aria-hidden=\"true\" class=\"wp-block-spacer\"><\/div>\n\n\n\n<h5 class=\"wp-block-heading\"><em>Programa Senac de Gratuidade disponibiliza mais de 150 vagas gratuitas<\/em><\/h5>\n\n\n\n<div style=\"height:20px\" aria-hidden=\"true\" class=\"wp-block-spacer\"><\/div>\n\n\n\n<figure class=\"wp-block-image size-large\"><img data-recalc-dims=\"1\" fetchpriority=\"high\" decoding=\"async\" width=\"750\" height=\"500\" src=\"https:\/\/i0.wp.com\/www.rr.senac.br\/portalsenac\/wp-content\/uploads\/2022\/03\/Senac-RR-PSG-1.jpg?resize=750%2C500&#038;ssl=1\" alt=\"\" class=\"wp-image-2812\" srcset=\"https:\/\/i0.wp.com\/www.rr.senac.br\/portalsenac\/wp-content\/uploads\/2022\/03\/Senac-RR-PSG-1-scaled.jpg?resize=1024%2C683&amp;ssl=1 1024w, https:\/\/i0.wp.com\/www.rr.senac.br\/portalsenac\/wp-content\/uploads\/2022\/03\/Senac-RR-PSG-1-scaled.jpg?resize=300%2C200&amp;ssl=1 300w, https:\/\/i0.wp.com\/www.rr.senac.br\/portalsenac\/wp-content\/uploads\/2022\/03\/Senac-RR-PSG-1-scaled.jpg?resize=768%2C512&amp;ssl=1 768w, https:\/\/i0.wp.com\/www.rr.senac.br\/portalsenac\/wp-content\/uploads\/2022\/03\/Senac-RR-PSG-1-scaled.jpg?resize=1536%2C1024&amp;ssl=1 1536w, https:\/\/i0.wp.com\/www.rr.senac.br\/portalsenac\/wp-content\/uploads\/2022\/03\/Senac-RR-PSG-1-scaled.jpg?resize=2048%2C1365&amp;ssl=1 2048w, https:\/\/i0.wp.com\/www.rr.senac.br\/portalsenac\/wp-content\/uploads\/2022\/03\/Senac-RR-PSG-1-scaled.jpg?resize=1568%2C1045&amp;ssl=1 1568w, https:\/\/i0.wp.com\/www.rr.senac.br\/portalsenac\/wp-content\/uploads\/2022\/03\/Senac-RR-PSG-1-scaled.jpg?w=2250&amp;ssl=1 2250w\" sizes=\"(max-width: 750px) 100vw, 750px\" \/><figcaption>Foto: Ascom Senac RR<\/figcaption><\/figure>\n\n\n\n<p>O segundo edital do Programa Senac de Gratuidade (PSG) est\u00e1 dispon\u00edvel com vagas destinadas \u00e0 Boa Vista, Iracema e S\u00e3o Jo\u00e3o da Baliza. S\u00e3o mais de 150 vagas em cursos totalmente gratuitos.<\/p>\n\n\n\n<div style=\"height:20px\" aria-hidden=\"true\" class=\"wp-block-spacer\"><\/div>\n\n\n\n<p>As matr\u00edculas iniciam no dia 14 de mar\u00e7o simultaneamente nos tr\u00eas munic\u00edpios, a partir das 08h30, de forma presencial. Em Boa Vista as matr\u00edculas ser\u00e3o realizadas na unidade Bernardo Cabral, em Iracema e S\u00e3o Jo\u00e3o da Baliza na Unidade de Educa\u00e7\u00e3o do Campo Sesc\/Senac.<\/p>\n\n\n\n<div style=\"height:20px\" aria-hidden=\"true\" class=\"wp-block-spacer\"><\/div>\n\n\n\n<p>Est\u00e3o dispon\u00edveis cursos com carga hor\u00e1ria a partir de 160h, e para realizar a matr\u00edcula, o candidato deve conferir a documenta\u00e7\u00e3o espec\u00edfica da turma desejada no edital. A apresenta\u00e7\u00e3o do passaporte vacinal \u00e9 obrigat\u00f3ria para todos os cursos.<\/p>\n\n\n\n<div style=\"height:20px\" aria-hidden=\"true\" class=\"wp-block-spacer\"><\/div>\n\n\n\n<p>Para conferir o edital os candidatos podem acessar online no site: <a href=\"https:\/\/www.rr.senac.br\/portalsenac\/\">https:\/\/www.rr.senac.br\/portalsenac\/<\/a><\/p>\n\n\n\n<div style=\"height:20px\" aria-hidden=\"true\" class=\"wp-block-spacer\"><\/div>\n\n\n\n<p>Lista de cursos dispon\u00edveis:<\/p>\n\n\n\n<p><strong>Boa Vista<\/strong><\/p>\n\n\n\n<p>Cuidador Infantil<\/p>\n\n\n\n<p>Recepcionista em Servi\u00e7os de Sa\u00fade<\/p>\n\n\n\n<div style=\"height:10px\" aria-hidden=\"true\" class=\"wp-block-spacer\"><\/div>\n\n\n\n<p><strong>Iracema<\/strong><\/p>\n\n\n\n<p>Inform\u00e1tica B\u00e1sica e Avan\u00e7ada<\/p>\n\n\n\n<div style=\"height:10px\" aria-hidden=\"true\" class=\"wp-block-spacer\"><\/div>\n\n\n\n<p><strong>S\u00e3o Jo\u00e3o da Baliza<\/strong><\/p>\n\n\n\n<p>Assistente Administrativo<\/p>\n\n\n\n<p>Assistente de Recursos Humanos<\/p>\n\n\n\n<p>Inform\u00e1tica B\u00e1sica e Avan\u00e7ada<\/p>\n\n\n\n<div style=\"height:20px\" aria-hidden=\"true\" class=\"wp-block-spacer\"><\/div>\n\n\n\n<p>Giovanna Lima<\/p>\n\n\n\n<p>Comunica\u00e7\u00e3o Senac RR<\/p>\n","protected":false},"excerpt":{"rendered":"<p>com vagas para a capital e interior Programa Senac de Gratuidade disponibiliza mais de 150 vagas gratuitas O segundo edital do Programa Senac de Gratuidade (PSG) est\u00e1 dispon\u00edvel com vagas destinadas \u00e0 Boa Vista, Iracema e S\u00e3o Jo\u00e3o da Baliza. S\u00e3o mais de 150 vagas&hellip; <a class=\"more-link\" href=\"https:\/\/www.rr.senac.br\/portalsenac\/senac-roraima-abre-segundo-edital-de-cursos-gratuitos\/\">Continuar lendo <span class=\"screen-reader-text\"><strong>Senac Roraima abre segundo edital de cursos gratuitos<\/strong><\/span><\/a><\/p>\n","protected":false},"author":2,"featured_media":2812,"comment_status":"closed","ping_status":"open","sticky":false,"template":"","format":"standard","meta":{"_jetpack_memberships_contains_paid_content":false,"_joinchat":[],"footnotes":""},"categories":[12],"tags":[],"class_list":["post-2811","post","type-post","status-publish","format-standard","has-post-thumbnail","hentry","category-ultimas-noticias","entry"],"jetpack_featured_media_url":"https:\/\/i0.wp.com\/www.rr.senac.br\/portalsenac\/wp-content\/uploads\/2022\/03\/Senac-RR-PSG-1-scaled.jpg?fit=2560%2C1707&ssl=1","jetpack_sharing_enabled":true,"_links":{"self":[{"href":"https:\/\/www.rr.senac.br\/portalsenac\/wp-json\/wp\/v2\/posts\/2811","targetHints":{"allow":["GET"]}}],"collection":[{"href":"https:\/\/www.rr.senac.br\/portalsenac\/wp-json\/wp\/v2\/posts"}],"about":[{"href":"https:\/\/www.rr.senac.br\/portalsenac\/wp-json\/wp\/v2\/types\/post"}],"author":[{"embeddable":true,"href":"https:\/\/www.rr.senac.br\/portalsenac\/wp-json\/wp\/v2\/users\/2"}],"replies":[{"embeddable":true,"href":"https:\/\/www.rr.senac.br\/portalsenac\/wp-json\/wp\/v2\/comments?post=2811"}],"version-history":[{"count":0,"href":"https:\/\/www.rr.senac.br\/portalsenac\/wp-json\/wp\/v2\/posts\/2811\/revisions"}],"wp:featuredmedia":[{"embeddable":true,"href":"https:\/\/www.rr.senac.br\/portalsenac\/wp-json\/wp\/v2\/media\/2812"}],"wp:attachment":[{"href":"https:\/\/www.rr.senac.br\/portalsenac\/wp-json\/wp\/v2\/media?parent=2811"}],"wp:term":[{"taxonomy":"category","embeddable":true,"href":"https:\/\/www.rr.senac.br\/portalsenac\/wp-json\/wp\/v2\/categories?post=2811"},{"taxonomy":"post_tag","embeddable":true,"href":"https:\/\/www.rr.senac.br\/portalsenac\/wp-json\/wp\/v2\/tags?post=2811"}],"curies":[{"name":"wp","href":"https:\/\/api.w.org\/{rel}","templated":true}]}}