{"id":3221,"date":"2022-03-30T17:49:35","date_gmt":"2022-03-30T20:49:35","guid":{"rendered":"https:\/\/www.rr.senac.br\/portalsenac\/?p=3221"},"modified":"2023-06-22T16:22:04","modified_gmt":"2023-06-22T19:22:04","slug":"senac-lanca-edital-para-participacao-da-segunda-edicao-do-premio-excellence","status":"publish","type":"post","link":"https:\/\/www.rr.senac.br\/portalsenac\/senac-lanca-edital-para-participacao-da-segunda-edicao-do-premio-excellence\/","title":{"rendered":"Senac lan\u00e7a edital para participa\u00e7\u00e3o da segunda edi\u00e7\u00e3o do Pr\u00eamio Excellence"},"content":{"rendered":"\n<h5 class=\"wp-block-heading\"><em>Ganhador poder\u00e1 visitar Federa\u00e7\u00e3o Nacional do Varejo em Nova York<\/em><\/h5>\n\n\n\n<div style=\"height:20px\" aria-hidden=\"true\" class=\"wp-block-spacer\"><\/div>\n\n\n\n<figure class=\"wp-block-image size-full\"><img data-recalc-dims=\"1\" fetchpriority=\"high\" decoding=\"async\" width=\"750\" height=\"438\" src=\"https:\/\/i0.wp.com\/www.rr.senac.br\/portalsenac\/wp-content\/uploads\/2022\/03\/Excellence-Senac-Roraima-3.jpeg?resize=750%2C438&#038;ssl=1\" alt=\"\" class=\"wp-image-3224\" srcset=\"https:\/\/i0.wp.com\/www.rr.senac.br\/portalsenac\/wp-content\/uploads\/2022\/03\/Excellence-Senac-Roraima-3.jpeg?w=810&amp;ssl=1 810w, https:\/\/i0.wp.com\/www.rr.senac.br\/portalsenac\/wp-content\/uploads\/2022\/03\/Excellence-Senac-Roraima-3.jpeg?resize=300%2C175&amp;ssl=1 300w, https:\/\/i0.wp.com\/www.rr.senac.br\/portalsenac\/wp-content\/uploads\/2022\/03\/Excellence-Senac-Roraima-3.jpeg?resize=768%2C448&amp;ssl=1 768w\" sizes=\"(max-width: 750px) 100vw, 750px\" \/><figcaption>Pr\u00eamio Excellence &#8211; <em>Edi\u00e7\u00e3o 2021<\/em><\/figcaption><\/figure>\n\n\n\n<p>O Servi\u00e7o Nacional de Aprendizagem Comercial (Senac\/RR) lan\u00e7ou o edital para a segunda edi\u00e7\u00e3o do Pr\u00eamio Excellence. A premia\u00e7\u00e3o tem como p\u00fablico-alvo empres\u00e1rios locais que se destacam pelo desempenho e a\u00e7\u00f5es que estimulam a qualidade de vida dos colaboradores. Os ganhadores ser\u00e3o divulgados em uma cerim\u00f4nia no final do ano de 2022, ap\u00f3s a an\u00e1lise dos pr\u00e9-requisitos estabelecidos no edital.<\/p>\n\n\n\n<div style=\"height:20px\" aria-hidden=\"true\" class=\"wp-block-spacer\"><\/div>\n\n\n\n<p>Quem est\u00e1 apto a participar do projeto s\u00e3o empres\u00e1rios do com\u00e9rcio local que obrigatoriamente desenvolvem atividades relativas ao setor do Com\u00e9rcio de Bens, Servi\u00e7os e Turismo, podendo ser classificadas segundo sua natureza jur\u00eddica enquanto: Microempreendedor Individual (MEI), Microempresa (ME), Empresa de Pequeno Porte (EPP), Empresa de M\u00e9dio Porte (EMP) ou Grandes Empresas.<\/p>\n\n\n\n<div style=\"height:20px\" aria-hidden=\"true\" class=\"wp-block-spacer\"><\/div>\n\n\n\n<p>Para participar do edital vigente, os interessados devem acessar o site institucional, na aba \u201cSenac Excellence\u201d, e preencher o formul\u00e1rio eletr\u00f4nico de inscri\u00e7\u00e3o, al\u00e9m de enviar a documenta\u00e7\u00e3o solicitada no edital. As inscri\u00e7\u00f5es podem ser realizadas at\u00e9 o dia 31 de outubro deste ano.<\/p>\n\n\n\n<div style=\"height:20px\" aria-hidden=\"true\" class=\"wp-block-spacer\"><\/div>\n\n\n\n<p>As premia\u00e7\u00f5es variam conforme a categoria que o candidato est\u00e1 inscrito, entre \u2018A\u2019 &#8211; Microempreendedores individuais e microempresas; e \u2018B\u2019 &#8211; empresas de pequeno, m\u00e9dio e grande porte.<\/p>\n\n\n\n<div style=\"height:20px\" aria-hidden=\"true\" class=\"wp-block-spacer\"><\/div>\n\n\n\n<figure class=\"wp-block-image size-large\"><img data-recalc-dims=\"1\" decoding=\"async\" width=\"750\" height=\"363\" src=\"https:\/\/i0.wp.com\/www.rr.senac.br\/portalsenac\/wp-content\/uploads\/2022\/03\/banner-inicial-site02-02.png?resize=750%2C363&#038;ssl=1\" alt=\"\" class=\"wp-image-2845\" srcset=\"https:\/\/i0.wp.com\/www.rr.senac.br\/portalsenac\/wp-content\/uploads\/2022\/03\/banner-inicial-site02-02.png?resize=1024%2C496&amp;ssl=1 1024w, https:\/\/i0.wp.com\/www.rr.senac.br\/portalsenac\/wp-content\/uploads\/2022\/03\/banner-inicial-site02-02.png?resize=300%2C145&amp;ssl=1 300w, https:\/\/i0.wp.com\/www.rr.senac.br\/portalsenac\/wp-content\/uploads\/2022\/03\/banner-inicial-site02-02.png?resize=768%2C372&amp;ssl=1 768w, https:\/\/i0.wp.com\/www.rr.senac.br\/portalsenac\/wp-content\/uploads\/2022\/03\/banner-inicial-site02-02.png?resize=1536%2C744&amp;ssl=1 1536w, https:\/\/i0.wp.com\/www.rr.senac.br\/portalsenac\/wp-content\/uploads\/2022\/03\/banner-inicial-site02-02.png?resize=1568%2C760&amp;ssl=1 1568w, https:\/\/i0.wp.com\/www.rr.senac.br\/portalsenac\/wp-content\/uploads\/2022\/03\/banner-inicial-site02-02.png?w=1920&amp;ssl=1 1920w\" sizes=\"(max-width: 750px) 100vw, 750px\" \/><\/figure>\n\n\n\n<p>Premia\u00e7\u00e3o:<\/p>\n\n\n\n<div style=\"height:10px\" aria-hidden=\"true\" class=\"wp-block-spacer\"><\/div>\n\n\n\n<p><strong>Categoria A:<\/strong><\/p>\n\n\n\n<p><strong>1\u00ba Lugar<\/strong> \u2013 Uma consultoria\/mentoria com carga hor\u00e1ria de 30h no segmento de atua\u00e7\u00e3o da empresa; uma di\u00e1ria com pernoite e pens\u00e3o completa (caf\u00e9 da manh\u00e3, almo\u00e7o e jantar) para uma pessoa com acompanhante na Est\u00e2ncia Ecol\u00f3gica Sesc Tepequ\u00e9m e traslado ida e volta de Boa Vista para Tepequ\u00e9m.<\/p>\n\n\n\n<div style=\"height:10px\" aria-hidden=\"true\" class=\"wp-block-spacer\"><\/div>\n\n\n\n<p><strong>2\u00ba Lugar<\/strong> \u2013 Inscri\u00e7\u00e3o, de uma vaga, em um curso FIC (Forma\u00e7\u00e3o Inicial Continuada) com carga hor\u00e1ria de 15h, podendo ser na modalidade presencial ou remota a depender da oferta, conforme programa\u00e7\u00e3o dos cursos do Senac do ano de 2023 \u00e0 escolha do premiado. Uma vaga para excurs\u00e3o ou passeio conforme programa\u00e7\u00e3o a depender da oferta do Sesc\/RR, devendo cumprir com os requisitos solicitados da atividade.<\/p>\n\n\n\n<div style=\"height:10px\" aria-hidden=\"true\" class=\"wp-block-spacer\"><\/div>\n\n\n\n<p><strong>Categoria B:<\/strong><\/p>\n\n\n\n<div style=\"height:10px\" aria-hidden=\"true\" class=\"wp-block-spacer\"><\/div>\n\n\n\n<p><strong>1\u00ba Lugar<\/strong> \u2013 Uma vaga para participa\u00e7\u00e3o da National Retail Federation (NRF Big Show) 2023, incluindo o ingresso para o evento, hospedagem sem acompanhante, passagens ida e volta de Boa Vista para Nova York.<\/p>\n\n\n\n<div style=\"height:10px\" aria-hidden=\"true\" class=\"wp-block-spacer\"><\/div>\n\n\n\n<p><strong>2\u00ba Lugar<\/strong> \u2013 Uma vaga para participa\u00e7\u00e3o da Latam Retail Show 2023, incluindo o ingresso para o evento, hospedagem sem acompanhante, passagens ida e volta de Boa Vista para S\u00e3o Paulo.<\/p>\n\n\n\n<div style=\"height:10px\" aria-hidden=\"true\" class=\"wp-block-spacer\"><\/div>\n\n\n\n<p>Para conferir os crit\u00e9rios de avalia\u00e7\u00e3o os candidatos devem acessar o edital disponibilizado no site: <a href=\"https:\/\/www.rr.senac.br\/\">https:\/\/www.rr.senac.br\/<\/a> no item cinco. Mais informa\u00e7\u00f5es sobre a premia\u00e7\u00e3o ou os servi\u00e7os in company do Senac Roraima podem ser consultados diretamente com o Senac Empresas: 98420-0787 ou email: <a href=\"mailto:atendimentoempresarial@rr.senac.br\">atendimentoempresarial@rr.senac.br<\/a><\/p>\n\n\n\n<div style=\"height:20px\" aria-hidden=\"true\" class=\"wp-block-spacer\"><\/div>\n\n\n\n<p><strong>Feiras e workshops<\/strong><\/p>\n\n\n\n<p>A National Retail Federation, em tradu\u00e7\u00e3o livre: Federa\u00e7\u00e3o Nacional do Varejo, \u00e9 um evento promovido anualmente, trazendo as a\u00e7\u00f5es, ideias e projetos inovadores no setor do com\u00e9rcio varejista. Para o ano de 2022 o evento contou com a participa\u00e7\u00e3o de mais de 700 expositores e mais de 100 sess\u00f5es. J\u00e1 o Latam Retail Show \u00e9 o evento mais importante do segmento de varejo e consumo da America Latina.<\/p>\n\n\n\n<div style=\"height:20px\" aria-hidden=\"true\" class=\"wp-block-spacer\"><\/div>\n\n\n\n<p><strong>Senac Empresas<\/strong><\/p>\n\n\n\n<p>O Atendimento Corporativo do Senac Roraima desenvolve solu\u00e7\u00f5es inovadoras que conectam diferentes modalidades, metodologias e recursos educacionais, para melhor atender \u00e0s demandas do mercado de trabalho, este \u00e9 um programa de qualifica\u00e7\u00e3o dos colaboradores, adequadas \u00e0s necessidades das empresas.<\/p>\n\n\n\n<div style=\"height:10px\" aria-hidden=\"true\" class=\"wp-block-spacer\"><\/div>\n\n\n\n<p>Os consultores especializados podem ser contatados para uma experi\u00eancia \u00fanica e direcionada \u00e0 demanda da empresa, com capacita\u00e7\u00f5es indicadas aos setores de atua\u00e7\u00e3o das institui\u00e7\u00f5es, do setor do Com\u00e9rcio de Bens, Servi\u00e7os e Turismo.<\/p>\n\n\n\n<div style=\"height:10px\" aria-hidden=\"true\" class=\"wp-block-spacer\"><\/div>\n\n\n\n<p>Para solicitar uma visita ou proposta comercial, as empresas devem entrar em contato 98420-0787 ou email: <a href=\"mailto:atendimentoempresarial@rr.senac.br\">atendimentoempresarial@rr.senac.br<\/a> ou de forma presencial na sede administrativa Sesc\/Senac, localizada na Rua Doutor Ara\u00fajo Filho, N\u00b0 947, Centro.<\/p>\n\n\n\n<div style=\"height:20px\" aria-hidden=\"true\" class=\"wp-block-spacer\"><\/div>\n\n\n\n<p>Giovanna Lima<\/p>\n\n\n\n<p>Comunica\u00e7\u00e3o Senac RR<\/p>\n","protected":false},"excerpt":{"rendered":"<p>Ganhador poder\u00e1 visitar Federa\u00e7\u00e3o Nacional do Varejo em Nova York O Servi\u00e7o Nacional de Aprendizagem Comercial (Senac\/RR) lan\u00e7ou o edital para a segunda edi\u00e7\u00e3o do Pr\u00eamio Excellence. A premia\u00e7\u00e3o tem como p\u00fablico-alvo empres\u00e1rios locais que se destacam pelo desempenho e a\u00e7\u00f5es que estimulam a qualidade&hellip; <a class=\"more-link\" href=\"https:\/\/www.rr.senac.br\/portalsenac\/senac-lanca-edital-para-participacao-da-segunda-edicao-do-premio-excellence\/\">Continuar lendo <span class=\"screen-reader-text\">Senac lan\u00e7a edital para participa\u00e7\u00e3o da segunda edi\u00e7\u00e3o do Pr\u00eamio Excellence<\/span><\/a><\/p>\n","protected":false},"author":2,"featured_media":2836,"comment_status":"closed","ping_status":"open","sticky":false,"template":"","format":"standard","meta":{"_jetpack_memberships_contains_paid_content":false,"_joinchat":[],"footnotes":""},"categories":[12],"tags":[],"class_list":["post-3221","post","type-post","status-publish","format-standard","has-post-thumbnail","hentry","category-ultimas-noticias","entry"],"jetpack_featured_media_url":"https:\/\/i0.wp.com\/www.rr.senac.br\/portalsenac\/wp-content\/uploads\/2022\/03\/imgs_site_excellence-09_Easy-Resize.com_.jpg?fit=1280%2C854&ssl=1","jetpack_sharing_enabled":true,"_links":{"self":[{"href":"https:\/\/www.rr.senac.br\/portalsenac\/wp-json\/wp\/v2\/posts\/3221","targetHints":{"allow":["GET"]}}],"collection":[{"href":"https:\/\/www.rr.senac.br\/portalsenac\/wp-json\/wp\/v2\/posts"}],"about":[{"href":"https:\/\/www.rr.senac.br\/portalsenac\/wp-json\/wp\/v2\/types\/post"}],"author":[{"embeddable":true,"href":"https:\/\/www.rr.senac.br\/portalsenac\/wp-json\/wp\/v2\/users\/2"}],"replies":[{"embeddable":true,"href":"https:\/\/www.rr.senac.br\/portalsenac\/wp-json\/wp\/v2\/comments?post=3221"}],"version-history":[{"count":0,"href":"https:\/\/www.rr.senac.br\/portalsenac\/wp-json\/wp\/v2\/posts\/3221\/revisions"}],"wp:featuredmedia":[{"embeddable":true,"href":"https:\/\/www.rr.senac.br\/portalsenac\/wp-json\/wp\/v2\/media\/2836"}],"wp:attachment":[{"href":"https:\/\/www.rr.senac.br\/portalsenac\/wp-json\/wp\/v2\/media?parent=3221"}],"wp:term":[{"taxonomy":"category","embeddable":true,"href":"https:\/\/www.rr.senac.br\/portalsenac\/wp-json\/wp\/v2\/categories?post=3221"},{"taxonomy":"post_tag","embeddable":true,"href":"https:\/\/www.rr.senac.br\/portalsenac\/wp-json\/wp\/v2\/tags?post=3221"}],"curies":[{"name":"wp","href":"https:\/\/api.w.org\/{rel}","templated":true}]}}