{"id":3226,"date":"2022-03-31T15:26:40","date_gmt":"2022-03-31T18:26:40","guid":{"rendered":"https:\/\/www.rr.senac.br\/portalsenac\/?p=3226"},"modified":"2023-06-22T16:22:04","modified_gmt":"2023-06-22T19:22:04","slug":"esquina-americana-lanca-feira-virtual-de-aconselhamento-estudantil","status":"publish","type":"post","link":"https:\/\/www.rr.senac.br\/portalsenac\/esquina-americana-lanca-feira-virtual-de-aconselhamento-estudantil\/","title":{"rendered":"Esquina Americana lan\u00e7a feira virtual de aconselhamento estudantil"},"content":{"rendered":"\n<h5 class=\"wp-block-heading\"><em>O evento em parceria com o Senac Roraima acontece de forma gratuita<\/em><\/h5>\n\n\n\n<div style=\"height:20px\" aria-hidden=\"true\" class=\"wp-block-spacer\"><\/div>\n\n\n\n<figure class=\"wp-block-image size-large\"><img data-recalc-dims=\"1\" fetchpriority=\"high\" decoding=\"async\" width=\"750\" height=\"500\" src=\"https:\/\/i0.wp.com\/www.rr.senac.br\/portalsenac\/wp-content\/uploads\/2022\/03\/editadas-4-1.jpg?resize=750%2C500&#038;ssl=1\" alt=\"\" class=\"wp-image-3135\" srcset=\"https:\/\/i0.wp.com\/www.rr.senac.br\/portalsenac\/wp-content\/uploads\/2022\/03\/editadas-4-1-scaled.jpg?resize=1024%2C683&amp;ssl=1 1024w, https:\/\/i0.wp.com\/www.rr.senac.br\/portalsenac\/wp-content\/uploads\/2022\/03\/editadas-4-1-scaled.jpg?resize=300%2C200&amp;ssl=1 300w, https:\/\/i0.wp.com\/www.rr.senac.br\/portalsenac\/wp-content\/uploads\/2022\/03\/editadas-4-1-scaled.jpg?resize=768%2C512&amp;ssl=1 768w, https:\/\/i0.wp.com\/www.rr.senac.br\/portalsenac\/wp-content\/uploads\/2022\/03\/editadas-4-1-scaled.jpg?resize=1536%2C1024&amp;ssl=1 1536w, https:\/\/i0.wp.com\/www.rr.senac.br\/portalsenac\/wp-content\/uploads\/2022\/03\/editadas-4-1-scaled.jpg?resize=2048%2C1365&amp;ssl=1 2048w, https:\/\/i0.wp.com\/www.rr.senac.br\/portalsenac\/wp-content\/uploads\/2022\/03\/editadas-4-1-scaled.jpg?resize=1568%2C1045&amp;ssl=1 1568w, https:\/\/i0.wp.com\/www.rr.senac.br\/portalsenac\/wp-content\/uploads\/2022\/03\/editadas-4-1-scaled.jpg?w=2250&amp;ssl=1 2250w\" sizes=\"(max-width: 750px) 100vw, 750px\" \/><figcaption><em>Foto: Ascom Senac RR<\/em><\/figcaption><\/figure>\n\n\n\n<p>A Esquina Americana do Senac Roraima promove feira online e gratuita entre os dias 04 e 09 de abril, para aconselhamento estudantil com 48 universidades norte-americanas. O evento tem como objetivo aproximar os estudantes brasileiros dos Estados Unidos.<\/p>\n\n\n\n<div style=\"height:20px\" aria-hidden=\"true\" class=\"wp-block-spacer\"><\/div>\n\n\n\n<p>O projeto EducationUSA \u00e9 apenas um dentre os ofertados pela Esquina Americana para alunos brasileiros, que tenham interesse em estudar no pa\u00eds norte-americano, e na Feira ser\u00e3o apresentados temas como \u201cBolsas de Estudo e Apoio Financeiro: Como encontrar a melhor op\u00e7\u00e3o financeira para voc\u00ea\u201d, \u201cAs vantagens de estudar em Community Colleges e o processo de transfer\u00eancia\u201d, entre outros. Para participar, os interessados devem se inscrever em um formul\u00e1rio dispon\u00edvel <a href=\"http:\/\/bit.ly\/FeiraEdusaBR\" data-type=\"URL\" data-id=\"bit.ly\/FeiraEdusaBR\">bit.ly\/FeiraEdusaBR<\/a><\/p>\n\n\n\n<div style=\"height:20px\" aria-hidden=\"true\" class=\"wp-block-spacer\"><\/div>\n\n\n\n<p><strong>Programa\u00e7\u00e3o<\/strong><\/p>\n\n\n\n<p>Dia 04\/04 &#8211; Segunda Feira, das 18:00 \u00e0s 19:30h Tema &#8211; Bolsas de Estudo e Apoio Financeiro: Como encontrar a melhor op\u00e7\u00e3o financeira para voc\u00ea<\/p>\n\n\n\n<div style=\"height:10px\" aria-hidden=\"true\" class=\"wp-block-spacer\"><\/div>\n\n\n\n<p>Dia 05\/04- Ter\u00e7a Feira, das 18:00 \u00e0s 19:30h Tema &#8211; Programas de ingl\u00eas intensivo e de curta dura\u00e7\u00e3o em institui\u00e7\u00f5es americanas<\/p>\n\n\n\n<div style=\"height:10px\" aria-hidden=\"true\" class=\"wp-block-spacer\"><\/div>\n\n\n\n<p>Dia 06\/04 &#8211; Quarta Feira, das 18:00 \u00e0s 19:30hs Tema- Vivendo em um Campus Americano &#8211; O que as Institui\u00e7\u00f5es Americanas Oferecem<\/p>\n\n\n\n<div style=\"height:10px\" aria-hidden=\"true\" class=\"wp-block-spacer\"><\/div>\n\n\n\n<p>Dia 07\/04- Quinta Feira, das 18:00 \u00e0s 19h30h Tema &#8211; Dicas do que fazer e n\u00e3o fazer ao se candidatar para a Gradua\u00e7\u00e3o<\/p>\n\n\n\n<div style=\"height:10px\" aria-hidden=\"true\" class=\"wp-block-spacer\"><\/div>\n\n\n\n<p>08\/04 &#8211; Sexta-Feira, das 18:00 \u00e0s 19:30h Tema &#8211; Vida Acad\u00eamica em um Campus Americano<\/p>\n\n\n\n<div style=\"height:10px\" aria-hidden=\"true\" class=\"wp-block-spacer\"><\/div>\n\n\n\n<p>Dia 09\/04 \u2013 S\u00e1bado, das 11:00 \u00e0s 12:30h Tema: Dicas do que fazer e n\u00e3o fazer ao se candidatar para a P\u00f3s Gradua\u00e7\u00e3o\/Mestrado e Doutorado<\/p>\n\n\n\n<div style=\"height:10px\" aria-hidden=\"true\" class=\"wp-block-spacer\"><\/div>\n\n\n\n<p>Dia 09\/04 \u2013 S\u00e1bado, das 14:00 \u00e0s 15:30h Tema: As vantagens de estudar em Community Colleges e o processo de transfer\u00eancia<\/p>\n\n\n\n<div style=\"height:20px\" aria-hidden=\"true\" class=\"wp-block-spacer\"><\/div>\n\n\n\n<p><strong>Sobre o EducationUSA<\/strong><\/p>\n\n\n\n<p>&nbsp;O EducationUSA \u00e9 a rede oficial do Departamento de Estado para informa\u00e7\u00f5es precisas e atualizadas sobre estudos nos EUA e possui uma rede global de mais de 400 centros de orienta\u00e7\u00e3o. O EducationUSA tem mais de 40 escrit\u00f3rios em diversas partes do Brasil, incluindo em \u201cAmerican Spaces \u2013 Centros Binacionais\u201d, universidades e organiza\u00e7\u00f5es sem fins lucrativos. A miss\u00e3o da rede \u00e9 facilitar o acesso gratuito \u00e0s informa\u00e7\u00f5es sobre oportunidades de estudos nos EUA. Mais informa\u00e7\u00f5es sobre EducationUSA no Brasil aqui: <a href=\"https:\/\/www.educationusa.org.br\">https:\/\/www.educationusa.org.br<\/a><\/p>\n\n\n\n<p>Giovanna Lima<\/p>\n\n\n\n<p>Comunica\u00e7\u00e3o Senac RR<\/p>\n","protected":false},"excerpt":{"rendered":"<p>O evento em parceria com o Senac Roraima acontece de forma gratuita A Esquina Americana do Senac Roraima promove feira online e gratuita entre os dias 04 e 09 de abril, para aconselhamento estudantil com 48 universidades norte-americanas. O evento tem como objetivo aproximar os&hellip; <a class=\"more-link\" href=\"https:\/\/www.rr.senac.br\/portalsenac\/esquina-americana-lanca-feira-virtual-de-aconselhamento-estudantil\/\">Continuar lendo <span class=\"screen-reader-text\">Esquina Americana lan\u00e7a feira virtual de aconselhamento estudantil<\/span><\/a><\/p>\n","protected":false},"author":2,"featured_media":3135,"comment_status":"closed","ping_status":"open","sticky":false,"template":"","format":"standard","meta":{"_jetpack_memberships_contains_paid_content":false,"_joinchat":[],"footnotes":""},"categories":[12],"tags":[],"class_list":["post-3226","post","type-post","status-publish","format-standard","has-post-thumbnail","hentry","category-ultimas-noticias","entry"],"jetpack_featured_media_url":"https:\/\/i0.wp.com\/www.rr.senac.br\/portalsenac\/wp-content\/uploads\/2022\/03\/editadas-4-1-scaled.jpg?fit=2560%2C1707&ssl=1","jetpack_sharing_enabled":true,"_links":{"self":[{"href":"https:\/\/www.rr.senac.br\/portalsenac\/wp-json\/wp\/v2\/posts\/3226","targetHints":{"allow":["GET"]}}],"collection":[{"href":"https:\/\/www.rr.senac.br\/portalsenac\/wp-json\/wp\/v2\/posts"}],"about":[{"href":"https:\/\/www.rr.senac.br\/portalsenac\/wp-json\/wp\/v2\/types\/post"}],"author":[{"embeddable":true,"href":"https:\/\/www.rr.senac.br\/portalsenac\/wp-json\/wp\/v2\/users\/2"}],"replies":[{"embeddable":true,"href":"https:\/\/www.rr.senac.br\/portalsenac\/wp-json\/wp\/v2\/comments?post=3226"}],"version-history":[{"count":0,"href":"https:\/\/www.rr.senac.br\/portalsenac\/wp-json\/wp\/v2\/posts\/3226\/revisions"}],"wp:featuredmedia":[{"embeddable":true,"href":"https:\/\/www.rr.senac.br\/portalsenac\/wp-json\/wp\/v2\/media\/3135"}],"wp:attachment":[{"href":"https:\/\/www.rr.senac.br\/portalsenac\/wp-json\/wp\/v2\/media?parent=3226"}],"wp:term":[{"taxonomy":"category","embeddable":true,"href":"https:\/\/www.rr.senac.br\/portalsenac\/wp-json\/wp\/v2\/categories?post=3226"},{"taxonomy":"post_tag","embeddable":true,"href":"https:\/\/www.rr.senac.br\/portalsenac\/wp-json\/wp\/v2\/tags?post=3226"}],"curies":[{"name":"wp","href":"https:\/\/api.w.org\/{rel}","templated":true}]}}