{"id":3237,"date":"2022-04-01T17:16:56","date_gmt":"2022-04-01T20:16:56","guid":{"rendered":"https:\/\/www.rr.senac.br\/portalsenac\/?p=3237"},"modified":"2023-06-22T16:22:03","modified_gmt":"2023-06-22T19:22:03","slug":"senac-roraima-oferece-curso-gratuito-no-municipio-de-amajari","status":"publish","type":"post","link":"https:\/\/www.rr.senac.br\/portalsenac\/senac-roraima-oferece-curso-gratuito-no-municipio-de-amajari\/","title":{"rendered":"Senac Roraima oferece curso gratuito no munic\u00edpio de Amajari"},"content":{"rendered":"\n<h5 class=\"wp-block-heading\"><em>Aulas ser\u00e3o presenciais<\/em><\/h5>\n\n\n\n<div style=\"height:20px\" aria-hidden=\"true\" class=\"wp-block-spacer\"><\/div>\n\n\n\n<figure class=\"wp-block-image size-large\"><img data-recalc-dims=\"1\" fetchpriority=\"high\" decoding=\"async\" width=\"750\" height=\"500\" src=\"https:\/\/i0.wp.com\/www.rr.senac.br\/portalsenac\/wp-content\/uploads\/2022\/04\/Bartender-1.jpg?resize=750%2C500&#038;ssl=1\" alt=\"\" class=\"wp-image-3236\" srcset=\"https:\/\/i0.wp.com\/www.rr.senac.br\/portalsenac\/wp-content\/uploads\/2022\/04\/Bartender-1.jpg?resize=1024%2C682&amp;ssl=1 1024w, https:\/\/i0.wp.com\/www.rr.senac.br\/portalsenac\/wp-content\/uploads\/2022\/04\/Bartender-1.jpg?resize=300%2C200&amp;ssl=1 300w, https:\/\/i0.wp.com\/www.rr.senac.br\/portalsenac\/wp-content\/uploads\/2022\/04\/Bartender-1.jpg?resize=768%2C512&amp;ssl=1 768w, https:\/\/i0.wp.com\/www.rr.senac.br\/portalsenac\/wp-content\/uploads\/2022\/04\/Bartender-1.jpg?w=1388&amp;ssl=1 1388w\" sizes=\"(max-width: 750px) 100vw, 750px\" \/><figcaption><em>Campeonato de Bartender 2021<\/em><\/figcaption><\/figure>\n\n\n\n<p>O Senac Roraima est\u00e1 com matr\u00edculas abertas para o curso de T\u00e9cnicas de Gar\u00e7om e Gar\u00e7onete no munic\u00edpio de Amajari. As aulas iniciam na pr\u00f3xima segunda-feira (04), e ser\u00e3o ministradas na Est\u00e2ncia Ecol\u00f3gica Sesc Tepequ\u00e9m.&nbsp;<\/p>\n\n\n\n<div style=\"height:20px\" aria-hidden=\"true\" class=\"wp-block-spacer\"><\/div>\n\n\n\n<p>As matr\u00edculas acontecer\u00e3o de forma presencial durante o final de semana, nos dias 02 e 03 de abril, das 8h \u00e0s 19h na Est\u00e2ncia Ecol\u00f3gica Sesc Tepequ\u00e9m, localizada na Rua RR 203 S\/N.<\/p>\n\n\n\n<div style=\"height:20px\" aria-hidden=\"true\" class=\"wp-block-spacer\"><\/div>\n\n\n\n<p>Para participar os candidatos devem ter no m\u00ednimo 18 anos e ensino fundamental completo. Al\u00e9m de apresentar a documenta\u00e7\u00e3o pessoal: RG, CPF, comprovante de resid\u00eancia e escolaridade, originais e xerox. As aulas iniciam na pr\u00f3xima segunda-feira (04), e acontecer\u00e3o em hor\u00e1rio comercial, de 8h \u00e0s 12h e 14h \u00e0s 18h.<\/p>\n\n\n\n<div style=\"height:10px\" aria-hidden=\"true\" class=\"wp-block-spacer\"><\/div>\n\n\n\n<p>Giovanna Lima<\/p>\n\n\n\n<p>Comunica\u00e7\u00e3o Senac RR<\/p>\n","protected":false},"excerpt":{"rendered":"<p>Aulas ser\u00e3o presenciais O Senac Roraima est\u00e1 com matr\u00edculas abertas para o curso de T\u00e9cnicas de Gar\u00e7om e Gar\u00e7onete no munic\u00edpio de Amajari. As aulas iniciam na pr\u00f3xima segunda-feira (04), e ser\u00e3o ministradas na Est\u00e2ncia Ecol\u00f3gica Sesc Tepequ\u00e9m.&nbsp; As matr\u00edculas acontecer\u00e3o de forma presencial durante&hellip; <a class=\"more-link\" href=\"https:\/\/www.rr.senac.br\/portalsenac\/senac-roraima-oferece-curso-gratuito-no-municipio-de-amajari\/\">Continuar lendo <span class=\"screen-reader-text\">Senac Roraima oferece curso gratuito no munic\u00edpio de Amajari<\/span><\/a><\/p>\n","protected":false},"author":2,"featured_media":3236,"comment_status":"closed","ping_status":"open","sticky":false,"template":"","format":"standard","meta":{"_jetpack_memberships_contains_paid_content":false,"_joinchat":[],"footnotes":""},"categories":[12],"tags":[],"class_list":["post-3237","post","type-post","status-publish","format-standard","has-post-thumbnail","hentry","category-ultimas-noticias","entry"],"jetpack_featured_media_url":"https:\/\/i0.wp.com\/www.rr.senac.br\/portalsenac\/wp-content\/uploads\/2022\/04\/Bartender-1.jpg?fit=1388%2C925&ssl=1","jetpack_sharing_enabled":true,"_links":{"self":[{"href":"https:\/\/www.rr.senac.br\/portalsenac\/wp-json\/wp\/v2\/posts\/3237","targetHints":{"allow":["GET"]}}],"collection":[{"href":"https:\/\/www.rr.senac.br\/portalsenac\/wp-json\/wp\/v2\/posts"}],"about":[{"href":"https:\/\/www.rr.senac.br\/portalsenac\/wp-json\/wp\/v2\/types\/post"}],"author":[{"embeddable":true,"href":"https:\/\/www.rr.senac.br\/portalsenac\/wp-json\/wp\/v2\/users\/2"}],"replies":[{"embeddable":true,"href":"https:\/\/www.rr.senac.br\/portalsenac\/wp-json\/wp\/v2\/comments?post=3237"}],"version-history":[{"count":0,"href":"https:\/\/www.rr.senac.br\/portalsenac\/wp-json\/wp\/v2\/posts\/3237\/revisions"}],"wp:featuredmedia":[{"embeddable":true,"href":"https:\/\/www.rr.senac.br\/portalsenac\/wp-json\/wp\/v2\/media\/3236"}],"wp:attachment":[{"href":"https:\/\/www.rr.senac.br\/portalsenac\/wp-json\/wp\/v2\/media?parent=3237"}],"wp:term":[{"taxonomy":"category","embeddable":true,"href":"https:\/\/www.rr.senac.br\/portalsenac\/wp-json\/wp\/v2\/categories?post=3237"},{"taxonomy":"post_tag","embeddable":true,"href":"https:\/\/www.rr.senac.br\/portalsenac\/wp-json\/wp\/v2\/tags?post=3237"}],"curies":[{"name":"wp","href":"https:\/\/api.w.org\/{rel}","templated":true}]}}