{"id":3253,"date":"2022-04-06T17:31:53","date_gmt":"2022-04-06T20:31:53","guid":{"rendered":"https:\/\/www.rr.senac.br\/portalsenac\/?p=3253"},"modified":"2023-06-22T16:22:03","modified_gmt":"2023-06-22T19:22:03","slug":"alunos-do-curso-de-empreendedorismo-encerram-curso-com-apresentacoes-de-projeto","status":"publish","type":"post","link":"https:\/\/www.rr.senac.br\/portalsenac\/alunos-do-curso-de-empreendedorismo-encerram-curso-com-apresentacoes-de-projeto\/","title":{"rendered":"Alunos do curso de empreendedorismo encerram curso com apresenta\u00e7\u00f5es de projeto"},"content":{"rendered":"\n<h5 class=\"wp-block-heading\"><em>Curso foi realizado em parceria com a ONG F\u00e9 e Alegria<\/em><\/h5>\n\n\n\n<div style=\"height:20px\" aria-hidden=\"true\" class=\"wp-block-spacer\"><\/div>\n\n\n\n<figure class=\"wp-block-image size-large\"><img data-recalc-dims=\"1\" fetchpriority=\"high\" decoding=\"async\" width=\"750\" height=\"563\" src=\"https:\/\/i0.wp.com\/www.rr.senac.br\/portalsenac\/wp-content\/uploads\/2022\/04\/editadas-17-3.jpg?resize=750%2C563&#038;ssl=1\" alt=\"\" class=\"wp-image-3254\" srcset=\"https:\/\/i0.wp.com\/www.rr.senac.br\/portalsenac\/wp-content\/uploads\/2022\/04\/editadas-17-3-scaled.jpg?resize=1024%2C768&amp;ssl=1 1024w, https:\/\/i0.wp.com\/www.rr.senac.br\/portalsenac\/wp-content\/uploads\/2022\/04\/editadas-17-3-scaled.jpg?resize=300%2C225&amp;ssl=1 300w, https:\/\/i0.wp.com\/www.rr.senac.br\/portalsenac\/wp-content\/uploads\/2022\/04\/editadas-17-3-scaled.jpg?resize=768%2C576&amp;ssl=1 768w, https:\/\/i0.wp.com\/www.rr.senac.br\/portalsenac\/wp-content\/uploads\/2022\/04\/editadas-17-3-scaled.jpg?resize=1536%2C1152&amp;ssl=1 1536w, https:\/\/i0.wp.com\/www.rr.senac.br\/portalsenac\/wp-content\/uploads\/2022\/04\/editadas-17-3-scaled.jpg?resize=2048%2C1536&amp;ssl=1 2048w, https:\/\/i0.wp.com\/www.rr.senac.br\/portalsenac\/wp-content\/uploads\/2022\/04\/editadas-17-3-scaled.jpg?resize=1568%2C1176&amp;ssl=1 1568w, https:\/\/i0.wp.com\/www.rr.senac.br\/portalsenac\/wp-content\/uploads\/2022\/04\/editadas-17-3-scaled.jpg?w=2250&amp;ssl=1 2250w\" sizes=\"(max-width: 750px) 100vw, 750px\" \/><figcaption><em>Foto: Ascom Senac RR <\/em><\/figcaption><\/figure>\n\n\n\n<div style=\"height:20px\" aria-hidden=\"true\" class=\"wp-block-spacer\"><\/div>\n\n\n\n<p>Na tarde da \u00faltima ter\u00e7a-feira (05), os alunos do curso \u2018Empreendedorismo \u2013 atitudes e planejamento\u2019 do Senac Roraima apresentaram os projetos individuais desenvolvidos durante as aulas, na unidade Bernardo Cabral. O curso \u00e9 uma parceria com a ONG F\u00e9 e Alegria.<\/p>\n\n\n\n<div style=\"height:20px\" aria-hidden=\"true\" class=\"wp-block-spacer\"><\/div>\n\n\n\n<p>&nbsp;&nbsp;&nbsp;&nbsp;&nbsp;&nbsp;&nbsp;&nbsp;&nbsp;&nbsp;&nbsp; A instrutora da turma, Viviane Moraes explicou que durante o per\u00edodo de aula os alunos aprenderam sobre a parte burocr\u00e1tica do empreendedorismo, e aplicaram na pr\u00e1tica com a \u00e1rea que j\u00e1 possuem afinidade, tal como: gastronomia e costura. \u201cEles precisam de um diferencial neste mercado competitivo, ent\u00e3o, estamos aqui para dar este suporte aos alunos\u201d, explicou.<\/p>\n\n\n\n<div style=\"height:20px\" aria-hidden=\"true\" class=\"wp-block-spacer\"><\/div>\n\n\n\n<p>&nbsp;&nbsp;&nbsp;&nbsp;&nbsp;&nbsp;&nbsp;&nbsp;&nbsp;&nbsp;&nbsp; Os projetos foram apresentados de forma individual, pois cada aluno possui um empreendimento diferente, como Yoxannys Romero que produz pasteis, empanadas e arepas. \u201cQuando estava na Venezuela j\u00e1 trabalhava com esta \u00e1rea, mas aqui no Senac estou aprendendo as quest\u00f5es legais para melhorar a minha empresa. Meu sonho \u00e9 um dia abrir uma lanchonete com meu marido, que tamb\u00e9m trabalha nesta \u00e1rea da gastronomia\u201d, contou a aluna.<\/p>\n\n\n\n<div style=\"height:20px\" aria-hidden=\"true\" class=\"wp-block-spacer\"><\/div>\n\n\n\n<figure class=\"wp-block-image size-large\"><img data-recalc-dims=\"1\" decoding=\"async\" width=\"750\" height=\"563\" src=\"https:\/\/i0.wp.com\/www.rr.senac.br\/portalsenac\/wp-content\/uploads\/2022\/04\/editadas-10-2.jpg?resize=750%2C563&#038;ssl=1\" alt=\"\" class=\"wp-image-3255\" srcset=\"https:\/\/i0.wp.com\/www.rr.senac.br\/portalsenac\/wp-content\/uploads\/2022\/04\/editadas-10-2-scaled.jpg?resize=1024%2C768&amp;ssl=1 1024w, https:\/\/i0.wp.com\/www.rr.senac.br\/portalsenac\/wp-content\/uploads\/2022\/04\/editadas-10-2-scaled.jpg?resize=300%2C225&amp;ssl=1 300w, https:\/\/i0.wp.com\/www.rr.senac.br\/portalsenac\/wp-content\/uploads\/2022\/04\/editadas-10-2-scaled.jpg?resize=768%2C576&amp;ssl=1 768w, https:\/\/i0.wp.com\/www.rr.senac.br\/portalsenac\/wp-content\/uploads\/2022\/04\/editadas-10-2-scaled.jpg?resize=1536%2C1152&amp;ssl=1 1536w, https:\/\/i0.wp.com\/www.rr.senac.br\/portalsenac\/wp-content\/uploads\/2022\/04\/editadas-10-2-scaled.jpg?resize=2048%2C1536&amp;ssl=1 2048w, https:\/\/i0.wp.com\/www.rr.senac.br\/portalsenac\/wp-content\/uploads\/2022\/04\/editadas-10-2-scaled.jpg?resize=1568%2C1176&amp;ssl=1 1568w, https:\/\/i0.wp.com\/www.rr.senac.br\/portalsenac\/wp-content\/uploads\/2022\/04\/editadas-10-2-scaled.jpg?w=2250&amp;ssl=1 2250w\" sizes=\"(max-width: 750px) 100vw, 750px\" \/><figcaption><em>Foto: Ascom Senac RR<\/em><\/figcaption><\/figure>\n\n\n\n<p>&nbsp;&nbsp;&nbsp;&nbsp;&nbsp;&nbsp;&nbsp;&nbsp;&nbsp;&nbsp;&nbsp; \u201cAprendi coisas que n\u00e3o sabia, como documenta\u00e7\u00f5es e dicas para o neg\u00f3cio. Tive algumas dificuldades com planejamento, mas gra\u00e7as a Deus, a instrutora Viviane me ajudou bastante e eu consegui aprender e desenvolver\u201d, explicou Yoxannys, que atualmente est\u00e1 focada na produ\u00e7\u00e3o de pasteis por encomenda: 98413-4337 e @yoxaromero via instagram.<\/p>\n\n\n\n<div style=\"height:20px\" aria-hidden=\"true\" class=\"wp-block-spacer\"><\/div>\n\n\n\n<figure class=\"wp-block-image size-large\"><img data-recalc-dims=\"1\" decoding=\"async\" width=\"750\" height=\"563\" src=\"https:\/\/i0.wp.com\/www.rr.senac.br\/portalsenac\/wp-content\/uploads\/2022\/04\/editadas-6-1.jpg?resize=750%2C563&#038;ssl=1\" alt=\"\" class=\"wp-image-3256\" srcset=\"https:\/\/i0.wp.com\/www.rr.senac.br\/portalsenac\/wp-content\/uploads\/2022\/04\/editadas-6-1-scaled.jpg?resize=1024%2C768&amp;ssl=1 1024w, https:\/\/i0.wp.com\/www.rr.senac.br\/portalsenac\/wp-content\/uploads\/2022\/04\/editadas-6-1-scaled.jpg?resize=300%2C225&amp;ssl=1 300w, https:\/\/i0.wp.com\/www.rr.senac.br\/portalsenac\/wp-content\/uploads\/2022\/04\/editadas-6-1-scaled.jpg?resize=768%2C576&amp;ssl=1 768w, https:\/\/i0.wp.com\/www.rr.senac.br\/portalsenac\/wp-content\/uploads\/2022\/04\/editadas-6-1-scaled.jpg?resize=1536%2C1152&amp;ssl=1 1536w, https:\/\/i0.wp.com\/www.rr.senac.br\/portalsenac\/wp-content\/uploads\/2022\/04\/editadas-6-1-scaled.jpg?resize=2048%2C1536&amp;ssl=1 2048w, https:\/\/i0.wp.com\/www.rr.senac.br\/portalsenac\/wp-content\/uploads\/2022\/04\/editadas-6-1-scaled.jpg?resize=1568%2C1176&amp;ssl=1 1568w, https:\/\/i0.wp.com\/www.rr.senac.br\/portalsenac\/wp-content\/uploads\/2022\/04\/editadas-6-1-scaled.jpg?w=2250&amp;ssl=1 2250w\" sizes=\"(max-width: 750px) 100vw, 750px\" \/><figcaption><em>Foto: Ascom Senac RR<\/em><\/figcaption><\/figure>\n\n\n\n<p>&nbsp;&nbsp;&nbsp;&nbsp;&nbsp;&nbsp;&nbsp;&nbsp;&nbsp;&nbsp;&nbsp; A assistente social da ONG F\u00e9 e Alegria, Silvia Nascimento explicou que o projeto \u00e9 financiado pela empresa \u2018Manos Unidas\u2019, e visa capacitar pessoas em situa\u00e7\u00e3o de vulnerabilidade social, com \u00eanfase no p\u00fablico feminino. \u201cO projeto est\u00e1 atendendo diversos alunos com ideias inovadoras, estrangeiros e brasileiros, e \u00e9 por isso que procuramos o Senac, que d\u00e1 esse suporte e os ajudam a entrar neste mundo do empreendedorismo\u201d.<\/p>\n\n\n\n<div style=\"height:20px\" aria-hidden=\"true\" class=\"wp-block-spacer\"><\/div>\n\n\n\n<figure class=\"wp-block-image size-large\"><img data-recalc-dims=\"1\" loading=\"lazy\" decoding=\"async\" width=\"750\" height=\"563\" src=\"https:\/\/i0.wp.com\/www.rr.senac.br\/portalsenac\/wp-content\/uploads\/2022\/04\/editadas-7-2.jpg?resize=750%2C563&#038;ssl=1\" alt=\"\" class=\"wp-image-3257\" srcset=\"https:\/\/i0.wp.com\/www.rr.senac.br\/portalsenac\/wp-content\/uploads\/2022\/04\/editadas-7-2-scaled.jpg?resize=1024%2C768&amp;ssl=1 1024w, https:\/\/i0.wp.com\/www.rr.senac.br\/portalsenac\/wp-content\/uploads\/2022\/04\/editadas-7-2-scaled.jpg?resize=300%2C225&amp;ssl=1 300w, https:\/\/i0.wp.com\/www.rr.senac.br\/portalsenac\/wp-content\/uploads\/2022\/04\/editadas-7-2-scaled.jpg?resize=768%2C576&amp;ssl=1 768w, https:\/\/i0.wp.com\/www.rr.senac.br\/portalsenac\/wp-content\/uploads\/2022\/04\/editadas-7-2-scaled.jpg?resize=1536%2C1152&amp;ssl=1 1536w, https:\/\/i0.wp.com\/www.rr.senac.br\/portalsenac\/wp-content\/uploads\/2022\/04\/editadas-7-2-scaled.jpg?resize=2048%2C1536&amp;ssl=1 2048w, https:\/\/i0.wp.com\/www.rr.senac.br\/portalsenac\/wp-content\/uploads\/2022\/04\/editadas-7-2-scaled.jpg?resize=1568%2C1176&amp;ssl=1 1568w, https:\/\/i0.wp.com\/www.rr.senac.br\/portalsenac\/wp-content\/uploads\/2022\/04\/editadas-7-2-scaled.jpg?w=2250&amp;ssl=1 2250w\" sizes=\"(max-width: 750px) 100vw, 750px\" \/><figcaption><em>Foto: Ascom Senac RR<\/em><\/figcaption><\/figure>\n\n\n\n<p>Para ela \u00e9 gratificante ver a evolu\u00e7\u00e3o dos alunos: \u201cvemos o conhecimento que eles adquiriram no Senac e apresentam hoje todos esses projetos, a expectativa fica bastante alta, e ficamos felizes em ver os resultados\u201d, finalizou.<\/p>\n\n\n\n<p>Giovanna Lima<\/p>\n\n\n\n<p>Comunica\u00e7\u00e3o Senac RR<\/p>\n","protected":false},"excerpt":{"rendered":"<p>Curso foi realizado em parceria com a ONG F\u00e9 e Alegria Na tarde da \u00faltima ter\u00e7a-feira (05), os alunos do curso \u2018Empreendedorismo \u2013 atitudes e planejamento\u2019 do Senac Roraima apresentaram os projetos individuais desenvolvidos durante as aulas, na unidade Bernardo Cabral. O curso \u00e9 uma&hellip; <a class=\"more-link\" href=\"https:\/\/www.rr.senac.br\/portalsenac\/alunos-do-curso-de-empreendedorismo-encerram-curso-com-apresentacoes-de-projeto\/\">Continuar lendo <span class=\"screen-reader-text\">Alunos do curso de empreendedorismo encerram curso com apresenta\u00e7\u00f5es de projeto<\/span><\/a><\/p>\n","protected":false},"author":2,"featured_media":3254,"comment_status":"closed","ping_status":"open","sticky":false,"template":"","format":"standard","meta":{"_jetpack_memberships_contains_paid_content":false,"_joinchat":[],"footnotes":""},"categories":[12],"tags":[],"class_list":["post-3253","post","type-post","status-publish","format-standard","has-post-thumbnail","hentry","category-ultimas-noticias","entry"],"jetpack_featured_media_url":"https:\/\/i0.wp.com\/www.rr.senac.br\/portalsenac\/wp-content\/uploads\/2022\/04\/editadas-17-3-scaled.jpg?fit=2560%2C1920&ssl=1","jetpack_sharing_enabled":true,"_links":{"self":[{"href":"https:\/\/www.rr.senac.br\/portalsenac\/wp-json\/wp\/v2\/posts\/3253","targetHints":{"allow":["GET"]}}],"collection":[{"href":"https:\/\/www.rr.senac.br\/portalsenac\/wp-json\/wp\/v2\/posts"}],"about":[{"href":"https:\/\/www.rr.senac.br\/portalsenac\/wp-json\/wp\/v2\/types\/post"}],"author":[{"embeddable":true,"href":"https:\/\/www.rr.senac.br\/portalsenac\/wp-json\/wp\/v2\/users\/2"}],"replies":[{"embeddable":true,"href":"https:\/\/www.rr.senac.br\/portalsenac\/wp-json\/wp\/v2\/comments?post=3253"}],"version-history":[{"count":0,"href":"https:\/\/www.rr.senac.br\/portalsenac\/wp-json\/wp\/v2\/posts\/3253\/revisions"}],"wp:featuredmedia":[{"embeddable":true,"href":"https:\/\/www.rr.senac.br\/portalsenac\/wp-json\/wp\/v2\/media\/3254"}],"wp:attachment":[{"href":"https:\/\/www.rr.senac.br\/portalsenac\/wp-json\/wp\/v2\/media?parent=3253"}],"wp:term":[{"taxonomy":"category","embeddable":true,"href":"https:\/\/www.rr.senac.br\/portalsenac\/wp-json\/wp\/v2\/categories?post=3253"},{"taxonomy":"post_tag","embeddable":true,"href":"https:\/\/www.rr.senac.br\/portalsenac\/wp-json\/wp\/v2\/tags?post=3253"}],"curies":[{"name":"wp","href":"https:\/\/api.w.org\/{rel}","templated":true}]}}