{"id":3309,"date":"2022-04-13T12:54:02","date_gmt":"2022-04-13T15:54:02","guid":{"rendered":"https:\/\/www.rr.senac.br\/portalsenac\/?p=3309"},"modified":"2023-06-22T16:22:03","modified_gmt":"2023-06-22T19:22:03","slug":"senac-roraima-abre-seletivos-para-14-cargos","status":"publish","type":"post","link":"https:\/\/www.rr.senac.br\/portalsenac\/senac-roraima-abre-seletivos-para-14-cargos\/","title":{"rendered":"Senac Roraima abre seletivos para 14 cargos"},"content":{"rendered":"\n<h5 class=\"wp-block-heading\"><em>Vagas s\u00e3o destinadas \u00e0 capital<\/em><\/h5>\n\n\n\n<div style=\"height:20px\" aria-hidden=\"true\" class=\"wp-block-spacer\"><\/div>\n\n\n\n<div class=\"wp-block-image\"><figure class=\"aligncenter size-large\"><img data-recalc-dims=\"1\" fetchpriority=\"high\" decoding=\"async\" width=\"750\" height=\"275\" src=\"https:\/\/i0.wp.com\/www.rr.senac.br\/portalsenac\/wp-content\/uploads\/2021\/12\/fachada_Prancheta-1.png?resize=750%2C275&#038;ssl=1\" alt=\"\" class=\"wp-image-2348\" srcset=\"https:\/\/i0.wp.com\/www.rr.senac.br\/portalsenac\/wp-content\/uploads\/2021\/12\/fachada_Prancheta-1.png?resize=1024%2C376&amp;ssl=1 1024w, https:\/\/i0.wp.com\/www.rr.senac.br\/portalsenac\/wp-content\/uploads\/2021\/12\/fachada_Prancheta-1.png?resize=300%2C110&amp;ssl=1 300w, https:\/\/i0.wp.com\/www.rr.senac.br\/portalsenac\/wp-content\/uploads\/2021\/12\/fachada_Prancheta-1.png?resize=768%2C282&amp;ssl=1 768w, https:\/\/i0.wp.com\/www.rr.senac.br\/portalsenac\/wp-content\/uploads\/2021\/12\/fachada_Prancheta-1.png?resize=1536%2C565&amp;ssl=1 1536w, https:\/\/i0.wp.com\/www.rr.senac.br\/portalsenac\/wp-content\/uploads\/2021\/12\/fachada_Prancheta-1.png?resize=1568%2C576&amp;ssl=1 1568w, https:\/\/i0.wp.com\/www.rr.senac.br\/portalsenac\/wp-content\/uploads\/2021\/12\/fachada_Prancheta-1.png?w=1651&amp;ssl=1 1651w\" sizes=\"(max-width: 750px) 100vw, 750px\" \/><figcaption><em>Foto: Ascom Senac RR<\/em><\/figcaption><\/figure><\/div>\n\n\n\n<p>O Servi\u00e7o Nacional de Aprendizagem Comercial (Senac RR) est\u00e1 com seletivos dispon\u00edveis para 14 cargos em diferentes n\u00edveis de escolaridade. O processo de inscri\u00e7\u00e3o \u00e9 totalmente online e para se cadastrar os candidatos devem acessar o site da institui\u00e7\u00e3o at\u00e9 \u00e0s 14h do dia 14 de abril.<\/p>\n\n\n\n<div style=\"height:20px\" aria-hidden=\"true\" class=\"wp-block-spacer\"><\/div>\n\n\n\n<p>As vagas dispon\u00edveis v\u00e3o desde auxiliar administrativo \u00e0 analista t\u00e9cnico, n\u00edvel fundamental ao superior. Cada cargo possui diferentes pr\u00e9-requisitos, que est\u00e3o dispon\u00edveis no edital publicado no site: <a href=\"https:\/\/www.rr.senac.br\/portalsenac\/\">https:\/\/www.rr.senac.br\/portalsenac\/<\/a> na aba \u201cnovo processo seletivo online\u201d.<\/p>\n\n\n\n<div style=\"height:20px\" aria-hidden=\"true\" class=\"wp-block-spacer\"><\/div>\n\n\n\n<p>Para participar os candidatos devem criar um curr\u00edculo na plataforma de seletivos do Senac Roraima, e inserir os dados pessoais e profissionais, tais como cursos de aperfei\u00e7oamento, certificados e diplomas. O cronograma de cada processo est\u00e1 dispon\u00edvel na plataforma.<\/p>\n\n\n\n<div style=\"height:20px\" aria-hidden=\"true\" class=\"wp-block-spacer\"><\/div>\n\n\n\n<p><strong>Confira os cargos com inscri\u00e7\u00f5es dispon\u00edveis: <\/strong>analista t\u00e9cnico II; T\u00e9cnico em nutri\u00e7\u00e3o e diet\u00e9tica; Instrutor de gastronomia; Instrutor de Sa\u00fade e Seguran\u00e7a; Instrutor Farmac\u00eautico Bioqu\u00edmico\/Bioqu\u00edmico; Fisioterapeuta dermato-funcional; instrutor de idiomas; instrutor de moda; auxiliar de administra\u00e7\u00e3o; auxiliar de servi\u00e7os gerais; Assistente administrativo de relacionamento e mercado e art\u00edfice de manuten\u00e7\u00e3o.<\/p>\n\n\n\n<p>Giovanna Lima<\/p>\n\n\n\n<p>Comunica\u00e7\u00e3o Senac RR<\/p>\n","protected":false},"excerpt":{"rendered":"<p>Vagas s\u00e3o destinadas \u00e0 capital O Servi\u00e7o Nacional de Aprendizagem Comercial (Senac RR) est\u00e1 com seletivos dispon\u00edveis para 14 cargos em diferentes n\u00edveis de escolaridade. O processo de inscri\u00e7\u00e3o \u00e9 totalmente online e para se cadastrar os candidatos devem acessar o site da institui\u00e7\u00e3o at\u00e9&hellip; <a class=\"more-link\" href=\"https:\/\/www.rr.senac.br\/portalsenac\/senac-roraima-abre-seletivos-para-14-cargos\/\">Continuar lendo <span class=\"screen-reader-text\">Senac Roraima abre seletivos para 14 cargos<\/span><\/a><\/p>\n","protected":false},"author":2,"featured_media":2348,"comment_status":"closed","ping_status":"open","sticky":false,"template":"","format":"standard","meta":{"_jetpack_memberships_contains_paid_content":false,"_joinchat":[],"footnotes":""},"categories":[12],"tags":[],"class_list":["post-3309","post","type-post","status-publish","format-standard","has-post-thumbnail","hentry","category-ultimas-noticias","entry"],"jetpack_featured_media_url":"https:\/\/i0.wp.com\/www.rr.senac.br\/portalsenac\/wp-content\/uploads\/2021\/12\/fachada_Prancheta-1.png?fit=1651%2C607&ssl=1","jetpack_sharing_enabled":true,"_links":{"self":[{"href":"https:\/\/www.rr.senac.br\/portalsenac\/wp-json\/wp\/v2\/posts\/3309","targetHints":{"allow":["GET"]}}],"collection":[{"href":"https:\/\/www.rr.senac.br\/portalsenac\/wp-json\/wp\/v2\/posts"}],"about":[{"href":"https:\/\/www.rr.senac.br\/portalsenac\/wp-json\/wp\/v2\/types\/post"}],"author":[{"embeddable":true,"href":"https:\/\/www.rr.senac.br\/portalsenac\/wp-json\/wp\/v2\/users\/2"}],"replies":[{"embeddable":true,"href":"https:\/\/www.rr.senac.br\/portalsenac\/wp-json\/wp\/v2\/comments?post=3309"}],"version-history":[{"count":0,"href":"https:\/\/www.rr.senac.br\/portalsenac\/wp-json\/wp\/v2\/posts\/3309\/revisions"}],"wp:featuredmedia":[{"embeddable":true,"href":"https:\/\/www.rr.senac.br\/portalsenac\/wp-json\/wp\/v2\/media\/2348"}],"wp:attachment":[{"href":"https:\/\/www.rr.senac.br\/portalsenac\/wp-json\/wp\/v2\/media?parent=3309"}],"wp:term":[{"taxonomy":"category","embeddable":true,"href":"https:\/\/www.rr.senac.br\/portalsenac\/wp-json\/wp\/v2\/categories?post=3309"},{"taxonomy":"post_tag","embeddable":true,"href":"https:\/\/www.rr.senac.br\/portalsenac\/wp-json\/wp\/v2\/tags?post=3309"}],"curies":[{"name":"wp","href":"https:\/\/api.w.org\/{rel}","templated":true}]}}