{"id":3311,"date":"2022-04-13T19:21:59","date_gmt":"2022-04-13T22:21:59","guid":{"rendered":"https:\/\/www.rr.senac.br\/portalsenac\/?p=3311"},"modified":"2024-06-25T15:47:38","modified_gmt":"2024-06-25T19:47:38","slug":"novo-edital-do-programa-senac-de-gratuidade-oferta-mais-de-300-vagas-em-cursos-gratuitos","status":"publish","type":"post","link":"https:\/\/www.rr.senac.br\/portalsenac\/novo-edital-do-programa-senac-de-gratuidade-oferta-mais-de-300-vagas-em-cursos-gratuitos\/","title":{"rendered":"Novo edital do Programa Senac de Gratuidade oferta mais de 300 vagas em cursos gratuitos"},"content":{"rendered":"\n<div style=\"height:20px\" aria-hidden=\"true\" class=\"wp-block-spacer\"><\/div>\n\n\n\n<h5 class=\"wp-block-heading\"><em>Destinado \u00e0 Boa Vista e Rorain\u00f3polis<\/em><\/h5>\n\n\n\n<div style=\"height:20px\" aria-hidden=\"true\" class=\"wp-block-spacer\"><\/div>\n\n\n\n<figure class=\"wp-block-image size-large\"><img data-recalc-dims=\"1\" fetchpriority=\"high\" decoding=\"async\" width=\"750\" height=\"500\" src=\"https:\/\/i0.wp.com\/www.rr.senac.br\/portalsenac\/wp-content\/uploads\/2024\/06\/PSG-Senac-Roraima-1.png?resize=750%2C500&#038;ssl=1\" alt=\"\" class=\"wp-image-7441\" srcset=\"https:\/\/i0.wp.com\/www.rr.senac.br\/portalsenac\/wp-content\/uploads\/2024\/06\/PSG-Senac-Roraima-1.png?resize=1024%2C683&amp;ssl=1 1024w, https:\/\/i0.wp.com\/www.rr.senac.br\/portalsenac\/wp-content\/uploads\/2024\/06\/PSG-Senac-Roraima-1.png?resize=300%2C200&amp;ssl=1 300w, https:\/\/i0.wp.com\/www.rr.senac.br\/portalsenac\/wp-content\/uploads\/2024\/06\/PSG-Senac-Roraima-1.png?resize=768%2C512&amp;ssl=1 768w, https:\/\/i0.wp.com\/www.rr.senac.br\/portalsenac\/wp-content\/uploads\/2024\/06\/PSG-Senac-Roraima-1.png?w=1079&amp;ssl=1 1079w\" sizes=\"(max-width: 750px) 100vw, 750px\" \/><figcaption class=\"wp-element-caption\"><em>Foto: Ascom Senac RR<\/em><\/figcaption><\/figure>\n\n\n\n<p>O Servi\u00e7o Nacional de Aprendizagem Comercial (Senac\/RR) disponibilizou mais um edital do Programa Senac de Gratuidade (PSG) com mais de 300 vagas em cursos gratuitos destinados \u00e0 popula\u00e7\u00e3o de Boa Vista e Rorain\u00f3polis. As datas para matr\u00edculas variam conforme cada turma, e podem ser consultadas no edital.<\/p>\n\n\n\n<div style=\"height:20px\" aria-hidden=\"true\" class=\"wp-block-spacer\"><\/div>\n\n\n\n<p>Este \u00e9 o quarto edital publicado durante o ano, e disp\u00f5e de cursos das \u00e1reas de gest\u00e3o, beleza, sa\u00fade, entre outras, e variam a carga hor\u00e1ria entre 160h e 1.200h, de cursos livres a t\u00e9cnico. As matr\u00edculas para o munic\u00edpio de Rorain\u00f3polis iniciam nesta quarta-feira, 13 de abril. J\u00e1 os cursos destinados \u00e0 capital, iniciam na quinta-feira (14).<\/p>\n\n\n\n<div style=\"height:20px\" aria-hidden=\"true\" class=\"wp-block-spacer\"><\/div>\n\n\n\n<p>Para participar os candidatos devem ler atentamente o edital e preencher os pr\u00e9-requisitos informados, tais como: idade, renda familiar e escolaridade, al\u00e9m de apresentar a documenta\u00e7\u00e3o completa e os anexos dispon\u00edveis no edital, originais e xerox.<\/p>\n\n\n\n<div style=\"height:20px\" aria-hidden=\"true\" class=\"wp-block-spacer\"><\/div>\n\n\n\n<p>&nbsp;Em Rorain\u00f3polis as inscri\u00e7\u00f5es acontecem na Unidade Educacional de Campo Sesc\/Senac, localizada na Rua Ayrton Senna S\/N, Bairro Campol\u00e2ndia das 14 \u00e0s 17h e das 18h \u00e0s 22 no dia 13 de abril.<\/p>\n\n\n\n<div style=\"height:20px\" aria-hidden=\"true\" class=\"wp-block-spacer\"><\/div>\n\n\n\n<p>&nbsp;Em Boa Vista os candidatos devem se dirigir ao Centro de Educa\u00e7\u00e3o Profissional Ministro Bernardo Cabral, localizado na Rua Hor\u00e1cio Mardel de Magalh\u00e3es, N\u00ba 400, Bairro Asa Branca, conforme data de matr\u00edculas do curso de prefer\u00eancia. O edital pode ser acessado no site institucional: https:\/\/www.rr.senac.br\/<\/p>\n\n\n\n<div style=\"height:20px\" aria-hidden=\"true\" class=\"wp-block-spacer\"><\/div>\n\n\n\n<p><strong>T\u00edtulos dispon\u00edveis:<\/strong><\/p>\n\n\n\n<p>Assistente Administrativo<\/p>\n\n\n\n<p>Assistente de Cr\u00e9dito e Cobran\u00e7a<\/p>\n\n\n\n<p>Assistente de Secretaria Escolar<\/p>\n\n\n\n<p>T\u00e9cnico em An\u00e1lises Clinicas<\/p>\n\n\n\n<p>Recepcionista em Meios de Hospedagem<\/p>\n\n\n\n<p>Recreador<\/p>\n\n\n\n<p>Assistente de Contabilidade<\/p>\n\n\n\n<p>Assistente Financeiro<\/p>\n\n\n\n<p>Recepcionista<\/p>\n\n\n\n<p>Operador de caixa<\/p>\n\n\n\n<p>Assistente de servi\u00e7os em com\u00e9rcio exterior<\/p>\n\n\n\n<p>Cabeleireiro Assistente<\/p>\n\n\n\n<div style=\"height:10px\" aria-hidden=\"true\" class=\"wp-block-spacer\"><\/div>\n\n\n\n<p>Giovanna Lima<\/p>\n\n\n\n<p>Comunica\u00e7\u00e3o Senac RR<\/p>\n","protected":false},"excerpt":{"rendered":"<p>Destinado \u00e0 Boa Vista e Rorain\u00f3polis O Servi\u00e7o Nacional de Aprendizagem Comercial (Senac\/RR) disponibilizou mais um edital do Programa Senac de Gratuidade (PSG) com mais de 300 vagas em cursos gratuitos destinados \u00e0 popula\u00e7\u00e3o de Boa Vista e Rorain\u00f3polis. As datas para matr\u00edculas variam conforme&hellip; <a class=\"more-link\" href=\"https:\/\/www.rr.senac.br\/portalsenac\/novo-edital-do-programa-senac-de-gratuidade-oferta-mais-de-300-vagas-em-cursos-gratuitos\/\">Continuar lendo <span class=\"screen-reader-text\">Novo edital do Programa Senac de Gratuidade oferta mais de 300 vagas em cursos gratuitos<\/span><\/a><\/p>\n","protected":false},"author":2,"featured_media":0,"comment_status":"closed","ping_status":"open","sticky":false,"template":"","format":"standard","meta":{"_jetpack_memberships_contains_paid_content":false,"_joinchat":[],"footnotes":""},"categories":[12],"tags":[],"class_list":["post-3311","post","type-post","status-publish","format-standard","hentry","category-ultimas-noticias","entry"],"jetpack_featured_media_url":"","jetpack_sharing_enabled":true,"_links":{"self":[{"href":"https:\/\/www.rr.senac.br\/portalsenac\/wp-json\/wp\/v2\/posts\/3311","targetHints":{"allow":["GET"]}}],"collection":[{"href":"https:\/\/www.rr.senac.br\/portalsenac\/wp-json\/wp\/v2\/posts"}],"about":[{"href":"https:\/\/www.rr.senac.br\/portalsenac\/wp-json\/wp\/v2\/types\/post"}],"author":[{"embeddable":true,"href":"https:\/\/www.rr.senac.br\/portalsenac\/wp-json\/wp\/v2\/users\/2"}],"replies":[{"embeddable":true,"href":"https:\/\/www.rr.senac.br\/portalsenac\/wp-json\/wp\/v2\/comments?post=3311"}],"version-history":[{"count":1,"href":"https:\/\/www.rr.senac.br\/portalsenac\/wp-json\/wp\/v2\/posts\/3311\/revisions"}],"predecessor-version":[{"id":7442,"href":"https:\/\/www.rr.senac.br\/portalsenac\/wp-json\/wp\/v2\/posts\/3311\/revisions\/7442"}],"wp:attachment":[{"href":"https:\/\/www.rr.senac.br\/portalsenac\/wp-json\/wp\/v2\/media?parent=3311"}],"wp:term":[{"taxonomy":"category","embeddable":true,"href":"https:\/\/www.rr.senac.br\/portalsenac\/wp-json\/wp\/v2\/categories?post=3311"},{"taxonomy":"post_tag","embeddable":true,"href":"https:\/\/www.rr.senac.br\/portalsenac\/wp-json\/wp\/v2\/tags?post=3311"}],"curies":[{"name":"wp","href":"https:\/\/api.w.org\/{rel}","templated":true}]}}