{"id":3315,"date":"2022-04-14T18:01:51","date_gmt":"2022-04-14T21:01:51","guid":{"rendered":"https:\/\/www.rr.senac.br\/portalsenac\/?p=3315"},"modified":"2023-06-22T16:22:03","modified_gmt":"2023-06-22T19:22:03","slug":"projeto-do-senac-roraima-oferta-dia-de-lazer-as-criancas-da-comunidade","status":"publish","type":"post","link":"https:\/\/www.rr.senac.br\/portalsenac\/projeto-do-senac-roraima-oferta-dia-de-lazer-as-criancas-da-comunidade\/","title":{"rendered":"Projeto do Senac Roraima oferta dia de lazer \u00e0s crian\u00e7as da comunidade"},"content":{"rendered":"\n<h5 class=\"wp-block-heading\"><em>\u2018Laborat\u00f3rio Juventude\u2019 foi organizado por alunos e instrutores<\/em><\/h5>\n\n\n\n<div style=\"height:20px\" aria-hidden=\"true\" class=\"wp-block-spacer\"><\/div>\n\n\n\n<div style=\"height:20px\" aria-hidden=\"true\" class=\"wp-block-spacer\"><\/div>\n\n\n\n<figure class=\"wp-block-image size-large\"><img data-recalc-dims=\"1\" fetchpriority=\"high\" decoding=\"async\" width=\"750\" height=\"500\" src=\"https:\/\/i0.wp.com\/www.rr.senac.br\/portalsenac\/wp-content\/uploads\/2022\/04\/editadas-23-1.jpg?resize=750%2C500&#038;ssl=1\" alt=\"\" class=\"wp-image-3316\" srcset=\"https:\/\/i0.wp.com\/www.rr.senac.br\/portalsenac\/wp-content\/uploads\/2022\/04\/editadas-23-1-scaled.jpg?resize=1024%2C683&amp;ssl=1 1024w, https:\/\/i0.wp.com\/www.rr.senac.br\/portalsenac\/wp-content\/uploads\/2022\/04\/editadas-23-1-scaled.jpg?resize=300%2C200&amp;ssl=1 300w, https:\/\/i0.wp.com\/www.rr.senac.br\/portalsenac\/wp-content\/uploads\/2022\/04\/editadas-23-1-scaled.jpg?resize=768%2C512&amp;ssl=1 768w, https:\/\/i0.wp.com\/www.rr.senac.br\/portalsenac\/wp-content\/uploads\/2022\/04\/editadas-23-1-scaled.jpg?resize=1536%2C1024&amp;ssl=1 1536w, https:\/\/i0.wp.com\/www.rr.senac.br\/portalsenac\/wp-content\/uploads\/2022\/04\/editadas-23-1-scaled.jpg?resize=2048%2C1365&amp;ssl=1 2048w, https:\/\/i0.wp.com\/www.rr.senac.br\/portalsenac\/wp-content\/uploads\/2022\/04\/editadas-23-1-scaled.jpg?resize=1568%2C1045&amp;ssl=1 1568w, https:\/\/i0.wp.com\/www.rr.senac.br\/portalsenac\/wp-content\/uploads\/2022\/04\/editadas-23-1-scaled.jpg?w=2250&amp;ssl=1 2250w\" sizes=\"(max-width: 750px) 100vw, 750px\" \/><figcaption><em>Foto: Ascom Senac RR<\/em><\/figcaption><\/figure>\n\n\n\n<p>O Servi\u00e7o Nacional de Aprendizagem Comercial (Senac\/RR) promoveu na \u00faltima quarta-feira (13) um dia de lazer \u00e0s crian\u00e7as da comunidade por meio do projeto \u2018Laborat\u00f3rio Juventude\u2019 com os alunos o Programa de Aprendizagem Comercial. O objetivo \u00e9 desenvolver habilidades de sensibiliza\u00e7\u00e3o com pautas comunit\u00e1rias.<\/p>\n\n\n\n<div style=\"height:20px\" aria-hidden=\"true\" class=\"wp-block-spacer\"><\/div>\n\n\n\n<p>Conforme a instrutora Naira Pereira, o projeto faz parte do Plano Nacional dos cursos de aprendizagem e recomenda atrav\u00e9s da Base Nacional Comum Curricular (BNCC) o exerc\u00edcio de solidariedade e o protagonismo juvenil. O tema explorado este ano foi \u2018Solidariedade: um combust\u00edvel para mudar o mundo, aprendizagem social.<\/p>\n\n\n\n<div style=\"height:20px\" aria-hidden=\"true\" class=\"wp-block-spacer\"><\/div>\n\n\n\n<p>\u201cA instrutora Roselita Cortez escolheu brilhantemente trabalhar com as crian\u00e7as de cinco a oito anos da comunidade que mora em torno do Senac Asa Branca, trazendo-as para o Senac para um dia de lazer\u201d, explicou Naira. Os Alunos da aprendizagem se fantasiaram de personagens infantis e proporcionaram \u00e0s crian\u00e7as lanches saud\u00e1veis, pinturas faciais, futebol, entre outras atividades.<\/p>\n\n\n\n<div style=\"height:20px\" aria-hidden=\"true\" class=\"wp-block-spacer\"><\/div>\n\n\n\n<p>Para a instrutora Roselita, o sentimento \u00e9 de \u2018gratid\u00e3o\u2019: \u201cResgatamos o que aprendemos em sala de aula e com o tema de solidariedade: um combust\u00edvel para mudar o mundo, eles tinham que realizar uma a\u00e7\u00e3o que fizesse a diferen\u00e7a na sociedade. A cada ano que desenvolvemos este projeto eu me emociono mais, n\u00e3o t\u00ednhamos feito algo com este volume que temos hoje, \u00e9 gratificante! \u201d, explicou.<\/p>\n\n\n\n<div style=\"height:20px\" aria-hidden=\"true\" class=\"wp-block-spacer\"><\/div>\n\n\n\n<p>O aprendiz Wellington Souza disse que participar do projeto foi interessante. \u201cTeve todo o processo de selecionar as crian\u00e7as que participaram, e foi bem legal! Com o tema de mudan\u00e7a, t\u00ednhamos a proposta de ofertar um dia feliz, e foi muito divertido\u201d, finalizou.<\/p>\n\n\n\n<p>Giovanna Lima<\/p>\n\n\n\n<p>Comunica\u00e7\u00e3o Senac RR<\/p>\n","protected":false},"excerpt":{"rendered":"<p>\u2018Laborat\u00f3rio Juventude\u2019 foi organizado por alunos e instrutores O Servi\u00e7o Nacional de Aprendizagem Comercial (Senac\/RR) promoveu na \u00faltima quarta-feira (13) um dia de lazer \u00e0s crian\u00e7as da comunidade por meio do projeto \u2018Laborat\u00f3rio Juventude\u2019 com os alunos o Programa de Aprendizagem Comercial. O objetivo \u00e9&hellip; <a class=\"more-link\" href=\"https:\/\/www.rr.senac.br\/portalsenac\/projeto-do-senac-roraima-oferta-dia-de-lazer-as-criancas-da-comunidade\/\">Continuar lendo <span class=\"screen-reader-text\">Projeto do Senac Roraima oferta dia de lazer \u00e0s crian\u00e7as da comunidade<\/span><\/a><\/p>\n","protected":false},"author":2,"featured_media":3317,"comment_status":"closed","ping_status":"open","sticky":false,"template":"","format":"standard","meta":{"_jetpack_memberships_contains_paid_content":false,"_joinchat":[],"footnotes":""},"categories":[12],"tags":[],"class_list":["post-3315","post","type-post","status-publish","format-standard","has-post-thumbnail","hentry","category-ultimas-noticias","entry"],"jetpack_featured_media_url":"https:\/\/i0.wp.com\/www.rr.senac.br\/portalsenac\/wp-content\/uploads\/2022\/04\/editadas-23-1-1-scaled.jpg?fit=2560%2C1707&ssl=1","jetpack_sharing_enabled":true,"_links":{"self":[{"href":"https:\/\/www.rr.senac.br\/portalsenac\/wp-json\/wp\/v2\/posts\/3315","targetHints":{"allow":["GET"]}}],"collection":[{"href":"https:\/\/www.rr.senac.br\/portalsenac\/wp-json\/wp\/v2\/posts"}],"about":[{"href":"https:\/\/www.rr.senac.br\/portalsenac\/wp-json\/wp\/v2\/types\/post"}],"author":[{"embeddable":true,"href":"https:\/\/www.rr.senac.br\/portalsenac\/wp-json\/wp\/v2\/users\/2"}],"replies":[{"embeddable":true,"href":"https:\/\/www.rr.senac.br\/portalsenac\/wp-json\/wp\/v2\/comments?post=3315"}],"version-history":[{"count":0,"href":"https:\/\/www.rr.senac.br\/portalsenac\/wp-json\/wp\/v2\/posts\/3315\/revisions"}],"wp:featuredmedia":[{"embeddable":true,"href":"https:\/\/www.rr.senac.br\/portalsenac\/wp-json\/wp\/v2\/media\/3317"}],"wp:attachment":[{"href":"https:\/\/www.rr.senac.br\/portalsenac\/wp-json\/wp\/v2\/media?parent=3315"}],"wp:term":[{"taxonomy":"category","embeddable":true,"href":"https:\/\/www.rr.senac.br\/portalsenac\/wp-json\/wp\/v2\/categories?post=3315"},{"taxonomy":"post_tag","embeddable":true,"href":"https:\/\/www.rr.senac.br\/portalsenac\/wp-json\/wp\/v2\/tags?post=3315"}],"curies":[{"name":"wp","href":"https:\/\/api.w.org\/{rel}","templated":true}]}}