{"id":3326,"date":"2022-04-22T19:07:27","date_gmt":"2022-04-22T22:07:27","guid":{"rendered":"https:\/\/www.rr.senac.br\/portalsenac\/?p=3326"},"modified":"2023-06-22T16:22:03","modified_gmt":"2023-06-22T19:22:03","slug":"alunos-da-unidade-do-senac-em-rorainopolis-apresentam-projeto-integrador","status":"publish","type":"post","link":"https:\/\/www.rr.senac.br\/portalsenac\/alunos-da-unidade-do-senac-em-rorainopolis-apresentam-projeto-integrador\/","title":{"rendered":"Alunos da unidade do Senac em Rorain\u00f3polis apresentam Projeto Integrador"},"content":{"rendered":"\n<h5 class=\"wp-block-heading\"><em>Evento aconteceu esta semana<\/em><\/h5>\n\n\n\n<div style=\"height:20px\" aria-hidden=\"true\" class=\"wp-block-spacer\"><\/div>\n\n\n\n<figure class=\"wp-block-image size-large\"><img data-recalc-dims=\"1\" fetchpriority=\"high\" decoding=\"async\" width=\"750\" height=\"500\" src=\"https:\/\/i0.wp.com\/www.rr.senac.br\/portalsenac\/wp-content\/uploads\/2022\/04\/editadas-39-2.jpg?resize=750%2C500&#038;ssl=1\" alt=\"\" class=\"wp-image-3327\" srcset=\"https:\/\/i0.wp.com\/www.rr.senac.br\/portalsenac\/wp-content\/uploads\/2022\/04\/editadas-39-2-scaled.jpg?resize=1024%2C683&amp;ssl=1 1024w, https:\/\/i0.wp.com\/www.rr.senac.br\/portalsenac\/wp-content\/uploads\/2022\/04\/editadas-39-2-scaled.jpg?resize=300%2C200&amp;ssl=1 300w, https:\/\/i0.wp.com\/www.rr.senac.br\/portalsenac\/wp-content\/uploads\/2022\/04\/editadas-39-2-scaled.jpg?resize=768%2C512&amp;ssl=1 768w, https:\/\/i0.wp.com\/www.rr.senac.br\/portalsenac\/wp-content\/uploads\/2022\/04\/editadas-39-2-scaled.jpg?resize=1536%2C1024&amp;ssl=1 1536w, https:\/\/i0.wp.com\/www.rr.senac.br\/portalsenac\/wp-content\/uploads\/2022\/04\/editadas-39-2-scaled.jpg?resize=2048%2C1365&amp;ssl=1 2048w, https:\/\/i0.wp.com\/www.rr.senac.br\/portalsenac\/wp-content\/uploads\/2022\/04\/editadas-39-2-scaled.jpg?resize=1568%2C1045&amp;ssl=1 1568w, https:\/\/i0.wp.com\/www.rr.senac.br\/portalsenac\/wp-content\/uploads\/2022\/04\/editadas-39-2-scaled.jpg?w=2250&amp;ssl=1 2250w\" sizes=\"(max-width: 750px) 100vw, 750px\" \/><figcaption><em>Foto: Ascom Senac RR<\/em><\/figcaption><\/figure>\n\n\n\n<p>O Servi\u00e7o Nacional de Aprendizagem Comercial (Senac\/RR) promoveu o Projeto Integrador das turmas de assistente de contabilidade, recursos humanos e inform\u00e1tica b\u00e1sica e avan\u00e7ada no munic\u00edpio de Rorain\u00f3polis. As apresenta\u00e7\u00f5es aconteceram na Unidade Educacional de Campo \u2013 Sesc\/Senac do local.<\/p>\n\n\n\n<div style=\"height:20px\" aria-hidden=\"true\" class=\"wp-block-spacer\"><\/div>\n\n\n\n<figure class=\"wp-block-image size-large\"><img data-recalc-dims=\"1\" decoding=\"async\" width=\"750\" height=\"500\" src=\"https:\/\/i0.wp.com\/www.rr.senac.br\/portalsenac\/wp-content\/uploads\/2022\/04\/editadas-22.jpg?resize=750%2C500&#038;ssl=1\" alt=\"\" class=\"wp-image-3330\" srcset=\"https:\/\/i0.wp.com\/www.rr.senac.br\/portalsenac\/wp-content\/uploads\/2022\/04\/editadas-22-scaled.jpg?resize=1024%2C683&amp;ssl=1 1024w, https:\/\/i0.wp.com\/www.rr.senac.br\/portalsenac\/wp-content\/uploads\/2022\/04\/editadas-22-scaled.jpg?resize=300%2C200&amp;ssl=1 300w, https:\/\/i0.wp.com\/www.rr.senac.br\/portalsenac\/wp-content\/uploads\/2022\/04\/editadas-22-scaled.jpg?resize=768%2C512&amp;ssl=1 768w, https:\/\/i0.wp.com\/www.rr.senac.br\/portalsenac\/wp-content\/uploads\/2022\/04\/editadas-22-scaled.jpg?resize=1536%2C1024&amp;ssl=1 1536w, https:\/\/i0.wp.com\/www.rr.senac.br\/portalsenac\/wp-content\/uploads\/2022\/04\/editadas-22-scaled.jpg?resize=2048%2C1365&amp;ssl=1 2048w, https:\/\/i0.wp.com\/www.rr.senac.br\/portalsenac\/wp-content\/uploads\/2022\/04\/editadas-22-scaled.jpg?resize=1568%2C1045&amp;ssl=1 1568w, https:\/\/i0.wp.com\/www.rr.senac.br\/portalsenac\/wp-content\/uploads\/2022\/04\/editadas-22-scaled.jpg?w=2250&amp;ssl=1 2250w\" sizes=\"(max-width: 750px) 100vw, 750px\" \/><figcaption><em>Foto: Ascom Senac RR<\/em><\/figcaption><\/figure>\n\n\n\n<p>A atividade marca a finaliza\u00e7\u00e3o dos cursos, com apresenta\u00e7\u00e3o do conte\u00fado que aprenderam ao longo dos meses. Os instrutores dos cursos, Jana\u00edne Pereira e Jarlison Parente explicaram a satisfa\u00e7\u00e3o com a apresenta\u00e7\u00e3o dos trabalhos \u201cagrade\u00e7o ao esfor\u00e7o de cada aluno, sei que n\u00e3o foram poucos durante este processo\u201d, externou a instrutora.<\/p>\n\n\n\n<div style=\"height:20px\" aria-hidden=\"true\" class=\"wp-block-spacer\"><\/div>\n\n\n\n<figure class=\"wp-block-image size-large\"><img data-recalc-dims=\"1\" decoding=\"async\" width=\"750\" height=\"500\" src=\"https:\/\/i0.wp.com\/www.rr.senac.br\/portalsenac\/wp-content\/uploads\/2022\/04\/editadas-38.jpg?resize=750%2C500&#038;ssl=1\" alt=\"\" class=\"wp-image-3328\" srcset=\"https:\/\/i0.wp.com\/www.rr.senac.br\/portalsenac\/wp-content\/uploads\/2022\/04\/editadas-38-scaled.jpg?resize=1024%2C683&amp;ssl=1 1024w, https:\/\/i0.wp.com\/www.rr.senac.br\/portalsenac\/wp-content\/uploads\/2022\/04\/editadas-38-scaled.jpg?resize=300%2C200&amp;ssl=1 300w, https:\/\/i0.wp.com\/www.rr.senac.br\/portalsenac\/wp-content\/uploads\/2022\/04\/editadas-38-scaled.jpg?resize=768%2C512&amp;ssl=1 768w, https:\/\/i0.wp.com\/www.rr.senac.br\/portalsenac\/wp-content\/uploads\/2022\/04\/editadas-38-scaled.jpg?resize=1536%2C1024&amp;ssl=1 1536w, https:\/\/i0.wp.com\/www.rr.senac.br\/portalsenac\/wp-content\/uploads\/2022\/04\/editadas-38-scaled.jpg?resize=2048%2C1365&amp;ssl=1 2048w, https:\/\/i0.wp.com\/www.rr.senac.br\/portalsenac\/wp-content\/uploads\/2022\/04\/editadas-38-scaled.jpg?resize=1568%2C1045&amp;ssl=1 1568w, https:\/\/i0.wp.com\/www.rr.senac.br\/portalsenac\/wp-content\/uploads\/2022\/04\/editadas-38-scaled.jpg?w=2250&amp;ssl=1 2250w\" sizes=\"(max-width: 750px) 100vw, 750px\" \/><figcaption><em>Foto: Ascom Senac RR<\/em><\/figcaption><\/figure>\n\n\n\n<p>A gerente de Educa\u00e7\u00e3o de Campo do Senac Roraima, Iduilia Bezerra deu as boas-vindas aos alunos no evento enfatizando a import\u00e2ncia dos temas abordados nas apresenta\u00e7\u00f5es. \u201cSa\u00edmos daqui hoje maravilhados, voc\u00eas entregaram muito al\u00e9m do que esper\u00e1vamos, n\u00e3o \u00e9 apenas um curso\u201d, explicou.<\/p>\n\n\n\n<div style=\"height:20px\" aria-hidden=\"true\" class=\"wp-block-spacer\"><\/div>\n\n\n\n<p>O aluno V\u00edtor Clenio falou sobre as dificuldades e supera\u00e7\u00e3o no curso. \u201cSe a gente n\u00e3o correr atr\u00e1s, quem vai? Temos que correr atr\u00e1s dos nossos sonhos\u201d. O aluno disse que no primeiro dia de aula o instrutor Jarlison aplicou a din\u00e2mica da confian\u00e7a, e os alunos caminharam pela unidade vendados, com aux\u00edlio de outro colega de classe. \u201cNo final objetivo era para que n\u00f3s confi\u00e1ssemos no trabalho do instrutor, confiamos e agora estamos aqui satisfeitos com o resultado\u201d, explicou.<\/p>\n\n\n\n<div style=\"height:20px\" aria-hidden=\"true\" class=\"wp-block-spacer\"><\/div>\n\n\n\n<p>Os projetos foram apresentados em diversos modos: v\u00eddeos, dramatiza\u00e7\u00f5es, slides, banners e cartazes. A popula\u00e7\u00e3o local esteve presente e acompanhou os trabalhos dos alunos.<\/p>\n\n\n\n<p>Giovanna Lima<\/p>\n\n\n\n<p>Comunica\u00e7\u00e3o Senac RR<\/p>\n","protected":false},"excerpt":{"rendered":"<p>Evento aconteceu esta semana O Servi\u00e7o Nacional de Aprendizagem Comercial (Senac\/RR) promoveu o Projeto Integrador das turmas de assistente de contabilidade, recursos humanos e inform\u00e1tica b\u00e1sica e avan\u00e7ada no munic\u00edpio de Rorain\u00f3polis. As apresenta\u00e7\u00f5es aconteceram na Unidade Educacional de Campo \u2013 Sesc\/Senac do local. A&hellip; <a class=\"more-link\" href=\"https:\/\/www.rr.senac.br\/portalsenac\/alunos-da-unidade-do-senac-em-rorainopolis-apresentam-projeto-integrador\/\">Continuar lendo <span class=\"screen-reader-text\">Alunos da unidade do Senac em Rorain\u00f3polis apresentam Projeto Integrador<\/span><\/a><\/p>\n","protected":false},"author":2,"featured_media":3327,"comment_status":"closed","ping_status":"open","sticky":false,"template":"","format":"standard","meta":{"_jetpack_memberships_contains_paid_content":false,"_joinchat":[],"footnotes":""},"categories":[12],"tags":[],"class_list":["post-3326","post","type-post","status-publish","format-standard","has-post-thumbnail","hentry","category-ultimas-noticias","entry"],"jetpack_featured_media_url":"https:\/\/i0.wp.com\/www.rr.senac.br\/portalsenac\/wp-content\/uploads\/2022\/04\/editadas-39-2-scaled.jpg?fit=2560%2C1707&ssl=1","jetpack_sharing_enabled":true,"_links":{"self":[{"href":"https:\/\/www.rr.senac.br\/portalsenac\/wp-json\/wp\/v2\/posts\/3326","targetHints":{"allow":["GET"]}}],"collection":[{"href":"https:\/\/www.rr.senac.br\/portalsenac\/wp-json\/wp\/v2\/posts"}],"about":[{"href":"https:\/\/www.rr.senac.br\/portalsenac\/wp-json\/wp\/v2\/types\/post"}],"author":[{"embeddable":true,"href":"https:\/\/www.rr.senac.br\/portalsenac\/wp-json\/wp\/v2\/users\/2"}],"replies":[{"embeddable":true,"href":"https:\/\/www.rr.senac.br\/portalsenac\/wp-json\/wp\/v2\/comments?post=3326"}],"version-history":[{"count":0,"href":"https:\/\/www.rr.senac.br\/portalsenac\/wp-json\/wp\/v2\/posts\/3326\/revisions"}],"wp:featuredmedia":[{"embeddable":true,"href":"https:\/\/www.rr.senac.br\/portalsenac\/wp-json\/wp\/v2\/media\/3327"}],"wp:attachment":[{"href":"https:\/\/www.rr.senac.br\/portalsenac\/wp-json\/wp\/v2\/media?parent=3326"}],"wp:term":[{"taxonomy":"category","embeddable":true,"href":"https:\/\/www.rr.senac.br\/portalsenac\/wp-json\/wp\/v2\/categories?post=3326"},{"taxonomy":"post_tag","embeddable":true,"href":"https:\/\/www.rr.senac.br\/portalsenac\/wp-json\/wp\/v2\/tags?post=3326"}],"curies":[{"name":"wp","href":"https:\/\/api.w.org\/{rel}","templated":true}]}}