{"id":3344,"date":"2022-05-06T16:31:34","date_gmt":"2022-05-06T19:31:34","guid":{"rendered":"https:\/\/www.rr.senac.br\/portalsenac\/?p=3344"},"modified":"2023-06-22T16:22:03","modified_gmt":"2023-06-22T19:22:03","slug":"senac-realiza-formatura-de-curso-tecnico-em-analises-clinicas","status":"publish","type":"post","link":"https:\/\/www.rr.senac.br\/portalsenac\/senac-realiza-formatura-de-curso-tecnico-em-analises-clinicas\/","title":{"rendered":"Senac realiza formatura de curso t\u00e9cnico em an\u00e1lises cl\u00ednicas"},"content":{"rendered":"\n<div style=\"height:20px\" aria-hidden=\"true\" class=\"wp-block-spacer\"><\/div>\n\n\n\n<figure class=\"wp-block-image size-large\"><img data-recalc-dims=\"1\" fetchpriority=\"high\" decoding=\"async\" width=\"750\" height=\"500\" src=\"https:\/\/i0.wp.com\/www.rr.senac.br\/portalsenac\/wp-content\/uploads\/2022\/05\/editadas-4-2.jpg?resize=750%2C500&#038;ssl=1\" alt=\"\" class=\"wp-image-3345\" srcset=\"https:\/\/i0.wp.com\/www.rr.senac.br\/portalsenac\/wp-content\/uploads\/2022\/05\/editadas-4-2-scaled.jpg?resize=1024%2C683&amp;ssl=1 1024w, https:\/\/i0.wp.com\/www.rr.senac.br\/portalsenac\/wp-content\/uploads\/2022\/05\/editadas-4-2-scaled.jpg?resize=300%2C200&amp;ssl=1 300w, https:\/\/i0.wp.com\/www.rr.senac.br\/portalsenac\/wp-content\/uploads\/2022\/05\/editadas-4-2-scaled.jpg?resize=768%2C512&amp;ssl=1 768w, https:\/\/i0.wp.com\/www.rr.senac.br\/portalsenac\/wp-content\/uploads\/2022\/05\/editadas-4-2-scaled.jpg?resize=1536%2C1024&amp;ssl=1 1536w, https:\/\/i0.wp.com\/www.rr.senac.br\/portalsenac\/wp-content\/uploads\/2022\/05\/editadas-4-2-scaled.jpg?resize=2048%2C1365&amp;ssl=1 2048w, https:\/\/i0.wp.com\/www.rr.senac.br\/portalsenac\/wp-content\/uploads\/2022\/05\/editadas-4-2-scaled.jpg?resize=1568%2C1045&amp;ssl=1 1568w, https:\/\/i0.wp.com\/www.rr.senac.br\/portalsenac\/wp-content\/uploads\/2022\/05\/editadas-4-2-scaled.jpg?w=2250&amp;ssl=1 2250w\" sizes=\"(max-width: 750px) 100vw, 750px\" \/><figcaption>Foto: Ascom Senac RR<\/figcaption><\/figure>\n\n\n\n<p>Na \u00faltima quarta-feira (04) aconteceu na Sede Administrativa Sesc e Senac, a formatura do curso t\u00e9cnico em an\u00e1lises cl\u00ednicas do Senac Roraima. A cerim\u00f4nia contou com a participa\u00e7\u00e3o dos amigos e familiares, al\u00e9m das autoridades representantes da institui\u00e7\u00e3o.<\/p>\n\n\n\n<div style=\"height:20px\" aria-hidden=\"true\" class=\"wp-block-spacer\"><\/div>\n\n\n\n<p>Ap\u00f3s 17 meses de curso, com carga hor\u00e1ria de 1.200h, 23 alunos conclu\u00edram o curso e receberam o diploma em uma cerim\u00f4nia com a presen\u00e7a de amigos e familiares, al\u00e9m da diretora regional Sesc e Senac, Lisiane Carnetti, a gerente de educa\u00e7\u00e3o profissional do Senac Roraima, Fernanda Paula Barbosa, a coordenadora dos cursos de sa\u00fade, Bruna Alves, e o instrutor do curso Abner Andrade.<\/p>\n\n\n\n<div style=\"height:20px\" aria-hidden=\"true\" class=\"wp-block-spacer\"><\/div>\n\n\n\n<p>A diretora do Senac, Lisiane Carnetti falou durante a cerim\u00f4nia sobre a import\u00e2ncia de trabalhar com amor. \u201cVoc\u00eas est\u00e3o saindo daqui excelentes profissionais, e o dinheiro ser\u00e1 uma consequ\u00eancia para quem faz o que ama\u201d. Al\u00e9m disso ressaltou a import\u00e2ncia da educa\u00e7\u00e3o: \u201cEstamos aqui porque acreditamos no poder da educa\u00e7\u00e3o, a educa\u00e7\u00e3o \u00e9 capaz de transformar a nossa realidade, e voc\u00eas est\u00e3o aqui enchendo nossos cora\u00e7\u00f5es com este resultado\u201d, finalizou Lisiane.<\/p>\n\n\n\n<div style=\"height:20px\" aria-hidden=\"true\" class=\"wp-block-spacer\"><\/div>\n\n\n\n<p>O instrutor do curso, Abner Andrade relembrou os momentos com a turma, e todas as dificuldades que os alunos enfrentaram ao longo das aulas, por terem estudado em meio \u00e0 pandemia. \u201cVoc\u00eas s\u00e3o vencedores, e eu me formei neste mesmo curso em 2008, j\u00e1 falei para voc\u00eas que tudo que conquistei foi gra\u00e7as \u00e0 esta profiss\u00e3o. Tenho o sentimento de dever cumprido\u201d, finalizou.<\/p>\n\n\n\n<div style=\"height:20px\" aria-hidden=\"true\" class=\"wp-block-spacer\"><\/div>\n\n\n\n<p>O Senac deseja uma \u00f3tima jornada aos alunos, e como foi citado durante a cerim\u00f4nia: a vida \u00e9 feita de ciclos, e agora voc\u00eas est\u00e3o trilhando novos caminhos! &nbsp;Estamos orgulhosos de todos voc\u00eas.<\/p>\n\n\n\n<div style=\"height:20px\" aria-hidden=\"true\" class=\"wp-block-spacer\"><\/div>\n\n\n\n<figure class=\"wp-block-image size-large\"><img data-recalc-dims=\"1\" decoding=\"async\" width=\"750\" height=\"500\" src=\"https:\/\/i0.wp.com\/www.rr.senac.br\/portalsenac\/wp-content\/uploads\/2022\/05\/editadas-11-4.jpg?resize=750%2C500&#038;ssl=1\" alt=\"\" class=\"wp-image-3347\" srcset=\"https:\/\/i0.wp.com\/www.rr.senac.br\/portalsenac\/wp-content\/uploads\/2022\/05\/editadas-11-4-scaled.jpg?resize=1024%2C683&amp;ssl=1 1024w, https:\/\/i0.wp.com\/www.rr.senac.br\/portalsenac\/wp-content\/uploads\/2022\/05\/editadas-11-4-scaled.jpg?resize=300%2C200&amp;ssl=1 300w, https:\/\/i0.wp.com\/www.rr.senac.br\/portalsenac\/wp-content\/uploads\/2022\/05\/editadas-11-4-scaled.jpg?resize=768%2C512&amp;ssl=1 768w, https:\/\/i0.wp.com\/www.rr.senac.br\/portalsenac\/wp-content\/uploads\/2022\/05\/editadas-11-4-scaled.jpg?resize=1536%2C1024&amp;ssl=1 1536w, https:\/\/i0.wp.com\/www.rr.senac.br\/portalsenac\/wp-content\/uploads\/2022\/05\/editadas-11-4-scaled.jpg?resize=2048%2C1365&amp;ssl=1 2048w, https:\/\/i0.wp.com\/www.rr.senac.br\/portalsenac\/wp-content\/uploads\/2022\/05\/editadas-11-4-scaled.jpg?resize=1568%2C1045&amp;ssl=1 1568w, https:\/\/i0.wp.com\/www.rr.senac.br\/portalsenac\/wp-content\/uploads\/2022\/05\/editadas-11-4-scaled.jpg?w=2250&amp;ssl=1 2250w\" sizes=\"(max-width: 750px) 100vw, 750px\" \/><figcaption><em>Foto: Ascom Senac R<\/em>oraima<\/figcaption><\/figure>\n\n\n\n<p>Aguardamos voc\u00eas nos #CasosDeSucesso!<\/p>\n\n\n\n<p>Giovanna Lima<\/p>\n\n\n\n<p>Comunica\u00e7\u00e3o Senac RR<\/p>\n","protected":false},"excerpt":{"rendered":"<p>Na \u00faltima quarta-feira (04) aconteceu na Sede Administrativa Sesc e Senac, a formatura do curso t\u00e9cnico em an\u00e1lises cl\u00ednicas do Senac Roraima. A cerim\u00f4nia contou com a participa\u00e7\u00e3o dos amigos e familiares, al\u00e9m das autoridades representantes da institui\u00e7\u00e3o. Ap\u00f3s 17 meses de curso, com carga&hellip; <a class=\"more-link\" href=\"https:\/\/www.rr.senac.br\/portalsenac\/senac-realiza-formatura-de-curso-tecnico-em-analises-clinicas\/\">Continuar lendo <span class=\"screen-reader-text\">Senac realiza formatura de curso t\u00e9cnico em an\u00e1lises cl\u00ednicas<\/span><\/a><\/p>\n","protected":false},"author":2,"featured_media":3345,"comment_status":"closed","ping_status":"open","sticky":false,"template":"","format":"standard","meta":{"_jetpack_memberships_contains_paid_content":false,"_joinchat":[],"footnotes":""},"categories":[12],"tags":[],"class_list":["post-3344","post","type-post","status-publish","format-standard","has-post-thumbnail","hentry","category-ultimas-noticias","entry"],"jetpack_featured_media_url":"https:\/\/i0.wp.com\/www.rr.senac.br\/portalsenac\/wp-content\/uploads\/2022\/05\/editadas-4-2-scaled.jpg?fit=2560%2C1707&ssl=1","jetpack_sharing_enabled":true,"_links":{"self":[{"href":"https:\/\/www.rr.senac.br\/portalsenac\/wp-json\/wp\/v2\/posts\/3344","targetHints":{"allow":["GET"]}}],"collection":[{"href":"https:\/\/www.rr.senac.br\/portalsenac\/wp-json\/wp\/v2\/posts"}],"about":[{"href":"https:\/\/www.rr.senac.br\/portalsenac\/wp-json\/wp\/v2\/types\/post"}],"author":[{"embeddable":true,"href":"https:\/\/www.rr.senac.br\/portalsenac\/wp-json\/wp\/v2\/users\/2"}],"replies":[{"embeddable":true,"href":"https:\/\/www.rr.senac.br\/portalsenac\/wp-json\/wp\/v2\/comments?post=3344"}],"version-history":[{"count":0,"href":"https:\/\/www.rr.senac.br\/portalsenac\/wp-json\/wp\/v2\/posts\/3344\/revisions"}],"wp:featuredmedia":[{"embeddable":true,"href":"https:\/\/www.rr.senac.br\/portalsenac\/wp-json\/wp\/v2\/media\/3345"}],"wp:attachment":[{"href":"https:\/\/www.rr.senac.br\/portalsenac\/wp-json\/wp\/v2\/media?parent=3344"}],"wp:term":[{"taxonomy":"category","embeddable":true,"href":"https:\/\/www.rr.senac.br\/portalsenac\/wp-json\/wp\/v2\/categories?post=3344"},{"taxonomy":"post_tag","embeddable":true,"href":"https:\/\/www.rr.senac.br\/portalsenac\/wp-json\/wp\/v2\/tags?post=3344"}],"curies":[{"name":"wp","href":"https:\/\/api.w.org\/{rel}","templated":true}]}}