{"id":3352,"date":"2022-05-10T20:40:42","date_gmt":"2022-05-10T23:40:42","guid":{"rendered":"https:\/\/www.rr.senac.br\/portalsenac\/?p=3352"},"modified":"2023-06-22T16:22:03","modified_gmt":"2023-06-22T19:22:03","slug":"senac-lanca-mais-de-400-vagas-em-cursos-gratuitos-em-roraima","status":"publish","type":"post","link":"https:\/\/www.rr.senac.br\/portalsenac\/senac-lanca-mais-de-400-vagas-em-cursos-gratuitos-em-roraima\/","title":{"rendered":"Senac lan\u00e7a mais de 400 vagas em cursos gratuitos em Roraima"},"content":{"rendered":"\n<div style=\"height:28px\" aria-hidden=\"true\" class=\"wp-block-spacer\"><\/div>\n\n\n\n<h5 class=\"wp-block-heading\"><em>Este \u00e9 o quinto edital do Programa em 2022<\/em><\/h5>\n\n\n\n<div style=\"height:20px\" aria-hidden=\"true\" class=\"wp-block-spacer\"><\/div>\n\n\n\n<figure class=\"wp-block-image size-large\"><img data-recalc-dims=\"1\" fetchpriority=\"high\" decoding=\"async\" width=\"750\" height=\"500\" src=\"https:\/\/i0.wp.com\/www.rr.senac.br\/portalsenac\/wp-content\/uploads\/2022\/05\/Senac-Roraima-PSG-2.jpg?resize=750%2C500&#038;ssl=1\" alt=\"\" class=\"wp-image-3354\" srcset=\"https:\/\/i0.wp.com\/www.rr.senac.br\/portalsenac\/wp-content\/uploads\/2022\/05\/Senac-Roraima-PSG-2-scaled.jpg?resize=1024%2C683&amp;ssl=1 1024w, https:\/\/i0.wp.com\/www.rr.senac.br\/portalsenac\/wp-content\/uploads\/2022\/05\/Senac-Roraima-PSG-2-scaled.jpg?resize=300%2C200&amp;ssl=1 300w, https:\/\/i0.wp.com\/www.rr.senac.br\/portalsenac\/wp-content\/uploads\/2022\/05\/Senac-Roraima-PSG-2-scaled.jpg?resize=768%2C512&amp;ssl=1 768w, https:\/\/i0.wp.com\/www.rr.senac.br\/portalsenac\/wp-content\/uploads\/2022\/05\/Senac-Roraima-PSG-2-scaled.jpg?resize=1536%2C1024&amp;ssl=1 1536w, https:\/\/i0.wp.com\/www.rr.senac.br\/portalsenac\/wp-content\/uploads\/2022\/05\/Senac-Roraima-PSG-2-scaled.jpg?resize=2048%2C1365&amp;ssl=1 2048w, https:\/\/i0.wp.com\/www.rr.senac.br\/portalsenac\/wp-content\/uploads\/2022\/05\/Senac-Roraima-PSG-2-scaled.jpg?resize=1568%2C1045&amp;ssl=1 1568w, https:\/\/i0.wp.com\/www.rr.senac.br\/portalsenac\/wp-content\/uploads\/2022\/05\/Senac-Roraima-PSG-2-scaled.jpg?w=2250&amp;ssl=1 2250w\" sizes=\"(max-width: 750px) 100vw, 750px\" \/><figcaption><em>Foto: Ascom Senac Roraima<\/em><\/figcaption><\/figure>\n\n\n\n<p>O Servi\u00e7o Nacional de Aprendizagem Comercial (Senac Roraima) lan\u00e7ou o quinto edital do Programa Senac de Gratuidade (PSG) em cursos totalmente gratuitos, com mais de 400 vagas destinadas \u00e0 capital e interior. Inscri\u00e7\u00f5es ser\u00e3o presenciais e iniciam dia 11 de maio e se estendem at\u00e9 o dia 17.<\/p>\n\n\n\n<p>A institui\u00e7\u00e3o oferta por meio deste edital cursos das \u00e1reas de sa\u00fade, tecnologia e gest\u00e3o, destinadas aos munic\u00edpios de Boa Vista, Iracema, Rorain\u00f3polis e S\u00e3o Jo\u00e3o da Baliza. As inscri\u00e7\u00f5es na capital e em Rorain\u00f3polis iniciam dia 11; em Iracema dia 12 e em S\u00e3o Jo\u00e3o da Baliza no dia 17 deste m\u00eas.<\/p>\n\n\n\n<p>O PSG \u00e9 destina-se \u00e0 capacita\u00e7\u00e3o de pessoas de baixa renda, na condi\u00e7\u00e3o de aluno matriculado ou egresso da educa\u00e7\u00e3o b\u00e1sica e a trabalhadores empregados ou desempregados, tendo prioridade no atendimento \u00e0queles que satisfazem as condi\u00e7\u00f5es do projeto.<\/p>\n\n\n\n<p>Para participar os candidatos devem acessar o edital dispon\u00edvel no site da institui\u00e7\u00e3o e conferir os pr\u00e9-requisitos espec\u00edficos de cada curso. As inscri\u00e7\u00f5es acontecem de forma presencial em uma unidade representante do munic\u00edpio, que podem ser consultadas tamb\u00e9m no edital.<\/p>\n\n\n\n<p>Mais informa\u00e7\u00f5es sobre o edital e o processo de inscri\u00e7\u00e3o os interessados podem entrar em contato com o Senac nos n\u00fameros: 3224-1988 ou 98420-9992.<\/p>\n\n\n\n<p>Confira a lista de t\u00edtulos dispon\u00edveis:<\/p>\n\n\n\n<p><strong>Boa Vista<\/strong><\/p>\n\n\n\n<p>Cuidador Infantil<\/p>\n\n\n\n<p>Cuidador de idoso<\/p>\n\n\n\n<p>Agente de Combate \u00e0s Endemias<\/p>\n\n\n\n<p>Operador de Computador<\/p>\n\n\n\n<p>Rotinas de departamento pessoal<\/p>\n\n\n\n<p>Qualidade nas Rela\u00e7\u00f5es Interpessoais e no Atendimento ao Cliente<\/p>\n\n\n\n<p>Assistente Administrativo em Com\u00e9rcio e Servi\u00e7o<\/p>\n\n\n\n<p><strong>Local para matr\u00edcula: Unidade Ministro Bernardo Cabral<\/strong><\/p>\n\n\n\n<p><strong>Rua Hor\u00e1cio Mardel de Magalh\u00e3es, N\u00b0400, Asa Branca<\/strong><\/p>\n\n\n\n<p><strong>Rorain\u00f3polis<\/strong><\/p>\n\n\n\n<p>Operador de Computador<\/p>\n\n\n\n<p>Inform\u00e1tica B\u00e1sica e Avan\u00e7ada<\/p>\n\n\n\n<p><strong>Local para matr\u00edcula: Unidade Educacional de Campo Sesc e Senac<\/strong><\/p>\n\n\n\n<p><strong>Rua Ayrton Senna, S\/N, Campol\u00e2ndia<\/strong><\/p>\n\n\n\n<p><strong>Iracema<\/strong><\/p>\n\n\n\n<p>Inform\u00e1tica B\u00e1sica e Avan\u00e7ada<\/p>\n\n\n\n<p><strong>Local para matr\u00edcula: Unidade Educacional de Campo Sesc e Senac<\/strong><\/p>\n\n\n\n<p><strong>Rua Princesa Isabel, S\/N<\/strong><\/p>\n\n\n\n<p><strong>S\u00e3o Jo\u00e3o da Baliza<\/strong><\/p>\n\n\n\n<p>Assistente Administrativo<\/p>\n\n\n\n<p>Recepcionista<\/p>\n\n\n\n<p>Inform\u00e1tica B\u00e1sica e Avan\u00e7ada<\/p>\n\n\n\n<p>Inform\u00e1tica B\u00e1sica e Avan\u00e7ada<\/p>\n\n\n\n<p><strong>Local para matr\u00edcula: Unidade Educacional de Campo Sesc e Senac<\/strong><\/p>\n\n\n\n<p><strong>Avenida S\u00e3o Crist\u00f3v\u00e3o, S\/N,&nbsp; Jardim Floresta<\/strong><\/p>\n\n\n\n<p>Giovanna Lima<\/p>\n\n\n\n<p>Comunica\u00e7\u00e3o Senac Roraima<\/p>\n","protected":false},"excerpt":{"rendered":"<p>Este \u00e9 o quinto edital do Programa em 2022 O Servi\u00e7o Nacional de Aprendizagem Comercial (Senac Roraima) lan\u00e7ou o quinto edital do Programa Senac de Gratuidade (PSG) em cursos totalmente gratuitos, com mais de 400 vagas destinadas \u00e0 capital e interior. Inscri\u00e7\u00f5es ser\u00e3o presenciais e&hellip; <a class=\"more-link\" href=\"https:\/\/www.rr.senac.br\/portalsenac\/senac-lanca-mais-de-400-vagas-em-cursos-gratuitos-em-roraima\/\">Continuar lendo <span class=\"screen-reader-text\">Senac lan\u00e7a mais de 400 vagas em cursos gratuitos em Roraima<\/span><\/a><\/p>\n","protected":false},"author":2,"featured_media":3354,"comment_status":"closed","ping_status":"open","sticky":false,"template":"","format":"standard","meta":{"_jetpack_memberships_contains_paid_content":false,"_joinchat":[],"footnotes":""},"categories":[12],"tags":[],"class_list":["post-3352","post","type-post","status-publish","format-standard","has-post-thumbnail","hentry","category-ultimas-noticias","entry"],"jetpack_featured_media_url":"https:\/\/i0.wp.com\/www.rr.senac.br\/portalsenac\/wp-content\/uploads\/2022\/05\/Senac-Roraima-PSG-2-scaled.jpg?fit=2560%2C1707&ssl=1","jetpack_sharing_enabled":true,"_links":{"self":[{"href":"https:\/\/www.rr.senac.br\/portalsenac\/wp-json\/wp\/v2\/posts\/3352","targetHints":{"allow":["GET"]}}],"collection":[{"href":"https:\/\/www.rr.senac.br\/portalsenac\/wp-json\/wp\/v2\/posts"}],"about":[{"href":"https:\/\/www.rr.senac.br\/portalsenac\/wp-json\/wp\/v2\/types\/post"}],"author":[{"embeddable":true,"href":"https:\/\/www.rr.senac.br\/portalsenac\/wp-json\/wp\/v2\/users\/2"}],"replies":[{"embeddable":true,"href":"https:\/\/www.rr.senac.br\/portalsenac\/wp-json\/wp\/v2\/comments?post=3352"}],"version-history":[{"count":0,"href":"https:\/\/www.rr.senac.br\/portalsenac\/wp-json\/wp\/v2\/posts\/3352\/revisions"}],"wp:featuredmedia":[{"embeddable":true,"href":"https:\/\/www.rr.senac.br\/portalsenac\/wp-json\/wp\/v2\/media\/3354"}],"wp:attachment":[{"href":"https:\/\/www.rr.senac.br\/portalsenac\/wp-json\/wp\/v2\/media?parent=3352"}],"wp:term":[{"taxonomy":"category","embeddable":true,"href":"https:\/\/www.rr.senac.br\/portalsenac\/wp-json\/wp\/v2\/categories?post=3352"},{"taxonomy":"post_tag","embeddable":true,"href":"https:\/\/www.rr.senac.br\/portalsenac\/wp-json\/wp\/v2\/tags?post=3352"}],"curies":[{"name":"wp","href":"https:\/\/api.w.org\/{rel}","templated":true}]}}