{"id":3359,"date":"2022-05-17T19:23:10","date_gmt":"2022-05-17T22:23:10","guid":{"rendered":"https:\/\/www.rr.senac.br\/portalsenac\/?p=3359"},"modified":"2023-06-22T16:22:03","modified_gmt":"2023-06-22T19:22:03","slug":"alunos-do-senac-em-sao-joao-da-baliza-apresentam-projeto-integrador","status":"publish","type":"post","link":"https:\/\/www.rr.senac.br\/portalsenac\/alunos-do-senac-em-sao-joao-da-baliza-apresentam-projeto-integrador\/","title":{"rendered":"Alunos do Senac em S\u00e3o Jo\u00e3o da Baliza apresentam Projeto Integrador"},"content":{"rendered":"\n<p>Evento aconteceu na \u00faltima segunda-feira <\/p>\n\n\n\n<div style=\"height:20px\" aria-hidden=\"true\" class=\"wp-block-spacer\"><\/div>\n\n\n\n<figure class=\"wp-block-image size-large\"><img data-recalc-dims=\"1\" fetchpriority=\"high\" decoding=\"async\" width=\"750\" height=\"500\" src=\"https:\/\/i0.wp.com\/www.rr.senac.br\/portalsenac\/wp-content\/uploads\/2022\/05\/editadas-66.jpg?resize=750%2C500&#038;ssl=1\" alt=\"\" class=\"wp-image-3360\" srcset=\"https:\/\/i0.wp.com\/www.rr.senac.br\/portalsenac\/wp-content\/uploads\/2022\/05\/editadas-66-scaled.jpg?resize=1024%2C683&amp;ssl=1 1024w, https:\/\/i0.wp.com\/www.rr.senac.br\/portalsenac\/wp-content\/uploads\/2022\/05\/editadas-66-scaled.jpg?resize=300%2C200&amp;ssl=1 300w, https:\/\/i0.wp.com\/www.rr.senac.br\/portalsenac\/wp-content\/uploads\/2022\/05\/editadas-66-scaled.jpg?resize=768%2C512&amp;ssl=1 768w, https:\/\/i0.wp.com\/www.rr.senac.br\/portalsenac\/wp-content\/uploads\/2022\/05\/editadas-66-scaled.jpg?resize=1536%2C1024&amp;ssl=1 1536w, https:\/\/i0.wp.com\/www.rr.senac.br\/portalsenac\/wp-content\/uploads\/2022\/05\/editadas-66-scaled.jpg?resize=2048%2C1365&amp;ssl=1 2048w, https:\/\/i0.wp.com\/www.rr.senac.br\/portalsenac\/wp-content\/uploads\/2022\/05\/editadas-66-scaled.jpg?resize=1568%2C1045&amp;ssl=1 1568w, https:\/\/i0.wp.com\/www.rr.senac.br\/portalsenac\/wp-content\/uploads\/2022\/05\/editadas-66-scaled.jpg?w=2250&amp;ssl=1 2250w\" sizes=\"(max-width: 750px) 100vw, 750px\" \/><figcaption><em>Foto: Ascom Senac RR<\/em><\/figcaption><\/figure>\n\n\n\n<p>Os alunos da \u00e1rea da gest\u00e3o do Senac Roraima apresentaram o projeto integrador dos cursos de assistente administrativo e recursos humanos na \u00faltima segunda-feira (16), na Unidade Educacional de Campo Sesc\/Senac de S\u00e3o Jo\u00e3o da Baliza.<\/p>\n\n\n\n<div style=\"height:20px\" aria-hidden=\"true\" class=\"wp-block-spacer\"><\/div>\n\n\n\n<p>O Projeto Integrador (P.I.) marca o encerramento de diversos cursos do Senac Roraima, e os alunos do Sul do Estado apresentaram diversas tem\u00e1ticas, envolvendo relacionamento com cliente, agilidade no atendimento, gin\u00e1stica laboral e capacita\u00e7\u00e3o dos colaboradores em uma empresa. As apresenta\u00e7\u00f5es foram acompanhadas pela instrutora dos cursos, Ivanira Farias.<\/p>\n\n\n\n<div style=\"height:20px\" aria-hidden=\"true\" class=\"wp-block-spacer\"><\/div>\n\n\n\n<p>A instrutora contou que durante dois meses os alunos enfrentaram diversos desafios durante o per\u00edodo do curso. \u201cTodos s\u00e3o muito esfor\u00e7ados e durante este tempo, ver a dedica\u00e7\u00e3o dos alunos me enche de orgulho\u201d, explanou. Ivanira ainda falou sobre as dificuldades em conciliar a jornada de trabalho e as aulas. \u201cNa turma da noite a grande maioria dos alunos trabalha o dia todo, e enfrentar mais quatro horas de aulas ap\u00f3s um dia cansativo n\u00e3o \u00e9 f\u00e1cil\u201d. Conforme a instrutora, ap\u00f3s ver a apresenta\u00e7\u00e3o de todos os alunos, o sentimento \u00e9 \u201cde dever cumprido\u201d.<\/p>\n\n\n\n<div style=\"height:20px\" aria-hidden=\"true\" class=\"wp-block-spacer\"><\/div>\n\n\n\n<p>Ivanira explicou que durante o curso o importante \u00e9 se reinventar. \u201cSe eu passar apenas conte\u00fado te\u00f3rico os alunos ficam cansados e as aulas precisam ser animadas, ent\u00e3o organizamos din\u00e2micas, e v\u00e1rios m\u00e9todos para captar a aten\u00e7\u00e3o dos alunos\u201d, explicou.<\/p>\n\n\n\n<div style=\"height:20px\" aria-hidden=\"true\" class=\"wp-block-spacer\"><\/div>\n\n\n\n<p>L\u00eagna Castro, aluna do curso de assistente de recursos humanos afirmou ter gostado bastante do curso. \u201cEste foi o primeiro curso que fiz na institui\u00e7\u00e3o, e pretendo continuar, a instrutora \u00e9 muito competente e eu s\u00f3 tenho a agradecer por todos os aprendizados\u201d, declarou.<\/p>\n\n\n\n<div style=\"height:20px\" aria-hidden=\"true\" class=\"wp-block-spacer\"><\/div>\n\n\n\n<p>A gerente de educa\u00e7\u00e3o profissional do Senac Roraima, Fernanda Barbosa discursou durante o evento em nome da institui\u00e7\u00e3o, parabenizando aos alunos pela conclus\u00e3o do curso. \u201cQuando vemos voc\u00eas realizando esses projetos incr\u00edveis vemos que todo o esfor\u00e7o e dedica\u00e7\u00e3o da institui\u00e7\u00e3o vale a pena. Estamos aqui com um prop\u00f3sito de capacitar para o mercado de trabalho, e voc\u00eas nos d\u00e3o muito orgulho com esses trabalhos\u201d, finalizou Fernanda.<\/p>\n\n\n\n<div style=\"height:20px\" aria-hidden=\"true\" class=\"wp-block-spacer\"><\/div>\n\n\n\n<p><strong>Banco de Oportunidades<\/strong><\/p>\n\n\n\n<p>A equipe do Banco de Oportunidades esteve presente no evento para conversar com os alunos e inseri-los no mercado de trabalho. Os alunos receberam panfletos e cartilhas com instru\u00e7\u00f5es para cria\u00e7\u00e3o e envio de curr\u00edculos, al\u00e9m das instru\u00e7\u00f5es para utilizar a ferramenta, que \u00e9 totalmente gratuita.<\/p>\n\n\n\n<p><\/p>\n\n\n\n<p>Giovanna Lima<\/p>\n\n\n\n<p>Comunica\u00e7\u00e3o Senac RR<\/p>\n","protected":false},"excerpt":{"rendered":"<p>Evento aconteceu na \u00faltima segunda-feira Os alunos da \u00e1rea da gest\u00e3o do Senac Roraima apresentaram o projeto integrador dos cursos de assistente administrativo e recursos humanos na \u00faltima segunda-feira (16), na Unidade Educacional de Campo Sesc\/Senac de S\u00e3o Jo\u00e3o da Baliza. O Projeto Integrador (P.I.)&hellip; <a class=\"more-link\" href=\"https:\/\/www.rr.senac.br\/portalsenac\/alunos-do-senac-em-sao-joao-da-baliza-apresentam-projeto-integrador\/\">Continuar lendo <span class=\"screen-reader-text\">Alunos do Senac em S\u00e3o Jo\u00e3o da Baliza apresentam Projeto Integrador<\/span><\/a><\/p>\n","protected":false},"author":2,"featured_media":3360,"comment_status":"closed","ping_status":"open","sticky":false,"template":"","format":"standard","meta":{"_jetpack_memberships_contains_paid_content":false,"_joinchat":[],"footnotes":""},"categories":[12],"tags":[],"class_list":["post-3359","post","type-post","status-publish","format-standard","has-post-thumbnail","hentry","category-ultimas-noticias","entry"],"jetpack_featured_media_url":"https:\/\/i0.wp.com\/www.rr.senac.br\/portalsenac\/wp-content\/uploads\/2022\/05\/editadas-66-scaled.jpg?fit=2560%2C1707&ssl=1","jetpack_sharing_enabled":true,"_links":{"self":[{"href":"https:\/\/www.rr.senac.br\/portalsenac\/wp-json\/wp\/v2\/posts\/3359","targetHints":{"allow":["GET"]}}],"collection":[{"href":"https:\/\/www.rr.senac.br\/portalsenac\/wp-json\/wp\/v2\/posts"}],"about":[{"href":"https:\/\/www.rr.senac.br\/portalsenac\/wp-json\/wp\/v2\/types\/post"}],"author":[{"embeddable":true,"href":"https:\/\/www.rr.senac.br\/portalsenac\/wp-json\/wp\/v2\/users\/2"}],"replies":[{"embeddable":true,"href":"https:\/\/www.rr.senac.br\/portalsenac\/wp-json\/wp\/v2\/comments?post=3359"}],"version-history":[{"count":0,"href":"https:\/\/www.rr.senac.br\/portalsenac\/wp-json\/wp\/v2\/posts\/3359\/revisions"}],"wp:featuredmedia":[{"embeddable":true,"href":"https:\/\/www.rr.senac.br\/portalsenac\/wp-json\/wp\/v2\/media\/3360"}],"wp:attachment":[{"href":"https:\/\/www.rr.senac.br\/portalsenac\/wp-json\/wp\/v2\/media?parent=3359"}],"wp:term":[{"taxonomy":"category","embeddable":true,"href":"https:\/\/www.rr.senac.br\/portalsenac\/wp-json\/wp\/v2\/categories?post=3359"},{"taxonomy":"post_tag","embeddable":true,"href":"https:\/\/www.rr.senac.br\/portalsenac\/wp-json\/wp\/v2\/tags?post=3359"}],"curies":[{"name":"wp","href":"https:\/\/api.w.org\/{rel}","templated":true}]}}