{"id":3421,"date":"2022-06-02T19:15:49","date_gmt":"2022-06-02T22:15:49","guid":{"rendered":"https:\/\/www.rr.senac.br\/portalsenac\/?p=3421"},"modified":"2023-06-27T15:47:10","modified_gmt":"2023-06-27T18:47:10","slug":"senac-realiza-iv-semana-de-saude-em-roraima","status":"publish","type":"post","link":"https:\/\/www.rr.senac.br\/portalsenac\/senac-realiza-iv-semana-de-saude-em-roraima\/","title":{"rendered":"Senac realiza IV Semana de Sa\u00fade em Roraima"},"content":{"rendered":"\n<div style=\"height:20px\" aria-hidden=\"true\" class=\"wp-block-spacer\"><\/div>\n\n\n\n<p>Nos \u00faltimos dias 30 e 31 de maio aconteceu a IV Semana Senac de Sa\u00fade na sede administrativa Sesc e Senac, evento destinado aos alunos da institui\u00e7\u00e3o. Ao longo de dois dias profissionais da \u00e1rea da sa\u00fade palestraram em diferentes temas, incluindo primeiros socorros e assist\u00eancia odontol\u00f3gica.<\/p>\n\n\n\n<div style=\"height:20px\" aria-hidden=\"true\" class=\"wp-block-spacer\"><\/div>\n\n\n\n<p>O evento j\u00e1 est\u00e1 no calend\u00e1rio de eventos da institui\u00e7\u00e3o e tem como objetivo integrar os alunos e trazer novidades relacionadas aos cursos que est\u00e3o matriculados. Bruna Alves, coordenadora dos cursos conversou com os alunos ao longo das palestras. \u201cN\u00e3o fazemos nada sozinhos, e para este evento acontecer muitos setores est\u00e3o envolvidos. Ver esse feedback de voc\u00eas e que aproveitam tudo que preparamos faz tudo valer a pena\u201d.<\/p>\n\n\n\n<div style=\"height:20px\" aria-hidden=\"true\" class=\"wp-block-spacer\"><\/div>\n\n\n\n<p>Os instrutores do Senac, Gilmar Martins, Abner de Andrade, Anissa Castillo, Nath\u00e1lia Jansen, Sabrina Torres e J\u00e9ssica Nina preparam diversos momentos especiais, de descontra\u00e7\u00e3o, oficinas e sorteios de livros entre os alunos. Sabrina agradeceu a participa\u00e7\u00e3o de todos, e ressaltou a import\u00e2ncia da capacita\u00e7\u00e3o entre os profissionais da sa\u00fade. \u201cO que sabemos hoje pode ser diferente amanh\u00e3, esses momentos s\u00e3o muito importantes para o conhecimento\u201d, explicou.<\/p>\n\n\n\n<div style=\"height:20px\" aria-hidden=\"true\" class=\"wp-block-spacer\"><\/div>\n\n\n\n<p>Dentre os convidados recebemos os representantes do Conselho Regional de Odontologia, ger\u00eancia de res\u00edduos do Hospital Geral de Roraima, t\u00e9cnicas em an\u00e1lises cl\u00ednicas, Hemocentro, Conselho Federal de Farm\u00e1cia, ger\u00eancia do controle de infec\u00e7\u00e3o do HGR, Coordenadoria Geral de Vigil\u00e2ncia em Sa\u00fade (CGVS), e Vigil\u00e2ncia Sanit\u00e1ria.<\/p>\n\n\n\n<div style=\"height:20px\" aria-hidden=\"true\" class=\"wp-block-spacer\"><\/div>\n\n\n\n<p>O Senac Roraima agradece a participa\u00e7\u00e3o de todos os palestrantes convidados por compartilhar os conhecimentos com nossos alunos. Registramos os parab\u00e9ns aos instrutores e coordenadores, pedag\u00f3gico e aos envolvidos neste belo evento!<\/p>\n\n\n\n<div style=\"height:20px\" aria-hidden=\"true\" class=\"wp-block-spacer\"><\/div>\n\n\n\n<p>Giovanna Lima<\/p>\n\n\n\n<p>Senac Roraima<\/p>\n\n\n\n<figure class=\"wp-block-gallery has-nested-images columns-default is-cropped wp-block-gallery-1 is-layout-flex wp-block-gallery-is-layout-flex\">\n<figure class=\"wp-block-image size-large\"><img data-recalc-dims=\"1\" fetchpriority=\"high\" decoding=\"async\" width=\"750\" height=\"500\" data-id=\"3423\" src=\"https:\/\/i0.wp.com\/www.rr.senac.br\/portalsenac\/wp-content\/uploads\/2022\/06\/editadas-4-5-scaled.jpg?resize=750%2C500&#038;ssl=1\" alt=\"\" class=\"wp-image-3423\" srcset=\"https:\/\/i0.wp.com\/www.rr.senac.br\/portalsenac\/wp-content\/uploads\/2022\/06\/editadas-4-5-scaled.jpg?w=2560&amp;ssl=1 2560w, https:\/\/i0.wp.com\/www.rr.senac.br\/portalsenac\/wp-content\/uploads\/2022\/06\/editadas-4-5-scaled.jpg?resize=300%2C200&amp;ssl=1 300w, https:\/\/i0.wp.com\/www.rr.senac.br\/portalsenac\/wp-content\/uploads\/2022\/06\/editadas-4-5-scaled.jpg?resize=1024%2C683&amp;ssl=1 1024w, https:\/\/i0.wp.com\/www.rr.senac.br\/portalsenac\/wp-content\/uploads\/2022\/06\/editadas-4-5-scaled.jpg?resize=768%2C512&amp;ssl=1 768w, https:\/\/i0.wp.com\/www.rr.senac.br\/portalsenac\/wp-content\/uploads\/2022\/06\/editadas-4-5-scaled.jpg?resize=1536%2C1024&amp;ssl=1 1536w, https:\/\/i0.wp.com\/www.rr.senac.br\/portalsenac\/wp-content\/uploads\/2022\/06\/editadas-4-5-scaled.jpg?resize=2048%2C1365&amp;ssl=1 2048w, https:\/\/i0.wp.com\/www.rr.senac.br\/portalsenac\/wp-content\/uploads\/2022\/06\/editadas-4-5-scaled.jpg?resize=1568%2C1045&amp;ssl=1 1568w, https:\/\/i0.wp.com\/www.rr.senac.br\/portalsenac\/wp-content\/uploads\/2022\/06\/editadas-4-5-scaled.jpg?w=2250&amp;ssl=1 2250w\" sizes=\"(max-width: 750px) 100vw, 750px\" \/><\/figure>\n\n\n\n<figure class=\"wp-block-image size-large\"><img data-recalc-dims=\"1\" decoding=\"async\" width=\"750\" height=\"500\" data-id=\"3424\" src=\"https:\/\/i0.wp.com\/www.rr.senac.br\/portalsenac\/wp-content\/uploads\/2022\/06\/editadas-41-1-scaled.jpg?resize=750%2C500&#038;ssl=1\" alt=\"\" class=\"wp-image-3424\" srcset=\"https:\/\/i0.wp.com\/www.rr.senac.br\/portalsenac\/wp-content\/uploads\/2022\/06\/editadas-41-1-scaled.jpg?w=2560&amp;ssl=1 2560w, https:\/\/i0.wp.com\/www.rr.senac.br\/portalsenac\/wp-content\/uploads\/2022\/06\/editadas-41-1-scaled.jpg?resize=300%2C200&amp;ssl=1 300w, https:\/\/i0.wp.com\/www.rr.senac.br\/portalsenac\/wp-content\/uploads\/2022\/06\/editadas-41-1-scaled.jpg?resize=1024%2C683&amp;ssl=1 1024w, https:\/\/i0.wp.com\/www.rr.senac.br\/portalsenac\/wp-content\/uploads\/2022\/06\/editadas-41-1-scaled.jpg?resize=768%2C512&amp;ssl=1 768w, https:\/\/i0.wp.com\/www.rr.senac.br\/portalsenac\/wp-content\/uploads\/2022\/06\/editadas-41-1-scaled.jpg?resize=1536%2C1024&amp;ssl=1 1536w, https:\/\/i0.wp.com\/www.rr.senac.br\/portalsenac\/wp-content\/uploads\/2022\/06\/editadas-41-1-scaled.jpg?resize=2048%2C1365&amp;ssl=1 2048w, https:\/\/i0.wp.com\/www.rr.senac.br\/portalsenac\/wp-content\/uploads\/2022\/06\/editadas-41-1-scaled.jpg?resize=1568%2C1045&amp;ssl=1 1568w, https:\/\/i0.wp.com\/www.rr.senac.br\/portalsenac\/wp-content\/uploads\/2022\/06\/editadas-41-1-scaled.jpg?w=2250&amp;ssl=1 2250w\" sizes=\"(max-width: 750px) 100vw, 750px\" \/><\/figure>\n\n\n\n<figure class=\"wp-block-image size-large\"><img data-recalc-dims=\"1\" decoding=\"async\" width=\"750\" height=\"500\" data-id=\"3425\" src=\"https:\/\/i0.wp.com\/www.rr.senac.br\/portalsenac\/wp-content\/uploads\/2022\/06\/editadas-66-1-scaled.jpg?resize=750%2C500&#038;ssl=1\" alt=\"\" class=\"wp-image-3425\" srcset=\"https:\/\/i0.wp.com\/www.rr.senac.br\/portalsenac\/wp-content\/uploads\/2022\/06\/editadas-66-1-scaled.jpg?w=2560&amp;ssl=1 2560w, https:\/\/i0.wp.com\/www.rr.senac.br\/portalsenac\/wp-content\/uploads\/2022\/06\/editadas-66-1-scaled.jpg?resize=300%2C200&amp;ssl=1 300w, https:\/\/i0.wp.com\/www.rr.senac.br\/portalsenac\/wp-content\/uploads\/2022\/06\/editadas-66-1-scaled.jpg?resize=1024%2C683&amp;ssl=1 1024w, https:\/\/i0.wp.com\/www.rr.senac.br\/portalsenac\/wp-content\/uploads\/2022\/06\/editadas-66-1-scaled.jpg?resize=768%2C512&amp;ssl=1 768w, https:\/\/i0.wp.com\/www.rr.senac.br\/portalsenac\/wp-content\/uploads\/2022\/06\/editadas-66-1-scaled.jpg?resize=1536%2C1024&amp;ssl=1 1536w, https:\/\/i0.wp.com\/www.rr.senac.br\/portalsenac\/wp-content\/uploads\/2022\/06\/editadas-66-1-scaled.jpg?resize=2048%2C1365&amp;ssl=1 2048w, https:\/\/i0.wp.com\/www.rr.senac.br\/portalsenac\/wp-content\/uploads\/2022\/06\/editadas-66-1-scaled.jpg?resize=1568%2C1045&amp;ssl=1 1568w, https:\/\/i0.wp.com\/www.rr.senac.br\/portalsenac\/wp-content\/uploads\/2022\/06\/editadas-66-1-scaled.jpg?w=2250&amp;ssl=1 2250w\" sizes=\"(max-width: 750px) 100vw, 750px\" \/><\/figure>\n\n\n\n<figure class=\"wp-block-image size-large\"><img data-recalc-dims=\"1\" loading=\"lazy\" decoding=\"async\" width=\"750\" height=\"500\" data-id=\"3426\" src=\"https:\/\/i0.wp.com\/www.rr.senac.br\/portalsenac\/wp-content\/uploads\/2022\/06\/editadas-68-scaled.jpg?resize=750%2C500&#038;ssl=1\" alt=\"\" class=\"wp-image-3426\" srcset=\"https:\/\/i0.wp.com\/www.rr.senac.br\/portalsenac\/wp-content\/uploads\/2022\/06\/editadas-68-scaled.jpg?w=2560&amp;ssl=1 2560w, https:\/\/i0.wp.com\/www.rr.senac.br\/portalsenac\/wp-content\/uploads\/2022\/06\/editadas-68-scaled.jpg?resize=300%2C200&amp;ssl=1 300w, https:\/\/i0.wp.com\/www.rr.senac.br\/portalsenac\/wp-content\/uploads\/2022\/06\/editadas-68-scaled.jpg?resize=1024%2C683&amp;ssl=1 1024w, https:\/\/i0.wp.com\/www.rr.senac.br\/portalsenac\/wp-content\/uploads\/2022\/06\/editadas-68-scaled.jpg?resize=768%2C512&amp;ssl=1 768w, https:\/\/i0.wp.com\/www.rr.senac.br\/portalsenac\/wp-content\/uploads\/2022\/06\/editadas-68-scaled.jpg?resize=1536%2C1024&amp;ssl=1 1536w, https:\/\/i0.wp.com\/www.rr.senac.br\/portalsenac\/wp-content\/uploads\/2022\/06\/editadas-68-scaled.jpg?resize=2048%2C1365&amp;ssl=1 2048w, https:\/\/i0.wp.com\/www.rr.senac.br\/portalsenac\/wp-content\/uploads\/2022\/06\/editadas-68-scaled.jpg?resize=1568%2C1045&amp;ssl=1 1568w, https:\/\/i0.wp.com\/www.rr.senac.br\/portalsenac\/wp-content\/uploads\/2022\/06\/editadas-68-scaled.jpg?w=2250&amp;ssl=1 2250w\" sizes=\"(max-width: 750px) 100vw, 750px\" \/><\/figure>\n\n\n\n<figure class=\"wp-block-image size-large\"><img data-recalc-dims=\"1\" loading=\"lazy\" decoding=\"async\" width=\"750\" height=\"500\" data-id=\"3427\" src=\"https:\/\/i0.wp.com\/www.rr.senac.br\/portalsenac\/wp-content\/uploads\/2022\/06\/editadas-87-scaled.jpg?resize=750%2C500&#038;ssl=1\" alt=\"\" class=\"wp-image-3427\" srcset=\"https:\/\/i0.wp.com\/www.rr.senac.br\/portalsenac\/wp-content\/uploads\/2022\/06\/editadas-87-scaled.jpg?w=2560&amp;ssl=1 2560w, https:\/\/i0.wp.com\/www.rr.senac.br\/portalsenac\/wp-content\/uploads\/2022\/06\/editadas-87-scaled.jpg?resize=300%2C200&amp;ssl=1 300w, https:\/\/i0.wp.com\/www.rr.senac.br\/portalsenac\/wp-content\/uploads\/2022\/06\/editadas-87-scaled.jpg?resize=1024%2C683&amp;ssl=1 1024w, https:\/\/i0.wp.com\/www.rr.senac.br\/portalsenac\/wp-content\/uploads\/2022\/06\/editadas-87-scaled.jpg?resize=768%2C512&amp;ssl=1 768w, https:\/\/i0.wp.com\/www.rr.senac.br\/portalsenac\/wp-content\/uploads\/2022\/06\/editadas-87-scaled.jpg?resize=1536%2C1024&amp;ssl=1 1536w, https:\/\/i0.wp.com\/www.rr.senac.br\/portalsenac\/wp-content\/uploads\/2022\/06\/editadas-87-scaled.jpg?resize=2048%2C1365&amp;ssl=1 2048w, https:\/\/i0.wp.com\/www.rr.senac.br\/portalsenac\/wp-content\/uploads\/2022\/06\/editadas-87-scaled.jpg?resize=1568%2C1045&amp;ssl=1 1568w, https:\/\/i0.wp.com\/www.rr.senac.br\/portalsenac\/wp-content\/uploads\/2022\/06\/editadas-87-scaled.jpg?w=2250&amp;ssl=1 2250w\" sizes=\"(max-width: 750px) 100vw, 750px\" \/><\/figure>\n\n\n\n<figure class=\"wp-block-image size-large\"><img data-recalc-dims=\"1\" loading=\"lazy\" decoding=\"async\" width=\"750\" height=\"500\" data-id=\"3428\" src=\"https:\/\/i0.wp.com\/www.rr.senac.br\/portalsenac\/wp-content\/uploads\/2022\/06\/editadas-79-scaled.jpg?resize=750%2C500&#038;ssl=1\" alt=\"\" class=\"wp-image-3428\" srcset=\"https:\/\/i0.wp.com\/www.rr.senac.br\/portalsenac\/wp-content\/uploads\/2022\/06\/editadas-79-scaled.jpg?w=2560&amp;ssl=1 2560w, https:\/\/i0.wp.com\/www.rr.senac.br\/portalsenac\/wp-content\/uploads\/2022\/06\/editadas-79-scaled.jpg?resize=300%2C200&amp;ssl=1 300w, https:\/\/i0.wp.com\/www.rr.senac.br\/portalsenac\/wp-content\/uploads\/2022\/06\/editadas-79-scaled.jpg?resize=1024%2C683&amp;ssl=1 1024w, https:\/\/i0.wp.com\/www.rr.senac.br\/portalsenac\/wp-content\/uploads\/2022\/06\/editadas-79-scaled.jpg?resize=768%2C512&amp;ssl=1 768w, https:\/\/i0.wp.com\/www.rr.senac.br\/portalsenac\/wp-content\/uploads\/2022\/06\/editadas-79-scaled.jpg?resize=1536%2C1024&amp;ssl=1 1536w, https:\/\/i0.wp.com\/www.rr.senac.br\/portalsenac\/wp-content\/uploads\/2022\/06\/editadas-79-scaled.jpg?resize=2048%2C1365&amp;ssl=1 2048w, https:\/\/i0.wp.com\/www.rr.senac.br\/portalsenac\/wp-content\/uploads\/2022\/06\/editadas-79-scaled.jpg?resize=1568%2C1045&amp;ssl=1 1568w, https:\/\/i0.wp.com\/www.rr.senac.br\/portalsenac\/wp-content\/uploads\/2022\/06\/editadas-79-scaled.jpg?w=2250&amp;ssl=1 2250w\" sizes=\"(max-width: 750px) 100vw, 750px\" \/><\/figure>\n\n\n\n<figure class=\"wp-block-image size-large\"><img data-recalc-dims=\"1\" loading=\"lazy\" decoding=\"async\" width=\"750\" height=\"500\" data-id=\"3429\" src=\"https:\/\/i0.wp.com\/www.rr.senac.br\/portalsenac\/wp-content\/uploads\/2022\/06\/editadas-66-scaled.jpg?resize=750%2C500&#038;ssl=1\" alt=\"\" class=\"wp-image-3429\" srcset=\"https:\/\/i0.wp.com\/www.rr.senac.br\/portalsenac\/wp-content\/uploads\/2022\/06\/editadas-66-scaled.jpg?w=2560&amp;ssl=1 2560w, https:\/\/i0.wp.com\/www.rr.senac.br\/portalsenac\/wp-content\/uploads\/2022\/06\/editadas-66-scaled.jpg?resize=300%2C200&amp;ssl=1 300w, https:\/\/i0.wp.com\/www.rr.senac.br\/portalsenac\/wp-content\/uploads\/2022\/06\/editadas-66-scaled.jpg?resize=1024%2C683&amp;ssl=1 1024w, https:\/\/i0.wp.com\/www.rr.senac.br\/portalsenac\/wp-content\/uploads\/2022\/06\/editadas-66-scaled.jpg?resize=768%2C512&amp;ssl=1 768w, https:\/\/i0.wp.com\/www.rr.senac.br\/portalsenac\/wp-content\/uploads\/2022\/06\/editadas-66-scaled.jpg?resize=1536%2C1024&amp;ssl=1 1536w, https:\/\/i0.wp.com\/www.rr.senac.br\/portalsenac\/wp-content\/uploads\/2022\/06\/editadas-66-scaled.jpg?resize=2048%2C1365&amp;ssl=1 2048w, https:\/\/i0.wp.com\/www.rr.senac.br\/portalsenac\/wp-content\/uploads\/2022\/06\/editadas-66-scaled.jpg?resize=1568%2C1045&amp;ssl=1 1568w, https:\/\/i0.wp.com\/www.rr.senac.br\/portalsenac\/wp-content\/uploads\/2022\/06\/editadas-66-scaled.jpg?w=2250&amp;ssl=1 2250w\" sizes=\"(max-width: 750px) 100vw, 750px\" \/><\/figure>\n\n\n\n<figure class=\"wp-block-image size-large\"><img data-recalc-dims=\"1\" loading=\"lazy\" decoding=\"async\" width=\"750\" height=\"500\" data-id=\"3430\" src=\"https:\/\/i0.wp.com\/www.rr.senac.br\/portalsenac\/wp-content\/uploads\/2022\/06\/editadas-102-scaled.jpg?resize=750%2C500&#038;ssl=1\" alt=\"\" class=\"wp-image-3430\" srcset=\"https:\/\/i0.wp.com\/www.rr.senac.br\/portalsenac\/wp-content\/uploads\/2022\/06\/editadas-102-scaled.jpg?w=2560&amp;ssl=1 2560w, https:\/\/i0.wp.com\/www.rr.senac.br\/portalsenac\/wp-content\/uploads\/2022\/06\/editadas-102-scaled.jpg?resize=300%2C200&amp;ssl=1 300w, https:\/\/i0.wp.com\/www.rr.senac.br\/portalsenac\/wp-content\/uploads\/2022\/06\/editadas-102-scaled.jpg?resize=1024%2C683&amp;ssl=1 1024w, https:\/\/i0.wp.com\/www.rr.senac.br\/portalsenac\/wp-content\/uploads\/2022\/06\/editadas-102-scaled.jpg?resize=768%2C512&amp;ssl=1 768w, https:\/\/i0.wp.com\/www.rr.senac.br\/portalsenac\/wp-content\/uploads\/2022\/06\/editadas-102-scaled.jpg?resize=1536%2C1024&amp;ssl=1 1536w, https:\/\/i0.wp.com\/www.rr.senac.br\/portalsenac\/wp-content\/uploads\/2022\/06\/editadas-102-scaled.jpg?resize=2048%2C1365&amp;ssl=1 2048w, https:\/\/i0.wp.com\/www.rr.senac.br\/portalsenac\/wp-content\/uploads\/2022\/06\/editadas-102-scaled.jpg?resize=1568%2C1045&amp;ssl=1 1568w, https:\/\/i0.wp.com\/www.rr.senac.br\/portalsenac\/wp-content\/uploads\/2022\/06\/editadas-102-scaled.jpg?w=2250&amp;ssl=1 2250w\" sizes=\"(max-width: 750px) 100vw, 750px\" \/><\/figure>\n\n\n\n<figure class=\"wp-block-image size-large\"><img data-recalc-dims=\"1\" loading=\"lazy\" decoding=\"async\" width=\"750\" height=\"500\" data-id=\"3431\" src=\"https:\/\/i0.wp.com\/www.rr.senac.br\/portalsenac\/wp-content\/uploads\/2022\/06\/editadas-105-1-scaled.jpg?resize=750%2C500&#038;ssl=1\" alt=\"\" class=\"wp-image-3431\" srcset=\"https:\/\/i0.wp.com\/www.rr.senac.br\/portalsenac\/wp-content\/uploads\/2022\/06\/editadas-105-1-scaled.jpg?w=2560&amp;ssl=1 2560w, https:\/\/i0.wp.com\/www.rr.senac.br\/portalsenac\/wp-content\/uploads\/2022\/06\/editadas-105-1-scaled.jpg?resize=300%2C200&amp;ssl=1 300w, https:\/\/i0.wp.com\/www.rr.senac.br\/portalsenac\/wp-content\/uploads\/2022\/06\/editadas-105-1-scaled.jpg?resize=1024%2C683&amp;ssl=1 1024w, https:\/\/i0.wp.com\/www.rr.senac.br\/portalsenac\/wp-content\/uploads\/2022\/06\/editadas-105-1-scaled.jpg?resize=768%2C512&amp;ssl=1 768w, https:\/\/i0.wp.com\/www.rr.senac.br\/portalsenac\/wp-content\/uploads\/2022\/06\/editadas-105-1-scaled.jpg?resize=1536%2C1024&amp;ssl=1 1536w, https:\/\/i0.wp.com\/www.rr.senac.br\/portalsenac\/wp-content\/uploads\/2022\/06\/editadas-105-1-scaled.jpg?resize=2048%2C1365&amp;ssl=1 2048w, https:\/\/i0.wp.com\/www.rr.senac.br\/portalsenac\/wp-content\/uploads\/2022\/06\/editadas-105-1-scaled.jpg?resize=1568%2C1045&amp;ssl=1 1568w, https:\/\/i0.wp.com\/www.rr.senac.br\/portalsenac\/wp-content\/uploads\/2022\/06\/editadas-105-1-scaled.jpg?w=2250&amp;ssl=1 2250w\" sizes=\"(max-width: 750px) 100vw, 750px\" \/><\/figure>\n\n\n\n<figure class=\"wp-block-image size-large\"><img data-recalc-dims=\"1\" loading=\"lazy\" decoding=\"async\" width=\"750\" height=\"500\" data-id=\"3422\" src=\"https:\/\/i0.wp.com\/www.rr.senac.br\/portalsenac\/wp-content\/uploads\/2022\/06\/editadas-105-scaled.jpg?resize=750%2C500&#038;ssl=1\" alt=\"\" class=\"wp-image-3422\" srcset=\"https:\/\/i0.wp.com\/www.rr.senac.br\/portalsenac\/wp-content\/uploads\/2022\/06\/editadas-105-scaled.jpg?w=2560&amp;ssl=1 2560w, https:\/\/i0.wp.com\/www.rr.senac.br\/portalsenac\/wp-content\/uploads\/2022\/06\/editadas-105-scaled.jpg?resize=300%2C200&amp;ssl=1 300w, https:\/\/i0.wp.com\/www.rr.senac.br\/portalsenac\/wp-content\/uploads\/2022\/06\/editadas-105-scaled.jpg?resize=1024%2C683&amp;ssl=1 1024w, https:\/\/i0.wp.com\/www.rr.senac.br\/portalsenac\/wp-content\/uploads\/2022\/06\/editadas-105-scaled.jpg?resize=768%2C512&amp;ssl=1 768w, https:\/\/i0.wp.com\/www.rr.senac.br\/portalsenac\/wp-content\/uploads\/2022\/06\/editadas-105-scaled.jpg?resize=1536%2C1024&amp;ssl=1 1536w, https:\/\/i0.wp.com\/www.rr.senac.br\/portalsenac\/wp-content\/uploads\/2022\/06\/editadas-105-scaled.jpg?resize=2048%2C1365&amp;ssl=1 2048w, https:\/\/i0.wp.com\/www.rr.senac.br\/portalsenac\/wp-content\/uploads\/2022\/06\/editadas-105-scaled.jpg?resize=1568%2C1045&amp;ssl=1 1568w, https:\/\/i0.wp.com\/www.rr.senac.br\/portalsenac\/wp-content\/uploads\/2022\/06\/editadas-105-scaled.jpg?w=2250&amp;ssl=1 2250w\" sizes=\"(max-width: 750px) 100vw, 750px\" \/><\/figure>\n<\/figure>\n","protected":false},"excerpt":{"rendered":"<p>Nos \u00faltimos dias 30 e 31 de maio aconteceu a IV Semana Senac de Sa\u00fade na sede administrativa Sesc e Senac, evento destinado aos alunos da institui\u00e7\u00e3o. Ao longo de dois dias profissionais da \u00e1rea da sa\u00fade palestraram em diferentes temas, incluindo primeiros socorros e&hellip; <a class=\"more-link\" href=\"https:\/\/www.rr.senac.br\/portalsenac\/senac-realiza-iv-semana-de-saude-em-roraima\/\">Continuar lendo <span class=\"screen-reader-text\">Senac realiza IV Semana de Sa\u00fade em Roraima<\/span><\/a><\/p>\n","protected":false},"author":2,"featured_media":3422,"comment_status":"closed","ping_status":"closed","sticky":false,"template":"","format":"standard","meta":{"_jetpack_memberships_contains_paid_content":false,"_joinchat":[],"footnotes":""},"categories":[12],"tags":[],"class_list":["post-3421","post","type-post","status-publish","format-standard","has-post-thumbnail","hentry","category-ultimas-noticias","entry"],"jetpack_featured_media_url":"https:\/\/i0.wp.com\/www.rr.senac.br\/portalsenac\/wp-content\/uploads\/2022\/06\/editadas-105-scaled.jpg?fit=2560%2C1707&ssl=1","jetpack_sharing_enabled":true,"_links":{"self":[{"href":"https:\/\/www.rr.senac.br\/portalsenac\/wp-json\/wp\/v2\/posts\/3421","targetHints":{"allow":["GET"]}}],"collection":[{"href":"https:\/\/www.rr.senac.br\/portalsenac\/wp-json\/wp\/v2\/posts"}],"about":[{"href":"https:\/\/www.rr.senac.br\/portalsenac\/wp-json\/wp\/v2\/types\/post"}],"author":[{"embeddable":true,"href":"https:\/\/www.rr.senac.br\/portalsenac\/wp-json\/wp\/v2\/users\/2"}],"replies":[{"embeddable":true,"href":"https:\/\/www.rr.senac.br\/portalsenac\/wp-json\/wp\/v2\/comments?post=3421"}],"version-history":[{"count":0,"href":"https:\/\/www.rr.senac.br\/portalsenac\/wp-json\/wp\/v2\/posts\/3421\/revisions"}],"wp:featuredmedia":[{"embeddable":true,"href":"https:\/\/www.rr.senac.br\/portalsenac\/wp-json\/wp\/v2\/media\/3422"}],"wp:attachment":[{"href":"https:\/\/www.rr.senac.br\/portalsenac\/wp-json\/wp\/v2\/media?parent=3421"}],"wp:term":[{"taxonomy":"category","embeddable":true,"href":"https:\/\/www.rr.senac.br\/portalsenac\/wp-json\/wp\/v2\/categories?post=3421"},{"taxonomy":"post_tag","embeddable":true,"href":"https:\/\/www.rr.senac.br\/portalsenac\/wp-json\/wp\/v2\/tags?post=3421"}],"curies":[{"name":"wp","href":"https:\/\/api.w.org\/{rel}","templated":true}]}}