{"id":3436,"date":"2022-06-06T18:48:45","date_gmt":"2022-06-06T21:48:45","guid":{"rendered":"https:\/\/www.rr.senac.br\/portalsenac\/?p=3436"},"modified":"2023-06-22T16:21:46","modified_gmt":"2023-06-22T19:21:46","slug":"senac-roraima-realiza-segunda-edicao-do-dia-d-oportunidades","status":"publish","type":"post","link":"https:\/\/www.rr.senac.br\/portalsenac\/senac-roraima-realiza-segunda-edicao-do-dia-d-oportunidades\/","title":{"rendered":"Senac Roraima realiza segunda edi\u00e7\u00e3o do Dia D Oportunidades"},"content":{"rendered":"\n<h5 class=\"wp-block-heading\"><em>Projeto visa capacita\u00e7\u00e3o e inser\u00e7\u00e3o no mercado de trabalho<\/em> de alunos e egressos Senac <\/h5>\n\n\n\n<div style=\"height:20px\" aria-hidden=\"true\" class=\"wp-block-spacer\"><\/div>\n\n\n\n<figure class=\"wp-block-image size-large\"><img data-recalc-dims=\"1\" fetchpriority=\"high\" decoding=\"async\" width=\"750\" height=\"563\" src=\"https:\/\/i0.wp.com\/www.rr.senac.br\/portalsenac\/wp-content\/uploads\/2022\/06\/WhatsApp-Image-2022-06-06-at-17.46.13-2.jpeg?resize=750%2C563&#038;ssl=1\" alt=\"\" class=\"wp-image-3437\" srcset=\"https:\/\/i0.wp.com\/www.rr.senac.br\/portalsenac\/wp-content\/uploads\/2022\/06\/WhatsApp-Image-2022-06-06-at-17.46.13-2.jpeg?resize=1024%2C768&amp;ssl=1 1024w, https:\/\/i0.wp.com\/www.rr.senac.br\/portalsenac\/wp-content\/uploads\/2022\/06\/WhatsApp-Image-2022-06-06-at-17.46.13-2.jpeg?resize=300%2C225&amp;ssl=1 300w, https:\/\/i0.wp.com\/www.rr.senac.br\/portalsenac\/wp-content\/uploads\/2022\/06\/WhatsApp-Image-2022-06-06-at-17.46.13-2.jpeg?resize=768%2C576&amp;ssl=1 768w, https:\/\/i0.wp.com\/www.rr.senac.br\/portalsenac\/wp-content\/uploads\/2022\/06\/WhatsApp-Image-2022-06-06-at-17.46.13-2.jpeg?resize=1536%2C1152&amp;ssl=1 1536w, https:\/\/i0.wp.com\/www.rr.senac.br\/portalsenac\/wp-content\/uploads\/2022\/06\/WhatsApp-Image-2022-06-06-at-17.46.13-2.jpeg?resize=1568%2C1176&amp;ssl=1 1568w, https:\/\/i0.wp.com\/www.rr.senac.br\/portalsenac\/wp-content\/uploads\/2022\/06\/WhatsApp-Image-2022-06-06-at-17.46.13-2.jpeg?w=1600&amp;ssl=1 1600w\" sizes=\"(max-width: 750px) 100vw, 750px\" \/><figcaption><em>Foto: Primeira Edi\u00e7\u00e3o Dia D Oportunidades 2021<\/em><\/figcaption><\/figure>\n\n\n\n<p>A segunda edi\u00e7\u00e3o do \u2018Dia D Oportunidades\u2019 do Senac Roraima j\u00e1 possui data marcada: 21 de junho no Teatro Municipal. O evento este ano ser\u00e1 dividido em dois momentos: ciclo de palestras e entrevistas e etapa de contrata\u00e7\u00f5es. O projeto visa a capacita\u00e7\u00e3o e inser\u00e7\u00e3o dos alunos e egressos Senac no mercado de trabalho.<\/p>\n\n\n\n<div style=\"height:20px\" aria-hidden=\"true\" class=\"wp-block-spacer\"><\/div>\n\n\n\n<p>Na segunda edi\u00e7\u00e3o, o evento inicia com um ciclo de palestras e oficinas no dia 11 de junho, das 8h \u00e0s 12h na unidade do Senac Ministro Bernardo Cabral, localizada na Rua Hor\u00e1cio Mardel de Magalh\u00e3es, N\u00ba 400, bairro Asa Branca. O ciclo \u00e9 destinado aos alunos e ex-alunos com temas que permeiam entre elabora\u00e7\u00e3o de curr\u00edculos, t\u00e9cnicas para entrevista de sele\u00e7\u00e3o, marketing profissional entre outros.<\/p>\n\n\n\n<div style=\"height:20px\" aria-hidden=\"true\" class=\"wp-block-spacer\"><\/div>\n\n\n\n<p>Suelen Santos, analista t\u00e9cnica da \u00e1rea fala sobre o diferencial desta edi\u00e7\u00e3o: \u201cteremos ciclo de palestras que tem como principal objetivo preparar os candidatos com as compet\u00eancias t\u00e9cnicas e comportamentais para sele\u00e7\u00e3o e inser\u00e7\u00e3o no mercado de trabalho com a qualidade que o Senac oferta nos cursos\u201d, explicou.<\/p>\n\n\n\n<div style=\"height:20px\" aria-hidden=\"true\" class=\"wp-block-spacer\"><\/div>\n\n\n\n<p>Os temas dispon\u00edveis para o ciclo de palestras (11\/06) s\u00e3o: Marketing pessoal e profissional; Como fazer a diferen\u00e7a no mundo corporativo; Intelig\u00eancia social; \u00c9tica na era digital; Comunica\u00e7\u00e3o assertiva; Gerenciamento do tempo e Elabora\u00e7\u00e3o de curr\u00edculos.<\/p>\n\n\n\n<div style=\"height:20px\" aria-hidden=\"true\" class=\"wp-block-spacer\"><\/div>\n\n\n\n<p>Totalmente gratuito, para participar os interessados devem se inscrever previamente no formul\u00e1rio online: <a href=\"https:\/\/bit.ly\/ciclodepalestras_senac\">https:\/\/bit.ly\/ciclodepalestras_senac<\/a> e selecionar qual tema e hor\u00e1rio desejado. As vagas s\u00e3o limitadas e cada turma tem limite de 30 participantes.<\/p>\n\n\n\n<div style=\"height:20px\" aria-hidden=\"true\" class=\"wp-block-spacer\"><\/div>\n\n\n\n<p>Ainda conforme Suelen, o evento refor\u00e7a a parceria com empres\u00e1rios e alunos, proporcionando esta feira de empregabilidade como refer\u00eancia em Roraima. \u201cPara os empres\u00e1rios este evento contribuir\u00e1 para capta\u00e7\u00e3o de m\u00e3o de obra qualificada para atua\u00e7\u00e3o no mundo corporativo\u201d.<\/p>\n\n\n\n<div style=\"height:20px\" aria-hidden=\"true\" class=\"wp-block-spacer\"><\/div>\n\n\n\n<p>Ap\u00f3s o ciclo de palestras e oficinas, o Dia D se estende ao dia 21 de junho com o momento principal: a etapa de entrevistas e contrata\u00e7\u00e3o, que acontecer\u00e1 no Teatro<\/p>\n\n\n\n<div style=\"height:20px\" aria-hidden=\"true\" class=\"wp-block-spacer\"><\/div>\n\n\n\n<p>Municipal de Boa Vista, com diversas empresas parceiras do setor do com\u00e9rcio de bens, servi\u00e7os e turismo. Para participar das entrevistas e contrata\u00e7\u00f5es, os candidatos devem participar de pelo menos uma palestra ou oficina ofertada pelo Senac no dia 11 de junho. A estimativa \u00e9 que cerca de 100 vagas sejam ofertadas e preenchidas no evento.<\/p>\n\n\n\n<div style=\"height:20px\" aria-hidden=\"true\" class=\"wp-block-spacer\"><\/div>\n\n\n\n<p><em><strong>Cronograma do ciclo de palestras e oficinas:<\/strong><\/em><\/p>\n\n\n\n<p>Unidade Ministro Bernardo Cabral &#8211; Hor\u00e1cio Mardel de Magalh\u00e3es, N\u00b0 400, Asa Branca;<\/p>\n\n\n\n<p><strong>Palestra:<\/strong> Marketing Pessoal e Profissional (08h \u00e0s 10h \/ 10h \u00e0s 12h)<\/p>\n\n\n\n<p><strong>Palestra: <\/strong>Como fazer a diferen\u00e7a no mundo corporativo (08h \u00e0s 10h \/ 10h \u00e0s 12h)<\/p>\n\n\n\n<p><strong>Palestra:<\/strong> Intelig\u00eancia Social (08h \u00e0s 10h \/ 10h \u00e0s 12h)<\/p>\n\n\n\n<p><strong>Oficina:<\/strong> \u00c9tica na era Digital (08h \u00e0s 10h \/ 10h \u00e0s 12h)<\/p>\n\n\n\n<p><strong>Palestra: <\/strong>Comunica\u00e7\u00e3o Assertiva (08h \u00e0s 10h \/ 10h \u00e0s 12h)<\/p>\n\n\n\n<p><strong>Palestra:<\/strong> Gerenciamento do tempo (08h \u00e0s 10h \/ 10h \u00e0s 12h)<\/p>\n\n\n\n<p><strong>Oficina:<\/strong> Elabora\u00e7\u00e3o de Curr\u00edculos (08h \u00e0s 09h \/ 09h \u00e0s 10h \/ 10h \u00e0s 11h \/ 11h \u00e0s 12h)<\/p>\n\n\n\n<p>Giovanna Lima &#8211; Analista t\u00e9cnica<\/p>\n\n\n\n<p>Comunica\u00e7\u00e3o Senac Roraima<\/p>\n\n\n\n<figure class=\"wp-block-gallery has-nested-images columns-default is-cropped wp-block-gallery-1 is-layout-flex wp-block-gallery-is-layout-flex\">\n<figure class=\"wp-block-image size-large\"><img data-recalc-dims=\"1\" decoding=\"async\" width=\"750\" height=\"750\" data-id=\"3441\" src=\"https:\/\/i0.wp.com\/www.rr.senac.br\/portalsenac\/wp-content\/uploads\/2022\/06\/WhatsApp-Image-2022-06-06-at-17.46.25-1.jpeg?resize=750%2C750&#038;ssl=1\" alt=\"\" class=\"wp-image-3441\" srcset=\"https:\/\/i0.wp.com\/www.rr.senac.br\/portalsenac\/wp-content\/uploads\/2022\/06\/WhatsApp-Image-2022-06-06-at-17.46.25-1.jpeg?resize=1024%2C1024&amp;ssl=1 1024w, https:\/\/i0.wp.com\/www.rr.senac.br\/portalsenac\/wp-content\/uploads\/2022\/06\/WhatsApp-Image-2022-06-06-at-17.46.25-1.jpeg?resize=300%2C300&amp;ssl=1 300w, https:\/\/i0.wp.com\/www.rr.senac.br\/portalsenac\/wp-content\/uploads\/2022\/06\/WhatsApp-Image-2022-06-06-at-17.46.25-1.jpeg?resize=150%2C150&amp;ssl=1 150w, https:\/\/i0.wp.com\/www.rr.senac.br\/portalsenac\/wp-content\/uploads\/2022\/06\/WhatsApp-Image-2022-06-06-at-17.46.25-1.jpeg?resize=768%2C768&amp;ssl=1 768w, https:\/\/i0.wp.com\/www.rr.senac.br\/portalsenac\/wp-content\/uploads\/2022\/06\/WhatsApp-Image-2022-06-06-at-17.46.25-1.jpeg?w=1081&amp;ssl=1 1081w\" sizes=\"(max-width: 750px) 100vw, 750px\" \/><\/figure>\n\n\n\n<figure class=\"wp-block-image size-large\"><img data-recalc-dims=\"1\" decoding=\"async\" width=\"750\" height=\"750\" data-id=\"3439\" src=\"https:\/\/i0.wp.com\/www.rr.senac.br\/portalsenac\/wp-content\/uploads\/2022\/06\/WhatsApp-Image-2022-06-06-at-17.46.25.jpeg?resize=750%2C750&#038;ssl=1\" alt=\"\" class=\"wp-image-3439\" srcset=\"https:\/\/i0.wp.com\/www.rr.senac.br\/portalsenac\/wp-content\/uploads\/2022\/06\/WhatsApp-Image-2022-06-06-at-17.46.25.jpeg?resize=1024%2C1024&amp;ssl=1 1024w, https:\/\/i0.wp.com\/www.rr.senac.br\/portalsenac\/wp-content\/uploads\/2022\/06\/WhatsApp-Image-2022-06-06-at-17.46.25.jpeg?resize=300%2C300&amp;ssl=1 300w, https:\/\/i0.wp.com\/www.rr.senac.br\/portalsenac\/wp-content\/uploads\/2022\/06\/WhatsApp-Image-2022-06-06-at-17.46.25.jpeg?resize=150%2C150&amp;ssl=1 150w, https:\/\/i0.wp.com\/www.rr.senac.br\/portalsenac\/wp-content\/uploads\/2022\/06\/WhatsApp-Image-2022-06-06-at-17.46.25.jpeg?resize=768%2C768&amp;ssl=1 768w, https:\/\/i0.wp.com\/www.rr.senac.br\/portalsenac\/wp-content\/uploads\/2022\/06\/WhatsApp-Image-2022-06-06-at-17.46.25.jpeg?w=1081&amp;ssl=1 1081w\" sizes=\"(max-width: 750px) 100vw, 750px\" \/><\/figure>\n\n\n\n<figure class=\"wp-block-image size-large\"><img data-recalc-dims=\"1\" loading=\"lazy\" decoding=\"async\" width=\"750\" height=\"750\" data-id=\"3438\" src=\"https:\/\/i0.wp.com\/www.rr.senac.br\/portalsenac\/wp-content\/uploads\/2022\/06\/WhatsApp-Image-2022-06-06-at-17.46.24.jpeg?resize=750%2C750&#038;ssl=1\" alt=\"\" class=\"wp-image-3438\" srcset=\"https:\/\/i0.wp.com\/www.rr.senac.br\/portalsenac\/wp-content\/uploads\/2022\/06\/WhatsApp-Image-2022-06-06-at-17.46.24.jpeg?resize=1024%2C1024&amp;ssl=1 1024w, https:\/\/i0.wp.com\/www.rr.senac.br\/portalsenac\/wp-content\/uploads\/2022\/06\/WhatsApp-Image-2022-06-06-at-17.46.24.jpeg?resize=300%2C300&amp;ssl=1 300w, https:\/\/i0.wp.com\/www.rr.senac.br\/portalsenac\/wp-content\/uploads\/2022\/06\/WhatsApp-Image-2022-06-06-at-17.46.24.jpeg?resize=150%2C150&amp;ssl=1 150w, https:\/\/i0.wp.com\/www.rr.senac.br\/portalsenac\/wp-content\/uploads\/2022\/06\/WhatsApp-Image-2022-06-06-at-17.46.24.jpeg?resize=768%2C768&amp;ssl=1 768w, https:\/\/i0.wp.com\/www.rr.senac.br\/portalsenac\/wp-content\/uploads\/2022\/06\/WhatsApp-Image-2022-06-06-at-17.46.24.jpeg?w=1081&amp;ssl=1 1081w\" sizes=\"(max-width: 750px) 100vw, 750px\" \/><\/figure>\n\n\n\n<figure class=\"wp-block-image size-large\"><img data-recalc-dims=\"1\" loading=\"lazy\" decoding=\"async\" width=\"750\" height=\"750\" data-id=\"3440\" src=\"https:\/\/i0.wp.com\/www.rr.senac.br\/portalsenac\/wp-content\/uploads\/2022\/06\/WhatsApp-Image-2022-06-06-at-17.46.23.jpeg?resize=750%2C750&#038;ssl=1\" alt=\"\" class=\"wp-image-3440\" srcset=\"https:\/\/i0.wp.com\/www.rr.senac.br\/portalsenac\/wp-content\/uploads\/2022\/06\/WhatsApp-Image-2022-06-06-at-17.46.23.jpeg?resize=1024%2C1024&amp;ssl=1 1024w, https:\/\/i0.wp.com\/www.rr.senac.br\/portalsenac\/wp-content\/uploads\/2022\/06\/WhatsApp-Image-2022-06-06-at-17.46.23.jpeg?resize=300%2C300&amp;ssl=1 300w, https:\/\/i0.wp.com\/www.rr.senac.br\/portalsenac\/wp-content\/uploads\/2022\/06\/WhatsApp-Image-2022-06-06-at-17.46.23.jpeg?resize=150%2C150&amp;ssl=1 150w, https:\/\/i0.wp.com\/www.rr.senac.br\/portalsenac\/wp-content\/uploads\/2022\/06\/WhatsApp-Image-2022-06-06-at-17.46.23.jpeg?resize=768%2C768&amp;ssl=1 768w, https:\/\/i0.wp.com\/www.rr.senac.br\/portalsenac\/wp-content\/uploads\/2022\/06\/WhatsApp-Image-2022-06-06-at-17.46.23.jpeg?w=1081&amp;ssl=1 1081w\" sizes=\"(max-width: 750px) 100vw, 750px\" \/><\/figure>\n<\/figure>\n","protected":false},"excerpt":{"rendered":"<p>Projeto visa capacita\u00e7\u00e3o e inser\u00e7\u00e3o no mercado de trabalho de alunos e egressos Senac A segunda edi\u00e7\u00e3o do \u2018Dia D Oportunidades\u2019 do Senac Roraima j\u00e1 possui data marcada: 21 de junho no Teatro Municipal. O evento este ano ser\u00e1 dividido em dois momentos: ciclo de&hellip; <a class=\"more-link\" href=\"https:\/\/www.rr.senac.br\/portalsenac\/senac-roraima-realiza-segunda-edicao-do-dia-d-oportunidades\/\">Continuar lendo <span class=\"screen-reader-text\">Senac Roraima realiza segunda edi\u00e7\u00e3o do Dia D Oportunidades<\/span><\/a><\/p>\n","protected":false},"author":2,"featured_media":3437,"comment_status":"closed","ping_status":"open","sticky":false,"template":"","format":"standard","meta":{"_jetpack_memberships_contains_paid_content":false,"_joinchat":[],"footnotes":""},"categories":[12],"tags":[],"class_list":["post-3436","post","type-post","status-publish","format-standard","has-post-thumbnail","hentry","category-ultimas-noticias","entry"],"jetpack_featured_media_url":"https:\/\/i0.wp.com\/www.rr.senac.br\/portalsenac\/wp-content\/uploads\/2022\/06\/WhatsApp-Image-2022-06-06-at-17.46.13-2.jpeg?fit=1600%2C1200&ssl=1","jetpack_sharing_enabled":true,"_links":{"self":[{"href":"https:\/\/www.rr.senac.br\/portalsenac\/wp-json\/wp\/v2\/posts\/3436","targetHints":{"allow":["GET"]}}],"collection":[{"href":"https:\/\/www.rr.senac.br\/portalsenac\/wp-json\/wp\/v2\/posts"}],"about":[{"href":"https:\/\/www.rr.senac.br\/portalsenac\/wp-json\/wp\/v2\/types\/post"}],"author":[{"embeddable":true,"href":"https:\/\/www.rr.senac.br\/portalsenac\/wp-json\/wp\/v2\/users\/2"}],"replies":[{"embeddable":true,"href":"https:\/\/www.rr.senac.br\/portalsenac\/wp-json\/wp\/v2\/comments?post=3436"}],"version-history":[{"count":0,"href":"https:\/\/www.rr.senac.br\/portalsenac\/wp-json\/wp\/v2\/posts\/3436\/revisions"}],"wp:featuredmedia":[{"embeddable":true,"href":"https:\/\/www.rr.senac.br\/portalsenac\/wp-json\/wp\/v2\/media\/3437"}],"wp:attachment":[{"href":"https:\/\/www.rr.senac.br\/portalsenac\/wp-json\/wp\/v2\/media?parent=3436"}],"wp:term":[{"taxonomy":"category","embeddable":true,"href":"https:\/\/www.rr.senac.br\/portalsenac\/wp-json\/wp\/v2\/categories?post=3436"},{"taxonomy":"post_tag","embeddable":true,"href":"https:\/\/www.rr.senac.br\/portalsenac\/wp-json\/wp\/v2\/tags?post=3436"}],"curies":[{"name":"wp","href":"https:\/\/api.w.org\/{rel}","templated":true}]}}