{"id":3443,"date":"2022-06-07T10:15:15","date_gmt":"2022-06-07T13:15:15","guid":{"rendered":"https:\/\/www.rr.senac.br\/portalsenac\/?p=3443"},"modified":"2023-06-22T16:21:46","modified_gmt":"2023-06-22T19:21:46","slug":"senac-roraima-divulga-sexto-edital-de-cursos-gratuitos-com-460-vagas","status":"publish","type":"post","link":"https:\/\/www.rr.senac.br\/portalsenac\/senac-roraima-divulga-sexto-edital-de-cursos-gratuitos-com-460-vagas\/","title":{"rendered":"Senac Roraima divulga sexto edital de cursos gratuitos com 460 vagas"},"content":{"rendered":"\n<h5 class=\"wp-block-heading\"><em>Vagas ser\u00e3o destinadas \u00e0 Boa Vista e Rorain\u00f3polis<\/em><\/h5>\n\n\n\n<div style=\"height:20px\" aria-hidden=\"true\" class=\"wp-block-spacer\"><\/div>\n\n\n\n<figure class=\"wp-block-image size-large\"><img data-recalc-dims=\"1\" fetchpriority=\"high\" decoding=\"async\" width=\"750\" height=\"500\" src=\"https:\/\/i0.wp.com\/www.rr.senac.br\/portalsenac\/wp-content\/uploads\/2022\/06\/Sexto-edital-PSG-Senac-RR-3-1.jpg?resize=750%2C500&#038;ssl=1\" alt=\"\" class=\"wp-image-3445\" srcset=\"https:\/\/i0.wp.com\/www.rr.senac.br\/portalsenac\/wp-content\/uploads\/2022\/06\/Sexto-edital-PSG-Senac-RR-3-1-scaled.jpg?resize=1024%2C683&amp;ssl=1 1024w, https:\/\/i0.wp.com\/www.rr.senac.br\/portalsenac\/wp-content\/uploads\/2022\/06\/Sexto-edital-PSG-Senac-RR-3-1-scaled.jpg?resize=300%2C200&amp;ssl=1 300w, https:\/\/i0.wp.com\/www.rr.senac.br\/portalsenac\/wp-content\/uploads\/2022\/06\/Sexto-edital-PSG-Senac-RR-3-1-scaled.jpg?resize=768%2C512&amp;ssl=1 768w, https:\/\/i0.wp.com\/www.rr.senac.br\/portalsenac\/wp-content\/uploads\/2022\/06\/Sexto-edital-PSG-Senac-RR-3-1-scaled.jpg?resize=1536%2C1024&amp;ssl=1 1536w, https:\/\/i0.wp.com\/www.rr.senac.br\/portalsenac\/wp-content\/uploads\/2022\/06\/Sexto-edital-PSG-Senac-RR-3-1-scaled.jpg?resize=2048%2C1365&amp;ssl=1 2048w, https:\/\/i0.wp.com\/www.rr.senac.br\/portalsenac\/wp-content\/uploads\/2022\/06\/Sexto-edital-PSG-Senac-RR-3-1-scaled.jpg?resize=1568%2C1045&amp;ssl=1 1568w, https:\/\/i0.wp.com\/www.rr.senac.br\/portalsenac\/wp-content\/uploads\/2022\/06\/Sexto-edital-PSG-Senac-RR-3-1-scaled.jpg?w=2250&amp;ssl=1 2250w\" sizes=\"(max-width: 750px) 100vw, 750px\" \/><figcaption><em>Foto: N\u00facleo de Comunica\u00e7\u00e3o e Marketing Senac RR<\/em><\/figcaption><\/figure>\n\n\n\n<p>O Senac Roraima lan\u00e7ou o sexto edital do Programa Senac de Gratuidade (PSG) com 460 vagas em cursos destinado a popula\u00e7\u00e3o de Boa Vista e Rorain\u00f3polis. Inscri\u00e7\u00f5es iniciam dia 07 de junho na unidade Ministro Bernardo Cabral em Boa Vista e 13 de junho na Unidade Educacional de Campo Sesc\/Senac Rorain\u00f3polis.<\/p>\n\n\n\n<div style=\"height:20px\" aria-hidden=\"true\" class=\"wp-block-spacer\"><\/div>\n\n\n\n<p>Os cursos dispon\u00edveis s\u00e3o das \u00e1reas de gest\u00e3o, sa\u00fade, gastronomia e outros. A idade m\u00ednima para inscri\u00e7\u00e3o \u00e9 de 15 anos para a maioria dos cursos, podendo variar conforme o pr\u00e9-requisito individual. &nbsp;As inscri\u00e7\u00f5es ser\u00e3o feitas de forma presencial, e os interessados precisam comparecer na unidade do Senac com a documenta\u00e7\u00e3o espec\u00edfica informada no edital: <a href=\"https:\/\/app.rr.senac.br\/send3\/site\/psg\">https:\/\/app.rr.senac.br\/send3\/site\/psg<\/a><\/p>\n\n\n\n<div style=\"height:20px\" aria-hidden=\"true\" class=\"wp-block-spacer\"><\/div>\n\n\n\n<p>Neste edital os cursos possuem carga hor\u00e1ria entre 60h e 240h, com previs\u00e3o de in\u00edcio das aulas para o dia 13 de junho, todas de forma presencial nas unidades do Senac em Roraima. As vagas s\u00e3o limitadas, e por isso os candidatos devem realizar a matr\u00edcula o mais r\u00e1pido poss\u00edvel para garantir a vaga. Tamb\u00e9m, conforme edital, n\u00e3o \u00e9 poss\u00edvel matricular-se em dois cursos de uma mesma sele\u00e7\u00e3o.<\/p>\n\n\n\n<div style=\"height:20px\" aria-hidden=\"true\" class=\"wp-block-spacer\"><\/div>\n\n\n\n<p>O PSG \u00e9 um programa do Senac destinado \u00e0 inser\u00e7\u00e3o e capacita\u00e7\u00e3o da popula\u00e7\u00e3o de baixa renda, levando cursos de aperfei\u00e7oamento e qualifica\u00e7\u00e3o profissional com a qualidade que o Senac oferta \u00e0 comunidade por meio de editais ao longo do ano, totalmente gratuito.<\/p>\n\n\n\n<div style=\"height:20px\" aria-hidden=\"true\" class=\"wp-block-spacer\"><\/div>\n\n\n\n<p>Em casos de d\u00favida e mais informa\u00e7\u00f5es os candidatos podem entrar em contato com a institui\u00e7\u00e3o por meio dos n\u00fameros: 3626-8434 ou 98420-9992.<\/p>\n\n\n\n<p>Giovanna Lima \u2013 analista t\u00e9cnica<\/p>\n\n\n\n<p>Comunica\u00e7\u00e3o Senac Roraima<\/p>\n","protected":false},"excerpt":{"rendered":"<p>Vagas ser\u00e3o destinadas \u00e0 Boa Vista e Rorain\u00f3polis O Senac Roraima lan\u00e7ou o sexto edital do Programa Senac de Gratuidade (PSG) com 460 vagas em cursos destinado a popula\u00e7\u00e3o de Boa Vista e Rorain\u00f3polis. Inscri\u00e7\u00f5es iniciam dia 07 de junho na unidade Ministro Bernardo Cabral&hellip; <a class=\"more-link\" href=\"https:\/\/www.rr.senac.br\/portalsenac\/senac-roraima-divulga-sexto-edital-de-cursos-gratuitos-com-460-vagas\/\">Continuar lendo <span class=\"screen-reader-text\">Senac Roraima divulga sexto edital de cursos gratuitos com 460 vagas<\/span><\/a><\/p>\n","protected":false},"author":2,"featured_media":3444,"comment_status":"closed","ping_status":"open","sticky":false,"template":"","format":"standard","meta":{"_jetpack_memberships_contains_paid_content":false,"_joinchat":[],"footnotes":""},"categories":[12],"tags":[],"class_list":["post-3443","post","type-post","status-publish","format-standard","has-post-thumbnail","hentry","category-ultimas-noticias","entry"],"jetpack_featured_media_url":"https:\/\/i0.wp.com\/www.rr.senac.br\/portalsenac\/wp-content\/uploads\/2022\/06\/Sexto-edital-PSG-Senac-RR-3-scaled.jpg?fit=2560%2C1707&ssl=1","jetpack_sharing_enabled":true,"_links":{"self":[{"href":"https:\/\/www.rr.senac.br\/portalsenac\/wp-json\/wp\/v2\/posts\/3443","targetHints":{"allow":["GET"]}}],"collection":[{"href":"https:\/\/www.rr.senac.br\/portalsenac\/wp-json\/wp\/v2\/posts"}],"about":[{"href":"https:\/\/www.rr.senac.br\/portalsenac\/wp-json\/wp\/v2\/types\/post"}],"author":[{"embeddable":true,"href":"https:\/\/www.rr.senac.br\/portalsenac\/wp-json\/wp\/v2\/users\/2"}],"replies":[{"embeddable":true,"href":"https:\/\/www.rr.senac.br\/portalsenac\/wp-json\/wp\/v2\/comments?post=3443"}],"version-history":[{"count":0,"href":"https:\/\/www.rr.senac.br\/portalsenac\/wp-json\/wp\/v2\/posts\/3443\/revisions"}],"wp:featuredmedia":[{"embeddable":true,"href":"https:\/\/www.rr.senac.br\/portalsenac\/wp-json\/wp\/v2\/media\/3444"}],"wp:attachment":[{"href":"https:\/\/www.rr.senac.br\/portalsenac\/wp-json\/wp\/v2\/media?parent=3443"}],"wp:term":[{"taxonomy":"category","embeddable":true,"href":"https:\/\/www.rr.senac.br\/portalsenac\/wp-json\/wp\/v2\/categories?post=3443"},{"taxonomy":"post_tag","embeddable":true,"href":"https:\/\/www.rr.senac.br\/portalsenac\/wp-json\/wp\/v2\/tags?post=3443"}],"curies":[{"name":"wp","href":"https:\/\/api.w.org\/{rel}","templated":true}]}}