{"id":3449,"date":"2022-06-08T12:07:17","date_gmt":"2022-06-08T15:07:17","guid":{"rendered":"https:\/\/www.rr.senac.br\/portalsenac\/?p=3449"},"modified":"2023-06-22T16:21:46","modified_gmt":"2023-06-22T19:21:46","slug":"senac-roraima-lanca-segunda-temporada-do-quadro-vemsersenac","status":"publish","type":"post","link":"https:\/\/www.rr.senac.br\/portalsenac\/senac-roraima-lanca-segunda-temporada-do-quadro-vemsersenac\/","title":{"rendered":"Senac Roraima lan\u00e7a segunda temporada do quadro #VemSerSenac"},"content":{"rendered":"\n<h5 class=\"wp-block-heading\"><em>\u00c1rea da vez \u00e9 a gastronomia!<\/em><\/h5>\n\n\n\n<div style=\"height:20px\" aria-hidden=\"true\" class=\"wp-block-spacer\"><\/div>\n\n\n\n<figure class=\"wp-block-image size-large\"><img data-recalc-dims=\"1\" fetchpriority=\"high\" decoding=\"async\" width=\"750\" height=\"422\" src=\"https:\/\/i0.wp.com\/www.rr.senac.br\/portalsenac\/wp-content\/uploads\/2022\/06\/capa_Vem_ser_Senac_Prancheta_1.png?resize=750%2C422&#038;ssl=1\" alt=\"\" class=\"wp-image-3450\" srcset=\"https:\/\/i0.wp.com\/www.rr.senac.br\/portalsenac\/wp-content\/uploads\/2022\/06\/capa_Vem_ser_Senac_Prancheta_1.png?resize=1024%2C576&amp;ssl=1 1024w, https:\/\/i0.wp.com\/www.rr.senac.br\/portalsenac\/wp-content\/uploads\/2022\/06\/capa_Vem_ser_Senac_Prancheta_1.png?resize=300%2C169&amp;ssl=1 300w, https:\/\/i0.wp.com\/www.rr.senac.br\/portalsenac\/wp-content\/uploads\/2022\/06\/capa_Vem_ser_Senac_Prancheta_1.png?resize=768%2C432&amp;ssl=1 768w, https:\/\/i0.wp.com\/www.rr.senac.br\/portalsenac\/wp-content\/uploads\/2022\/06\/capa_Vem_ser_Senac_Prancheta_1.png?resize=1536%2C864&amp;ssl=1 1536w, https:\/\/i0.wp.com\/www.rr.senac.br\/portalsenac\/wp-content\/uploads\/2022\/06\/capa_Vem_ser_Senac_Prancheta_1.png?resize=1568%2C882&amp;ssl=1 1568w, https:\/\/i0.wp.com\/www.rr.senac.br\/portalsenac\/wp-content\/uploads\/2022\/06\/capa_Vem_ser_Senac_Prancheta_1.png?w=1920&amp;ssl=1 1920w\" sizes=\"(max-width: 750px) 100vw, 750px\" \/><figcaption><em>Segunda temporada j\u00e1 est\u00e1 no ar!<\/em><\/figcaption><\/figure>\n\n\n\n<p>O m\u00eas de junho trouxe muitas novidades no Senac Roraima e a segunda temporada do quadro #VemSerSenac chegou! Nesta nova temporada o foco \u00e9 a \u00e1rea da gastronomia, dando voz aos empres\u00e1rios locais! Dentre os convidados recebemos Camila Furlin, empres\u00e1ria do ramo cafeeiro.<\/p>\n\n\n\n<div style=\"height:20px\" aria-hidden=\"true\" class=\"wp-block-spacer\"><\/div>\n\n\n\n<p>\u00a0\u00a0\u00a0\u00a0\u00a0\u00a0\u00a0\u00a0\u00a0\u00a0\u00a0 Trazendo empres\u00e1rios do com\u00e9rcio de Boa Vista, o quadro tem como objetivo dar visibilidade aos parceiros que sempre contaram com a institui\u00e7\u00e3o ao longo da jornada profissional. O primeiro epis\u00f3dio j\u00e1 est\u00e1 dispon\u00edvel: <a href=\"https:\/\/youtu.be\/VXBtwE8kE-k\">https:\/\/youtu.be\/VXBtwE8kE-k<\/a> nas redes sociais do Senac Roraima, Youtube, Facebook e Instagram.<\/p>\n\n\n\n<div style=\"height:20px\" aria-hidden=\"true\" class=\"wp-block-spacer\"><\/div>\n\n\n\n<p>&nbsp;&nbsp;&nbsp;&nbsp;&nbsp;&nbsp;&nbsp;&nbsp;&nbsp;&nbsp;&nbsp; Em novo formato, os epis\u00f3dios ser\u00e3o lan\u00e7ados quinzenalmente nos canais oficiais da institui\u00e7\u00e3o. &nbsp;Ser\u00e3o quatro epis\u00f3dios para mais uma temporada, e em breve retornamos com mais uma \u00e1rea selecionada!<\/p>\n\n\n\n<div style=\"height:20px\" aria-hidden=\"true\" class=\"wp-block-spacer\"><\/div>\n\n\n\n<p><strong>Primeira temporada<\/strong><\/p>\n\n\n\n<p>&nbsp;&nbsp;&nbsp;&nbsp;&nbsp;&nbsp;&nbsp;&nbsp;&nbsp;&nbsp;&nbsp; A primeira temporada estreou em abril de 2021, abordando os temas de gest\u00e3o e neg\u00f3cios, com os pr\u00f3prios instrutores do Senac com informa\u00e7\u00f5es e temas relevantes, como imposto de renda e planejamento financeiro. A temporada completa est\u00e1 dispon\u00edvel no Youtube da institui\u00e7\u00e3o: <a href=\"https:\/\/youtu.be\/X94cFY_zOoE\">https:\/\/youtu.be\/X94cFY_zOoE<\/a><\/p>\n\n\n\n<p>Giovanna Lima \u2013 analista t\u00e9cnica<\/p>\n\n\n\n<p>Senac Roraima<\/p>\n","protected":false},"excerpt":{"rendered":"<p>\u00c1rea da vez \u00e9 a gastronomia! O m\u00eas de junho trouxe muitas novidades no Senac Roraima e a segunda temporada do quadro #VemSerSenac chegou! Nesta nova temporada o foco \u00e9 a \u00e1rea da gastronomia, dando voz aos empres\u00e1rios locais! Dentre os convidados recebemos Camila Furlin,&hellip; <a class=\"more-link\" href=\"https:\/\/www.rr.senac.br\/portalsenac\/senac-roraima-lanca-segunda-temporada-do-quadro-vemsersenac\/\">Continuar lendo <span class=\"screen-reader-text\">Senac Roraima lan\u00e7a segunda temporada do quadro #VemSerSenac<\/span><\/a><\/p>\n","protected":false},"author":2,"featured_media":3450,"comment_status":"closed","ping_status":"open","sticky":false,"template":"","format":"standard","meta":{"_jetpack_memberships_contains_paid_content":false,"_joinchat":[],"footnotes":""},"categories":[12],"tags":[],"class_list":["post-3449","post","type-post","status-publish","format-standard","has-post-thumbnail","hentry","category-ultimas-noticias","entry"],"jetpack_featured_media_url":"https:\/\/i0.wp.com\/www.rr.senac.br\/portalsenac\/wp-content\/uploads\/2022\/06\/capa_Vem_ser_Senac_Prancheta_1.png?fit=1920%2C1080&ssl=1","jetpack_sharing_enabled":true,"_links":{"self":[{"href":"https:\/\/www.rr.senac.br\/portalsenac\/wp-json\/wp\/v2\/posts\/3449","targetHints":{"allow":["GET"]}}],"collection":[{"href":"https:\/\/www.rr.senac.br\/portalsenac\/wp-json\/wp\/v2\/posts"}],"about":[{"href":"https:\/\/www.rr.senac.br\/portalsenac\/wp-json\/wp\/v2\/types\/post"}],"author":[{"embeddable":true,"href":"https:\/\/www.rr.senac.br\/portalsenac\/wp-json\/wp\/v2\/users\/2"}],"replies":[{"embeddable":true,"href":"https:\/\/www.rr.senac.br\/portalsenac\/wp-json\/wp\/v2\/comments?post=3449"}],"version-history":[{"count":0,"href":"https:\/\/www.rr.senac.br\/portalsenac\/wp-json\/wp\/v2\/posts\/3449\/revisions"}],"wp:featuredmedia":[{"embeddable":true,"href":"https:\/\/www.rr.senac.br\/portalsenac\/wp-json\/wp\/v2\/media\/3450"}],"wp:attachment":[{"href":"https:\/\/www.rr.senac.br\/portalsenac\/wp-json\/wp\/v2\/media?parent=3449"}],"wp:term":[{"taxonomy":"category","embeddable":true,"href":"https:\/\/www.rr.senac.br\/portalsenac\/wp-json\/wp\/v2\/categories?post=3449"},{"taxonomy":"post_tag","embeddable":true,"href":"https:\/\/www.rr.senac.br\/portalsenac\/wp-json\/wp\/v2\/tags?post=3449"}],"curies":[{"name":"wp","href":"https:\/\/api.w.org\/{rel}","templated":true}]}}