{"id":3458,"date":"2022-06-10T16:02:26","date_gmt":"2022-06-10T19:02:26","guid":{"rendered":"https:\/\/www.rr.senac.br\/portalsenac\/?p=3458"},"modified":"2023-06-22T16:21:46","modified_gmt":"2023-06-22T19:21:46","slug":"inscricoes-para-cursos-gratuitos-do-senac-roraima-iniciam-na-proxima-segunda-em-rorainopolis","status":"publish","type":"post","link":"https:\/\/www.rr.senac.br\/portalsenac\/inscricoes-para-cursos-gratuitos-do-senac-roraima-iniciam-na-proxima-segunda-em-rorainopolis\/","title":{"rendered":"<strong>Inscri\u00e7\u00f5es para cursos gratuitos do Senac Roraima <\/strong><strong>iniciam na pr\u00f3xima segunda em Rorain\u00f3polis<\/strong>"},"content":{"rendered":"\n<h5 class=\"wp-block-heading\"><em>Sexto edital do Programa Senac de Gratuidade est\u00e1 dispon\u00edvel<\/em><\/h5>\n\n\n\n<div style=\"height:20px\" aria-hidden=\"true\" class=\"wp-block-spacer\"><\/div>\n\n\n\n<figure class=\"wp-block-image size-large\"><img data-recalc-dims=\"1\" fetchpriority=\"high\" decoding=\"async\" width=\"750\" height=\"500\" src=\"https:\/\/i0.wp.com\/www.rr.senac.br\/portalsenac\/wp-content\/uploads\/2022\/06\/Sexto-edital-PSG-Senac-RR-1.jpg?resize=750%2C500&#038;ssl=1\" alt=\"\" class=\"wp-image-3459\" srcset=\"https:\/\/i0.wp.com\/www.rr.senac.br\/portalsenac\/wp-content\/uploads\/2022\/06\/Sexto-edital-PSG-Senac-RR-1-scaled.jpg?resize=1024%2C683&amp;ssl=1 1024w, https:\/\/i0.wp.com\/www.rr.senac.br\/portalsenac\/wp-content\/uploads\/2022\/06\/Sexto-edital-PSG-Senac-RR-1-scaled.jpg?resize=300%2C200&amp;ssl=1 300w, https:\/\/i0.wp.com\/www.rr.senac.br\/portalsenac\/wp-content\/uploads\/2022\/06\/Sexto-edital-PSG-Senac-RR-1-scaled.jpg?resize=768%2C512&amp;ssl=1 768w, https:\/\/i0.wp.com\/www.rr.senac.br\/portalsenac\/wp-content\/uploads\/2022\/06\/Sexto-edital-PSG-Senac-RR-1-scaled.jpg?resize=1536%2C1024&amp;ssl=1 1536w, https:\/\/i0.wp.com\/www.rr.senac.br\/portalsenac\/wp-content\/uploads\/2022\/06\/Sexto-edital-PSG-Senac-RR-1-scaled.jpg?resize=2048%2C1365&amp;ssl=1 2048w, https:\/\/i0.wp.com\/www.rr.senac.br\/portalsenac\/wp-content\/uploads\/2022\/06\/Sexto-edital-PSG-Senac-RR-1-scaled.jpg?resize=1568%2C1045&amp;ssl=1 1568w, https:\/\/i0.wp.com\/www.rr.senac.br\/portalsenac\/wp-content\/uploads\/2022\/06\/Sexto-edital-PSG-Senac-RR-1-scaled.jpg?w=2250&amp;ssl=1 2250w\" sizes=\"(max-width: 750px) 100vw, 750px\" \/><figcaption><em>Foto: NCM Senac Roraima<\/em><\/figcaption><\/figure>\n\n\n\n<p>O sexto edital do Programa Senac de Gratuidade (PSG) j\u00e1 est\u00e1 dispon\u00edvel e as matr\u00edculas para o munic\u00edpio de Rorain\u00f3polis iniciam na pr\u00f3xima segunda-feira (13), na Unidade Educacional de Campo Sesc\/Senac \u2013 Rorain\u00f3polis. Os cursos s\u00e3o totalmente gratuitos e destinados \u00e0 popula\u00e7\u00e3o de baixa renda.<\/p>\n\n\n\n<div style=\"height:20px\" aria-hidden=\"true\" class=\"wp-block-spacer\"><\/div>\n\n\n\n<p>&nbsp;&nbsp;&nbsp;&nbsp;&nbsp;&nbsp;&nbsp;&nbsp;&nbsp;&nbsp;&nbsp; Os t\u00edtulos dispon\u00edveis para o munic\u00edpio s\u00e3o: assistente de contabilidade e assistente de recursos humanos, ambos com carga hor\u00e1ria de 160 horas e idade m\u00ednima para participa\u00e7\u00e3o de 15 anos, totalizando 40 vagas destinadas \u00e0 popula\u00e7\u00e3o de Rorain\u00f3polis.<\/p>\n\n\n\n<div style=\"height:20px\" aria-hidden=\"true\" class=\"wp-block-spacer\"><\/div>\n\n\n\n<p>&nbsp;&nbsp;&nbsp;&nbsp;&nbsp;&nbsp;&nbsp;&nbsp;&nbsp;&nbsp;&nbsp; Para participar os candidatos devem comparecer \u00e0 unidade, que est\u00e1 localizada na Rua Ayrton Senna, S\/N, bairro Campol\u00e2ndia no hor\u00e1rio vespertino e noturno (14h \u00e0s 17h e 18h \u00e0s 22h), com documentos originais e xerox do RG, CPF, comprovante de escolaridade e resid\u00eancia.<\/p>\n\n\n\n<div style=\"height:20px\" aria-hidden=\"true\" class=\"wp-block-spacer\"><\/div>\n\n\n\n<p>&nbsp;&nbsp;&nbsp;&nbsp;&nbsp;&nbsp;&nbsp;&nbsp;&nbsp;&nbsp;&nbsp; As demais informa\u00e7\u00f5es est\u00e3o presentes no edital e podem ser consultadas no site: <a href=\"https:\/\/app.rr.senac.br\/send3\/site\/psg\">https:\/\/app.rr.senac.br\/send3\/site\/psg<\/a> e por meio da Central de Atendimento: 3626-8434 e 98420-9992.<\/p>\n\n\n\n<p>Giovanna Lima \u2013 Analista t\u00e9cnica<\/p>\n\n\n\n<p>Comunica\u00e7\u00e3o Senac Roraima<\/p>\n","protected":false},"excerpt":{"rendered":"<p>Sexto edital do Programa Senac de Gratuidade est\u00e1 dispon\u00edvel O sexto edital do Programa Senac de Gratuidade (PSG) j\u00e1 est\u00e1 dispon\u00edvel e as matr\u00edculas para o munic\u00edpio de Rorain\u00f3polis iniciam na pr\u00f3xima segunda-feira (13), na Unidade Educacional de Campo Sesc\/Senac \u2013 Rorain\u00f3polis. Os cursos s\u00e3o&hellip; <a class=\"more-link\" href=\"https:\/\/www.rr.senac.br\/portalsenac\/inscricoes-para-cursos-gratuitos-do-senac-roraima-iniciam-na-proxima-segunda-em-rorainopolis\/\">Continuar lendo <span class=\"screen-reader-text\"><strong>Inscri\u00e7\u00f5es para cursos gratuitos do Senac Roraima <\/strong><strong>iniciam na pr\u00f3xima segunda em Rorain\u00f3polis<\/strong><\/span><\/a><\/p>\n","protected":false},"author":2,"featured_media":3459,"comment_status":"closed","ping_status":"open","sticky":false,"template":"","format":"standard","meta":{"_jetpack_memberships_contains_paid_content":false,"_joinchat":[],"footnotes":""},"categories":[12],"tags":[],"class_list":["post-3458","post","type-post","status-publish","format-standard","has-post-thumbnail","hentry","category-ultimas-noticias","entry"],"jetpack_featured_media_url":"https:\/\/i0.wp.com\/www.rr.senac.br\/portalsenac\/wp-content\/uploads\/2022\/06\/Sexto-edital-PSG-Senac-RR-1-scaled.jpg?fit=2560%2C1707&ssl=1","jetpack_sharing_enabled":true,"_links":{"self":[{"href":"https:\/\/www.rr.senac.br\/portalsenac\/wp-json\/wp\/v2\/posts\/3458","targetHints":{"allow":["GET"]}}],"collection":[{"href":"https:\/\/www.rr.senac.br\/portalsenac\/wp-json\/wp\/v2\/posts"}],"about":[{"href":"https:\/\/www.rr.senac.br\/portalsenac\/wp-json\/wp\/v2\/types\/post"}],"author":[{"embeddable":true,"href":"https:\/\/www.rr.senac.br\/portalsenac\/wp-json\/wp\/v2\/users\/2"}],"replies":[{"embeddable":true,"href":"https:\/\/www.rr.senac.br\/portalsenac\/wp-json\/wp\/v2\/comments?post=3458"}],"version-history":[{"count":0,"href":"https:\/\/www.rr.senac.br\/portalsenac\/wp-json\/wp\/v2\/posts\/3458\/revisions"}],"wp:featuredmedia":[{"embeddable":true,"href":"https:\/\/www.rr.senac.br\/portalsenac\/wp-json\/wp\/v2\/media\/3459"}],"wp:attachment":[{"href":"https:\/\/www.rr.senac.br\/portalsenac\/wp-json\/wp\/v2\/media?parent=3458"}],"wp:term":[{"taxonomy":"category","embeddable":true,"href":"https:\/\/www.rr.senac.br\/portalsenac\/wp-json\/wp\/v2\/categories?post=3458"},{"taxonomy":"post_tag","embeddable":true,"href":"https:\/\/www.rr.senac.br\/portalsenac\/wp-json\/wp\/v2\/tags?post=3458"}],"curies":[{"name":"wp","href":"https:\/\/api.w.org\/{rel}","templated":true}]}}