{"id":3484,"date":"2022-06-14T19:14:33","date_gmt":"2022-06-14T22:14:33","guid":{"rendered":"https:\/\/www.rr.senac.br\/portalsenac\/?p=3484"},"modified":"2023-06-22T16:21:46","modified_gmt":"2023-06-22T19:21:46","slug":"alunos-da-aprendizagem-comercial-do-senac-roraima-participam-de-arraial","status":"publish","type":"post","link":"https:\/\/www.rr.senac.br\/portalsenac\/alunos-da-aprendizagem-comercial-do-senac-roraima-participam-de-arraial\/","title":{"rendered":"Alunos da aprendizagem comercial do Senac Roraima participam de arraial"},"content":{"rendered":"\n<h5 class=\"wp-block-heading\"><em>Evento acontece nos pr\u00f3ximos dias 18 e 19 de junho<\/em><\/h5>\n\n\n\n<div style=\"height:20px\" aria-hidden=\"true\" class=\"wp-block-spacer\"><\/div>\n\n\n\n<figure class=\"wp-block-image size-large\"><img data-recalc-dims=\"1\" fetchpriority=\"high\" decoding=\"async\" width=\"750\" height=\"500\" src=\"https:\/\/i0.wp.com\/www.rr.senac.br\/portalsenac\/wp-content\/uploads\/2022\/06\/turma-cuidados-6.jpg?resize=750%2C500&#038;ssl=1\" alt=\"\" class=\"wp-image-3485\" srcset=\"https:\/\/i0.wp.com\/www.rr.senac.br\/portalsenac\/wp-content\/uploads\/2022\/06\/turma-cuidados-6-scaled.jpg?resize=1024%2C683&amp;ssl=1 1024w, https:\/\/i0.wp.com\/www.rr.senac.br\/portalsenac\/wp-content\/uploads\/2022\/06\/turma-cuidados-6-scaled.jpg?resize=300%2C200&amp;ssl=1 300w, https:\/\/i0.wp.com\/www.rr.senac.br\/portalsenac\/wp-content\/uploads\/2022\/06\/turma-cuidados-6-scaled.jpg?resize=768%2C512&amp;ssl=1 768w, https:\/\/i0.wp.com\/www.rr.senac.br\/portalsenac\/wp-content\/uploads\/2022\/06\/turma-cuidados-6-scaled.jpg?resize=1536%2C1024&amp;ssl=1 1536w, https:\/\/i0.wp.com\/www.rr.senac.br\/portalsenac\/wp-content\/uploads\/2022\/06\/turma-cuidados-6-scaled.jpg?resize=2048%2C1365&amp;ssl=1 2048w, https:\/\/i0.wp.com\/www.rr.senac.br\/portalsenac\/wp-content\/uploads\/2022\/06\/turma-cuidados-6-scaled.jpg?resize=1568%2C1045&amp;ssl=1 1568w, https:\/\/i0.wp.com\/www.rr.senac.br\/portalsenac\/wp-content\/uploads\/2022\/06\/turma-cuidados-6-scaled.jpg?w=2250&amp;ssl=1 2250w\" sizes=\"(max-width: 750px) 100vw, 750px\" \/><figcaption><em>Foto: NCM Senac Roraima<\/em><\/figcaption><\/figure>\n\n\n\n<p>Nos pr\u00f3ximos dias 18 e 19 de junho acontece a terceira edi\u00e7\u00e3o do Arraial do Com\u00e9rcio e nona edi\u00e7\u00e3o do Arraial da Aprendizagem, a partir das 17h no Gin\u00e1sio do Sesc Mecejana. Os alunos do Senac Roraima apresentam o Projeto de Execu\u00e7\u00e3o Pr\u00e1tica com a comercializa\u00e7\u00e3o de lanches e apresenta\u00e7\u00e3o cultural de quadrilha junina.<\/p>\n\n\n\n<div style=\"height:20px\" aria-hidden=\"true\" class=\"wp-block-spacer\"><\/div>\n\n\n\n<p>\u00a0\u00a0\u00a0\u00a0\u00a0\u00a0\u00a0\u00a0\u00a0\u00a0\u00a0 O Arraial da Aprendizagem \u00e9 organizado pelos alunos do Programa de Aprendizagem Comercial do Senac Roraima, e tem como objetivo encerrar o curso pondo em pr\u00e1tica tudo que aprenderam ao longo das aulas, al\u00e9m de proporcionar momentos de ludicidade envolvendo projetos de dan\u00e7a, com a quadrilha junina. Dentre as comidas t\u00edpicas que ser\u00e3o comercializadas est\u00e3o carne de sol, milho e bolos. O evento \u00e9 aberto a comunidade em geral.<\/p>\n\n\n\n<div style=\"height:20px\" aria-hidden=\"true\" class=\"wp-block-spacer\"><\/div>\n\n\n\n<p>\u00a0\u00a0\u00a0\u00a0\u00a0\u00a0\u00a0\u00a0\u00a0\u00a0\u00a0 Conforme Ana Carolina Padilha, coordenadora do Programa explica que o arraial da aprendizagem \u00e9 o resultado de uma constru\u00e7\u00e3o de saberes que prepara e transforma os alunos para o mercado de trabalho.\u00a0<\/p>\n\n\n\n<div style=\"height:20px\" aria-hidden=\"true\" class=\"wp-block-spacer\"><\/div>\n\n\n\n<p>\u201cNo decorrer do curso proporcionamos aos nossos alunos da aprendizagem experi\u00eancias conectadas com o saber te\u00f3rico e pr\u00e1tico que desenvolvem atitudes e valores a partir das nossas marcas formativas. Como institui\u00e7\u00e3o nos sentimos honrados em poder contribuir no fortalecimento do com\u00e9rcio local e no desenvolvimento dos nossos jovens aprendizes! \u201d, declarou Carolina.\u00a0\u00a0\u00a0\u00a0\u00a0\u00a0\u00a0<\/p>\n\n\n\n<div style=\"height:20px\" aria-hidden=\"true\" class=\"wp-block-spacer\"><\/div>\n\n\n\n<p>Roselita Cortez \u00e9 uma das instrutoras envolvidas e afirma que o sentimento neste momento \u00e9 de gratid\u00e3o. \u201cProcuramos estimular a iniciativas empreendedoras e trabalhar a interdisciplinaridade, atrav\u00e9s da organiza\u00e7\u00e3o dos jovens aprendizes, desafiando-os a buscar a criatividade a todo custo, mantendo ou mudando as estrat\u00e9gias de acordo com as situa\u00e7\u00f5es, desenvolvendo sua capacidade de se antecipar aos fatos e criar novas oportunidades de neg\u00f3cios, desenvolver novos produtos e servi\u00e7os e propor solu\u00e7\u00f5es inovadoras\u201d.<\/p>\n\n\n\n<div style=\"height:20px\" aria-hidden=\"true\" class=\"wp-block-spacer\"><\/div>\n\n\n\n<p>Roselita fala sobre as dificuldades durante o processo de organiza\u00e7\u00e3o e execu\u00e7\u00e3o para o grande dia do arraial. \u201cTodos se envolvem, pois, culturalmente falando, o S\u00e3o Jo\u00e3o \u00e9 o per\u00edodo festivo que envolve as fam\u00edlias, os amigos, as m\u00fasicas t\u00edpicas, as dan\u00e7as, tradi\u00e7\u00f5es alimentares atreladas aos cen\u00e1rios caseiros d\u00e3o o colorido da festa. A dificuldade foi somente o capital para o investimento, mas como todo empreendedor corre riscos, estamos prontos\u201d, finalizou.<\/p>\n\n\n\n<div style=\"height:20px\" aria-hidden=\"true\" class=\"wp-block-spacer\"><\/div>\n\n\n\n<p>A aprendiz Kayla Gabrielle acredita que a participa\u00e7\u00e3o dos alunos neste evento \u00e9 muito importante. \u201cEste evento faz com que n\u00f3s, alunos aprendizes, trabalhemos a forma de organiza\u00e7\u00e3o, desenvolvendo nossa criatividade e possuindo assim um conhecimento pr\u00e1tico sobre estrat\u00e9gias de marketing e empreendedorismo. Neste processo aprendemos e nos divertimos ao mesmo tempo\u201d finalizou.<\/p>\n\n\n\n<div style=\"height:20px\" aria-hidden=\"true\" class=\"wp-block-spacer\"><\/div>\n\n\n\n<p><strong>Edi\u00e7\u00e3o 2021<\/strong><\/p>\n\n\n\n<p>A oitava edi\u00e7\u00e3o do Arraial da Aprendizagem aconteceu em modo drive thru e live, em decorr\u00eancia da pandemia da Covid-19, e os alunos organizaram a venda de comidas e bebidas para a comunidade na Unidade Ministro Bernardo Cabral, no per\u00edodo noturno.<\/p>\n\n\n\n<div style=\"height:20px\" aria-hidden=\"true\" class=\"wp-block-spacer\"><\/div>\n\n\n\n<p>Apesar das singularidades do momento os alunos conseguiram produzir e apresentar um belo trabalho e atingiram o objetivo proposto pela institui\u00e7\u00e3o.<\/p>\n\n\n\n<p>Giovanna Lima \u2013 analista t\u00e9cnica<\/p>\n\n\n\n<p>Sena Roraima<\/p>\n","protected":false},"excerpt":{"rendered":"<p>Evento acontece nos pr\u00f3ximos dias 18 e 19 de junho Nos pr\u00f3ximos dias 18 e 19 de junho acontece a terceira edi\u00e7\u00e3o do Arraial do Com\u00e9rcio e nona edi\u00e7\u00e3o do Arraial da Aprendizagem, a partir das 17h no Gin\u00e1sio do Sesc Mecejana. Os alunos do&hellip; <a class=\"more-link\" href=\"https:\/\/www.rr.senac.br\/portalsenac\/alunos-da-aprendizagem-comercial-do-senac-roraima-participam-de-arraial\/\">Continuar lendo <span class=\"screen-reader-text\">Alunos da aprendizagem comercial do Senac Roraima participam de arraial<\/span><\/a><\/p>\n","protected":false},"author":2,"featured_media":3485,"comment_status":"closed","ping_status":"open","sticky":false,"template":"","format":"standard","meta":{"_jetpack_memberships_contains_paid_content":false,"_joinchat":[],"footnotes":""},"categories":[12],"tags":[],"class_list":["post-3484","post","type-post","status-publish","format-standard","has-post-thumbnail","hentry","category-ultimas-noticias","entry"],"jetpack_featured_media_url":"https:\/\/i0.wp.com\/www.rr.senac.br\/portalsenac\/wp-content\/uploads\/2022\/06\/turma-cuidados-6-scaled.jpg?fit=2560%2C1707&ssl=1","jetpack_sharing_enabled":true,"_links":{"self":[{"href":"https:\/\/www.rr.senac.br\/portalsenac\/wp-json\/wp\/v2\/posts\/3484","targetHints":{"allow":["GET"]}}],"collection":[{"href":"https:\/\/www.rr.senac.br\/portalsenac\/wp-json\/wp\/v2\/posts"}],"about":[{"href":"https:\/\/www.rr.senac.br\/portalsenac\/wp-json\/wp\/v2\/types\/post"}],"author":[{"embeddable":true,"href":"https:\/\/www.rr.senac.br\/portalsenac\/wp-json\/wp\/v2\/users\/2"}],"replies":[{"embeddable":true,"href":"https:\/\/www.rr.senac.br\/portalsenac\/wp-json\/wp\/v2\/comments?post=3484"}],"version-history":[{"count":0,"href":"https:\/\/www.rr.senac.br\/portalsenac\/wp-json\/wp\/v2\/posts\/3484\/revisions"}],"wp:featuredmedia":[{"embeddable":true,"href":"https:\/\/www.rr.senac.br\/portalsenac\/wp-json\/wp\/v2\/media\/3485"}],"wp:attachment":[{"href":"https:\/\/www.rr.senac.br\/portalsenac\/wp-json\/wp\/v2\/media?parent=3484"}],"wp:term":[{"taxonomy":"category","embeddable":true,"href":"https:\/\/www.rr.senac.br\/portalsenac\/wp-json\/wp\/v2\/categories?post=3484"},{"taxonomy":"post_tag","embeddable":true,"href":"https:\/\/www.rr.senac.br\/portalsenac\/wp-json\/wp\/v2\/tags?post=3484"}],"curies":[{"name":"wp","href":"https:\/\/api.w.org\/{rel}","templated":true}]}}