{"id":349,"date":"2021-10-27T11:30:57","date_gmt":"2021-10-27T14:30:57","guid":{"rendered":"https:\/\/www.rr.senac.br\/portalsenac\/?p=349"},"modified":"2023-06-22T16:22:19","modified_gmt":"2023-06-22T19:22:19","slug":"senac-roraima-promove-evento-voltado-a-moda-e-beleza-nesta-sexta-feira-17","status":"publish","type":"post","link":"https:\/\/www.rr.senac.br\/portalsenac\/senac-roraima-promove-evento-voltado-a-moda-e-beleza-nesta-sexta-feira-17\/","title":{"rendered":"Senac Roraima promove evento voltado \u00e0 moda e beleza nesta sexta-feira (17)"},"content":{"rendered":"\n<h5 class=\"wp-block-heading\"><em>Senac Fashion Day ser\u00e1 aberto ao p\u00fablico<\/em><\/h5>\n\n\n\n<figure class=\"wp-block-image size-full\"><img data-recalc-dims=\"1\" fetchpriority=\"high\" decoding=\"async\" width=\"680\" height=\"453\" src=\"https:\/\/i0.wp.com\/www.rr.senac.br\/portalsenac\/wp-content\/uploads\/2021\/10\/Novo_Projeto_2-1.png?resize=680%2C453&#038;ssl=1\" alt=\"\" class=\"wp-image-372\" srcset=\"https:\/\/i0.wp.com\/www.rr.senac.br\/portalsenac\/wp-content\/uploads\/2021\/10\/Novo_Projeto_2-1.png?w=680&amp;ssl=1 680w, https:\/\/i0.wp.com\/www.rr.senac.br\/portalsenac\/wp-content\/uploads\/2021\/10\/Novo_Projeto_2-1.png?resize=300%2C200&amp;ssl=1 300w\" sizes=\"(max-width: 680px) 100vw, 680px\" \/><figcaption><em>Evento ser\u00e1 apresentado por Thuany Fernandes<\/em><\/figcaption><\/figure>\n\n\n\n<p class=\"has-drop-cap\">O Senac Roraima promove nesta sexta-feira (17) a terceira edi\u00e7\u00e3o do Senac Fashion Day, evento voltado \u00e0 moda e beleza, a partir das 16h no P\u00e1tio Roraima Shopping, com exposi\u00e7\u00e3o das turmas de costura, workshops com certifica\u00e7\u00e3o e demonstra\u00e7\u00e3o de servi\u00e7os ao p\u00fablico.<\/p>\n\n\n\n<p>A terceira edi\u00e7\u00e3o do evento acontece com tema \u201cas lendas de Roraima\u2019, tema do Projeto Integrador da turma de costureiro profissional, onde os alunos confeccionaram roupas inspiradas nas hist\u00f3rias regionais, como a lenda de Cruviana, Maniva e Monte Roraima.<\/p>\n\n\n\n<p>Para atender o p\u00fablico no local, o time de instrutores do Senac Roraima apresenta workshops com certifica\u00e7\u00e3o, nas \u00e1reas de unha, estilo, imagem pessoal, e muito mais! Os interessados devem comparecer no shopping e procurar os stands do Senac para realizar a inscri\u00e7\u00e3o.<\/p>\n\n\n\n<p>Para mais informa\u00e7\u00f5es os interessados podem entrar em contato com a Central de Atendimento atrav\u00e9s do WhatsApp: 98420-9992, ou atrav\u00e9s do n\u00famero 3626-8434. Nas redes sociais do Senac Roraima (@senacrr) podem conferir a contagem regressiva para o evento, al\u00e9m do <em>teaser<\/em> oficial.<\/p>\n\n\n\n<div class=\"wp-block-group\"><div class=\"wp-block-group__inner-container is-layout-flow wp-block-group-is-layout-flow\">\n<div class=\"wp-block-columns is-layout-flex wp-container-core-columns-is-layout-9d6595d7 wp-block-columns-is-layout-flex\">\n<div class=\"wp-block-column is-layout-flow wp-block-column-is-layout-flow\" style=\"flex-basis:100%\">\n<div class=\"wp-block-group\"><div class=\"wp-block-group__inner-container is-layout-flow wp-block-group-is-layout-flow\">\n<div class=\"wp-block-columns is-layout-flex wp-container-core-columns-is-layout-9d6595d7 wp-block-columns-is-layout-flex\">\n<div class=\"wp-block-column is-layout-flow wp-block-column-is-layout-flow\" style=\"flex-basis:100%\">\n<div class=\"wp-block-columns is-layout-flex wp-container-core-columns-is-layout-9d6595d7 wp-block-columns-is-layout-flex\">\n<div class=\"wp-block-column is-layout-flow wp-block-column-is-layout-flow\" style=\"flex-basis:100%\"><\/div>\n<\/div>\n\n\n\n<div class=\"wp-block-group\"><div class=\"wp-block-group__inner-container is-layout-flow wp-block-group-is-layout-flow\"><\/div><\/div>\n<\/div>\n<\/div>\n<\/div><\/div>\n<\/div>\n<\/div>\n<\/div><\/div>\n\n\n\n<p>Giovanna Lima<\/p>\n\n\n\n<p class=\"has-drop-cap\">Comunica\u00e7\u00e3o Senac RR<\/p>\n","protected":false},"excerpt":{"rendered":"<p>Senac Fashion Day ser\u00e1 aberto ao p\u00fablico O Senac Roraima promove nesta sexta-feira (17) a terceira edi\u00e7\u00e3o do Senac Fashion Day, evento voltado \u00e0 moda e beleza, a partir das 16h no P\u00e1tio Roraima Shopping, com exposi\u00e7\u00e3o das turmas de costura, workshops com certifica\u00e7\u00e3o e&hellip; <a class=\"more-link\" href=\"https:\/\/www.rr.senac.br\/portalsenac\/senac-roraima-promove-evento-voltado-a-moda-e-beleza-nesta-sexta-feira-17\/\">Continuar lendo <span class=\"screen-reader-text\">Senac Roraima promove evento voltado \u00e0 moda e beleza nesta sexta-feira (17)<\/span><\/a><\/p>\n","protected":false},"author":2,"featured_media":371,"comment_status":"closed","ping_status":"open","sticky":false,"template":"","format":"standard","meta":{"_jetpack_memberships_contains_paid_content":false,"_joinchat":[],"footnotes":""},"categories":[12],"tags":[],"class_list":["post-349","post","type-post","status-publish","format-standard","has-post-thumbnail","hentry","category-ultimas-noticias","entry"],"jetpack_featured_media_url":"https:\/\/i0.wp.com\/www.rr.senac.br\/portalsenac\/wp-content\/uploads\/2021\/10\/Novo_Projeto_2.png?fit=680%2C453&ssl=1","jetpack_sharing_enabled":true,"_links":{"self":[{"href":"https:\/\/www.rr.senac.br\/portalsenac\/wp-json\/wp\/v2\/posts\/349","targetHints":{"allow":["GET"]}}],"collection":[{"href":"https:\/\/www.rr.senac.br\/portalsenac\/wp-json\/wp\/v2\/posts"}],"about":[{"href":"https:\/\/www.rr.senac.br\/portalsenac\/wp-json\/wp\/v2\/types\/post"}],"author":[{"embeddable":true,"href":"https:\/\/www.rr.senac.br\/portalsenac\/wp-json\/wp\/v2\/users\/2"}],"replies":[{"embeddable":true,"href":"https:\/\/www.rr.senac.br\/portalsenac\/wp-json\/wp\/v2\/comments?post=349"}],"version-history":[{"count":0,"href":"https:\/\/www.rr.senac.br\/portalsenac\/wp-json\/wp\/v2\/posts\/349\/revisions"}],"wp:featuredmedia":[{"embeddable":true,"href":"https:\/\/www.rr.senac.br\/portalsenac\/wp-json\/wp\/v2\/media\/371"}],"wp:attachment":[{"href":"https:\/\/www.rr.senac.br\/portalsenac\/wp-json\/wp\/v2\/media?parent=349"}],"wp:term":[{"taxonomy":"category","embeddable":true,"href":"https:\/\/www.rr.senac.br\/portalsenac\/wp-json\/wp\/v2\/categories?post=349"},{"taxonomy":"post_tag","embeddable":true,"href":"https:\/\/www.rr.senac.br\/portalsenac\/wp-json\/wp\/v2\/tags?post=349"}],"curies":[{"name":"wp","href":"https:\/\/api.w.org\/{rel}","templated":true}]}}