{"id":3510,"date":"2022-06-17T17:59:18","date_gmt":"2022-06-17T20:59:18","guid":{"rendered":"https:\/\/www.rr.senac.br\/portalsenac\/?p=3510"},"modified":"2023-06-22T16:21:46","modified_gmt":"2023-06-22T19:21:46","slug":"alunos-do-senac-roraima-apresentam-projeto-integrador-em-rorainopolis","status":"publish","type":"post","link":"https:\/\/www.rr.senac.br\/portalsenac\/alunos-do-senac-roraima-apresentam-projeto-integrador-em-rorainopolis\/","title":{"rendered":"Alunos do Senac Roraima apresentam Projeto Integrador em Rorain\u00f3polis"},"content":{"rendered":"\n<h5 class=\"wp-block-heading\"><em>Mais de 30 alunos participaram do evento<\/em><\/h5>\n\n\n\n<div style=\"height:20px\" aria-hidden=\"true\" class=\"wp-block-spacer\"><\/div>\n\n\n\n<figure class=\"wp-block-image size-large\"><img data-recalc-dims=\"1\" fetchpriority=\"high\" decoding=\"async\" width=\"750\" height=\"500\" src=\"https:\/\/i0.wp.com\/www.rr.senac.br\/portalsenac\/wp-content\/uploads\/2022\/06\/editadas-80.jpg?resize=750%2C500&#038;ssl=1\" alt=\"\" class=\"wp-image-3511\" srcset=\"https:\/\/i0.wp.com\/www.rr.senac.br\/portalsenac\/wp-content\/uploads\/2022\/06\/editadas-80-scaled.jpg?resize=1024%2C683&amp;ssl=1 1024w, https:\/\/i0.wp.com\/www.rr.senac.br\/portalsenac\/wp-content\/uploads\/2022\/06\/editadas-80-scaled.jpg?resize=300%2C200&amp;ssl=1 300w, https:\/\/i0.wp.com\/www.rr.senac.br\/portalsenac\/wp-content\/uploads\/2022\/06\/editadas-80-scaled.jpg?resize=768%2C512&amp;ssl=1 768w, https:\/\/i0.wp.com\/www.rr.senac.br\/portalsenac\/wp-content\/uploads\/2022\/06\/editadas-80-scaled.jpg?resize=1536%2C1024&amp;ssl=1 1536w, https:\/\/i0.wp.com\/www.rr.senac.br\/portalsenac\/wp-content\/uploads\/2022\/06\/editadas-80-scaled.jpg?resize=2048%2C1365&amp;ssl=1 2048w, https:\/\/i0.wp.com\/www.rr.senac.br\/portalsenac\/wp-content\/uploads\/2022\/06\/editadas-80-scaled.jpg?resize=1568%2C1045&amp;ssl=1 1568w, https:\/\/i0.wp.com\/www.rr.senac.br\/portalsenac\/wp-content\/uploads\/2022\/06\/editadas-80-scaled.jpg?w=2250&amp;ssl=1 2250w\" sizes=\"(max-width: 750px) 100vw, 750px\" \/><figcaption><em>Foto: NCM Senac Roraima<\/em><\/figcaption><\/figure>\n\n\n\n<p>\u00a0\u00a0\u00a0\u00a0\u00a0\u00a0\u00a0\u00a0\u00a0\u00a0\u00a0 Na \u00faltima quarta-feira (15), os alunos dos cursos de assistente administrativo, cr\u00e9dito e cobran\u00e7a do Senac Roraima apresentaram o Projeto Integrador na Unidade Educacional de Campo Sesc\/Senac no munic\u00edpio de Rorain\u00f3polis. Mais de 30 alunos participaram do projeto com diferentes temas.<\/p>\n\n\n\n<div style=\"height:20px\" aria-hidden=\"true\" class=\"wp-block-spacer\"><\/div>\n\n\n\n<p>\u00a0\u00a0\u00a0\u00a0\u00a0\u00a0\u00a0\u00a0\u00a0\u00a0\u00a0 A instrutora do curso, Janaine Pereira explicou que os alunos passaram cerca de uma semana preparando apenas os materiais para o grande dia. \u201cCada um deu o seu melhor, apresentaram o melhor poss\u00edvel para o desenvolvimento e conclus\u00e3o deste trabalho\u201d, explicou.<\/p>\n\n\n\n<div style=\"height:20px\" aria-hidden=\"true\" class=\"wp-block-spacer\"><\/div>\n\n\n\n<p>\u00a0\u00a0\u00a0\u00a0\u00a0\u00a0\u00a0\u00a0\u00a0\u00a0\u00a0 Ao longo do processo Janaine afirmou que as opini\u00f5es dos alunos foram levadas em considera\u00e7\u00e3o, principalmente na divis\u00e3o dos temas. \u201cExploramos os assuntos em sala de aula e vimos quais cada aluno mais se identificou e a partir disso dividimos os grupos para as apresenta\u00e7\u00f5es\u201d, contou.<\/p>\n\n\n\n<div style=\"height:20px\" aria-hidden=\"true\" class=\"wp-block-spacer\"><\/div>\n\n\n\n<p>\u00a0\u00a0\u00a0\u00a0\u00a0\u00a0\u00a0\u00a0\u00a0\u00a0\u00a0 O evento foi acompanhado pela coordenadora Ana Carolina Padilha, a gerente de educa\u00e7\u00e3o de campo, Iduilia Souza, e o assessor de planejamento estrat\u00e9gico, Maik Pereira. Os representantes da institui\u00e7\u00e3o declararam a satisfa\u00e7\u00e3o em participar da apresenta\u00e7\u00e3o. \u201cSuperaram todas as minhas expectativas\u201d, declarou Carolina.<\/p>\n\n\n\n<div style=\"height:20px\" aria-hidden=\"true\" class=\"wp-block-spacer\"><\/div>\n\n\n\n<p>\u00a0\u00a0\u00a0\u00a0\u00a0\u00a0\u00a0\u00a0\u00a0\u00a0\u00a0 Sobre o sentimento em ver o feedback dos alunos a instrutora informou: \u201cEu fico maravilhada, vejo que todo o esfor\u00e7o que a gente faz vale a pena, todo o conte\u00fado que passamos eles captam e se esfor\u00e7am para apresentar o melhor que podem no momento das apresenta\u00e7\u00f5es\u201d.<\/p>\n\n\n\n<div style=\"height:20px\" aria-hidden=\"true\" class=\"wp-block-spacer\"><\/div>\n\n\n\n<p>\u00a0\u00a0\u00a0\u00a0\u00a0\u00a0\u00a0\u00a0\u00a0\u00a0\u00a0 Uma das alunas do curso de cr\u00e9dito e cobran\u00e7a, Lorilene Dalton contou a experi\u00eancia ao participar da primeira turma em Rorain\u00f3polis: \u201cQuando me inscrevi n\u00e3o tinha imaginava qu\u00e3o puxado seria, tivemos muitos c\u00e1lculos, mas o bom \u00e9 que aprendi muitas coisas que ainda n\u00e3o sabia, para mim foi uma experi\u00eancia muito interessante\u201d, finalizou a aluna.<\/p>\n\n\n\n<div style=\"height:20px\" aria-hidden=\"true\" class=\"wp-block-spacer\"><\/div>\n\n\n\n<p>\u00a0\u00a0\u00a0\u00a0\u00a0\u00a0\u00a0\u00a0\u00a0\u00a0\u00a0 O Senac parabeniza todos os alunos participantes da a\u00e7\u00e3o pelos belos trabalhos apresentados e deseja sucesso na jornada profissional. Aguardamos voc\u00eas em breve nos #CasosDeSucesso!<\/p>\n\n\n\n<p>Giovanna Lima \u2013 analista t\u00e9cnica<\/p>\n\n\n\n<p>Comunica\u00e7\u00e3o Senac Roraima<\/p>\n","protected":false},"excerpt":{"rendered":"<p>Mais de 30 alunos participaram do evento \u00a0\u00a0\u00a0\u00a0\u00a0\u00a0\u00a0\u00a0\u00a0\u00a0\u00a0 Na \u00faltima quarta-feira (15), os alunos dos cursos de assistente administrativo, cr\u00e9dito e cobran\u00e7a do Senac Roraima apresentaram o Projeto Integrador na Unidade Educacional de Campo Sesc\/Senac no munic\u00edpio de Rorain\u00f3polis. Mais de 30 alunos participaram do&hellip; <a class=\"more-link\" href=\"https:\/\/www.rr.senac.br\/portalsenac\/alunos-do-senac-roraima-apresentam-projeto-integrador-em-rorainopolis\/\">Continuar lendo <span class=\"screen-reader-text\">Alunos do Senac Roraima apresentam Projeto Integrador em Rorain\u00f3polis<\/span><\/a><\/p>\n","protected":false},"author":2,"featured_media":3511,"comment_status":"closed","ping_status":"open","sticky":false,"template":"","format":"standard","meta":{"_jetpack_memberships_contains_paid_content":false,"_joinchat":[],"footnotes":""},"categories":[12],"tags":[],"class_list":["post-3510","post","type-post","status-publish","format-standard","has-post-thumbnail","hentry","category-ultimas-noticias","entry"],"jetpack_featured_media_url":"https:\/\/i0.wp.com\/www.rr.senac.br\/portalsenac\/wp-content\/uploads\/2022\/06\/editadas-80-scaled.jpg?fit=2560%2C1707&ssl=1","jetpack_sharing_enabled":true,"_links":{"self":[{"href":"https:\/\/www.rr.senac.br\/portalsenac\/wp-json\/wp\/v2\/posts\/3510","targetHints":{"allow":["GET"]}}],"collection":[{"href":"https:\/\/www.rr.senac.br\/portalsenac\/wp-json\/wp\/v2\/posts"}],"about":[{"href":"https:\/\/www.rr.senac.br\/portalsenac\/wp-json\/wp\/v2\/types\/post"}],"author":[{"embeddable":true,"href":"https:\/\/www.rr.senac.br\/portalsenac\/wp-json\/wp\/v2\/users\/2"}],"replies":[{"embeddable":true,"href":"https:\/\/www.rr.senac.br\/portalsenac\/wp-json\/wp\/v2\/comments?post=3510"}],"version-history":[{"count":0,"href":"https:\/\/www.rr.senac.br\/portalsenac\/wp-json\/wp\/v2\/posts\/3510\/revisions"}],"wp:featuredmedia":[{"embeddable":true,"href":"https:\/\/www.rr.senac.br\/portalsenac\/wp-json\/wp\/v2\/media\/3511"}],"wp:attachment":[{"href":"https:\/\/www.rr.senac.br\/portalsenac\/wp-json\/wp\/v2\/media?parent=3510"}],"wp:term":[{"taxonomy":"category","embeddable":true,"href":"https:\/\/www.rr.senac.br\/portalsenac\/wp-json\/wp\/v2\/categories?post=3510"},{"taxonomy":"post_tag","embeddable":true,"href":"https:\/\/www.rr.senac.br\/portalsenac\/wp-json\/wp\/v2\/tags?post=3510"}],"curies":[{"name":"wp","href":"https:\/\/api.w.org\/{rel}","templated":true}]}}