{"id":3514,"date":"2022-06-17T19:29:27","date_gmt":"2022-06-17T22:29:27","guid":{"rendered":"https:\/\/www.rr.senac.br\/portalsenac\/?p=3514"},"modified":"2023-06-22T16:21:46","modified_gmt":"2023-06-22T19:21:46","slug":"etapa-de-contratacao-do-dia-d-oportunidades-acontece-na-proxima-terca-feira","status":"publish","type":"post","link":"https:\/\/www.rr.senac.br\/portalsenac\/etapa-de-contratacao-do-dia-d-oportunidades-acontece-na-proxima-terca-feira\/","title":{"rendered":"Etapa de contrata\u00e7\u00e3o do Dia D Oportunidades acontece na pr\u00f3xima ter\u00e7a-feira"},"content":{"rendered":"\n<h5 class=\"wp-block-heading\"><em>S\u00e3o mais de 110 vagas de emprego<\/em><\/h5>\n\n\n\n<div style=\"height:20px\" aria-hidden=\"true\" class=\"wp-block-spacer\"><\/div>\n\n\n\n<figure class=\"wp-block-image size-large\"><img data-recalc-dims=\"1\" fetchpriority=\"high\" decoding=\"async\" width=\"750\" height=\"500\" src=\"https:\/\/i0.wp.com\/www.rr.senac.br\/portalsenac\/wp-content\/uploads\/2022\/06\/3O5A1186.jpg?resize=750%2C500&#038;ssl=1\" alt=\"\" class=\"wp-image-3515\" srcset=\"https:\/\/i0.wp.com\/www.rr.senac.br\/portalsenac\/wp-content\/uploads\/2022\/06\/3O5A1186-scaled.jpg?resize=1024%2C683&amp;ssl=1 1024w, https:\/\/i0.wp.com\/www.rr.senac.br\/portalsenac\/wp-content\/uploads\/2022\/06\/3O5A1186-scaled.jpg?resize=300%2C200&amp;ssl=1 300w, https:\/\/i0.wp.com\/www.rr.senac.br\/portalsenac\/wp-content\/uploads\/2022\/06\/3O5A1186-scaled.jpg?resize=768%2C512&amp;ssl=1 768w, https:\/\/i0.wp.com\/www.rr.senac.br\/portalsenac\/wp-content\/uploads\/2022\/06\/3O5A1186-scaled.jpg?resize=1536%2C1024&amp;ssl=1 1536w, https:\/\/i0.wp.com\/www.rr.senac.br\/portalsenac\/wp-content\/uploads\/2022\/06\/3O5A1186-scaled.jpg?resize=2048%2C1365&amp;ssl=1 2048w, https:\/\/i0.wp.com\/www.rr.senac.br\/portalsenac\/wp-content\/uploads\/2022\/06\/3O5A1186-scaled.jpg?resize=1568%2C1045&amp;ssl=1 1568w, https:\/\/i0.wp.com\/www.rr.senac.br\/portalsenac\/wp-content\/uploads\/2022\/06\/3O5A1186-scaled.jpg?w=2250&amp;ssl=1 2250w\" sizes=\"(max-width: 750px) 100vw, 750px\" \/><\/figure>\n\n\n\n<p>A segunda etapa do Dia D Oportunidades de recrutamento e contrata\u00e7\u00e3o acontece na pr\u00f3xima ter\u00e7a-feira (21) na Unidade do Senac Roraima Ministro Bernardo Cabral, localizada no bairro Asa Branca, das 14h \u00e0s 18h com mais de 110 vagas de emprego destinadas aos alunos e ex-alunos do Senac.<\/p>\n\n\n\n<div style=\"height:20px\" aria-hidden=\"true\" class=\"wp-block-spacer\"><\/div>\n\n\n\n<p>Para participar basta ser aluno ou egresso da institui\u00e7\u00e3o e se inscrever no formul\u00e1rio: <a href=\"https:\/\/bit.ly\/alunosenac_diad\">https:\/\/bit.ly\/alunosenac_diad<\/a>\u00a0 e escolher a vaga que deseja concorrer. No dia 21 os candidatos devem comparecer \u00e0 unidade com anteced\u00eancia com o curr\u00edculo impresso.<\/p>\n\n\n\n<div style=\"height:20px\" aria-hidden=\"true\" class=\"wp-block-spacer\"><\/div>\n\n\n\n<p>O objetivo \u00e9 inserir profissionais capacitados no mercado de trabalho, garantindo a qualidade educacional da institui\u00e7\u00e3o, al\u00e9m da parceria com as empresas do setor do com\u00e9rcio de bens, servi\u00e7os e turismo de Roraima.<\/p>\n\n\n\n<div style=\"height:20px\" aria-hidden=\"true\" class=\"wp-block-spacer\"><\/div>\n\n\n\n<p>O evento \u00e9 a continua\u00e7\u00e3o do ciclo de palestras e oficinas que aconteceu no s\u00e1bado do dia 11 de junho, com a participa\u00e7\u00e3o dos instrutores da institui\u00e7\u00e3o e a comunidade acad\u00eamica do Senac.<\/p>\n\n\n\n<p>Giovanna Lima \u2013 Analista t\u00e9cnica<\/p>\n\n\n\n<p>Comunica\u00e7\u00e3o Senac Roraima<\/p>\n","protected":false},"excerpt":{"rendered":"<p>S\u00e3o mais de 110 vagas de emprego A segunda etapa do Dia D Oportunidades de recrutamento e contrata\u00e7\u00e3o acontece na pr\u00f3xima ter\u00e7a-feira (21) na Unidade do Senac Roraima Ministro Bernardo Cabral, localizada no bairro Asa Branca, das 14h \u00e0s 18h com mais de 110 vagas&hellip; <a class=\"more-link\" href=\"https:\/\/www.rr.senac.br\/portalsenac\/etapa-de-contratacao-do-dia-d-oportunidades-acontece-na-proxima-terca-feira\/\">Continuar lendo <span class=\"screen-reader-text\">Etapa de contrata\u00e7\u00e3o do Dia D Oportunidades acontece na pr\u00f3xima ter\u00e7a-feira<\/span><\/a><\/p>\n","protected":false},"author":2,"featured_media":3515,"comment_status":"closed","ping_status":"open","sticky":false,"template":"","format":"standard","meta":{"_jetpack_memberships_contains_paid_content":false,"_joinchat":[],"footnotes":""},"categories":[12],"tags":[],"class_list":["post-3514","post","type-post","status-publish","format-standard","has-post-thumbnail","hentry","category-ultimas-noticias","entry"],"jetpack_featured_media_url":"https:\/\/i0.wp.com\/www.rr.senac.br\/portalsenac\/wp-content\/uploads\/2022\/06\/3O5A1186-scaled.jpg?fit=2560%2C1707&ssl=1","jetpack_sharing_enabled":true,"_links":{"self":[{"href":"https:\/\/www.rr.senac.br\/portalsenac\/wp-json\/wp\/v2\/posts\/3514","targetHints":{"allow":["GET"]}}],"collection":[{"href":"https:\/\/www.rr.senac.br\/portalsenac\/wp-json\/wp\/v2\/posts"}],"about":[{"href":"https:\/\/www.rr.senac.br\/portalsenac\/wp-json\/wp\/v2\/types\/post"}],"author":[{"embeddable":true,"href":"https:\/\/www.rr.senac.br\/portalsenac\/wp-json\/wp\/v2\/users\/2"}],"replies":[{"embeddable":true,"href":"https:\/\/www.rr.senac.br\/portalsenac\/wp-json\/wp\/v2\/comments?post=3514"}],"version-history":[{"count":0,"href":"https:\/\/www.rr.senac.br\/portalsenac\/wp-json\/wp\/v2\/posts\/3514\/revisions"}],"wp:featuredmedia":[{"embeddable":true,"href":"https:\/\/www.rr.senac.br\/portalsenac\/wp-json\/wp\/v2\/media\/3515"}],"wp:attachment":[{"href":"https:\/\/www.rr.senac.br\/portalsenac\/wp-json\/wp\/v2\/media?parent=3514"}],"wp:term":[{"taxonomy":"category","embeddable":true,"href":"https:\/\/www.rr.senac.br\/portalsenac\/wp-json\/wp\/v2\/categories?post=3514"},{"taxonomy":"post_tag","embeddable":true,"href":"https:\/\/www.rr.senac.br\/portalsenac\/wp-json\/wp\/v2\/tags?post=3514"}],"curies":[{"name":"wp","href":"https:\/\/api.w.org\/{rel}","templated":true}]}}