{"id":362,"date":"2021-10-27T11:42:41","date_gmt":"2021-10-27T14:42:41","guid":{"rendered":"https:\/\/www.rr.senac.br\/portalsenac\/?p=362"},"modified":"2023-06-22T16:22:19","modified_gmt":"2023-06-22T19:22:19","slug":"senac-roraima-disponibiliza-edital-de-cursos-gratuitos-para-o-interior","status":"publish","type":"post","link":"https:\/\/www.rr.senac.br\/portalsenac\/senac-roraima-disponibiliza-edital-de-cursos-gratuitos-para-o-interior\/","title":{"rendered":"Senac Roraima disponibiliza edital de cursos gratuitos para o interior"},"content":{"rendered":"\n<h5 class=\"wp-block-heading\"><em>Matr\u00edculas iniciam na pr\u00f3xima ter\u00e7a-feira (21)<\/em><\/h5>\n\n\n\n<figure class=\"wp-block-image size-large\"><img data-recalc-dims=\"1\" fetchpriority=\"high\" decoding=\"async\" width=\"750\" height=\"500\" src=\"https:\/\/i0.wp.com\/www.rr.senac.br\/portalsenac\/wp-content\/uploads\/2021\/10\/Senac-RR.jpeg?resize=750%2C500&#038;ssl=1\" alt=\"\" class=\"wp-image-363\" srcset=\"https:\/\/i0.wp.com\/www.rr.senac.br\/portalsenac\/wp-content\/uploads\/2021\/10\/Senac-RR.jpeg?resize=1024%2C682&amp;ssl=1 1024w, https:\/\/i0.wp.com\/www.rr.senac.br\/portalsenac\/wp-content\/uploads\/2021\/10\/Senac-RR.jpeg?resize=300%2C200&amp;ssl=1 300w, https:\/\/i0.wp.com\/www.rr.senac.br\/portalsenac\/wp-content\/uploads\/2021\/10\/Senac-RR.jpeg?resize=768%2C512&amp;ssl=1 768w, https:\/\/i0.wp.com\/www.rr.senac.br\/portalsenac\/wp-content\/uploads\/2021\/10\/Senac-RR.jpeg?w=1280&amp;ssl=1 1280w\" sizes=\"(max-width: 750px) 100vw, 750px\" \/><figcaption><em>Cursos acontecer\u00e3o de forma presencial <\/em><\/figcaption><\/figure>\n\n\n\n<p>O mais novo edital do Programa Senac de Gratuidade (PSG) do Senac Roraima est\u00e1 dispon\u00edvel com cursos destinados a popula\u00e7\u00e3o de Iracema e Rorain\u00f3polis. S\u00e3o mais de 120 vagas em cursos na \u00e1rea de gest\u00e3o e tecnologia.&nbsp; Os cursos possuem pr\u00e9-requisitos que podem ser consultados no edital, disponibilizado no site: https:\/\/app.rr.senac.br\/send3\/site\/psg<\/p>\n\n\n\n<p>Os cursos dispon\u00edveis s\u00e3o: Inform\u00e1tica b\u00e1sica e avan\u00e7ada, e assistente de Marketing e vendas. As matr\u00edculas ter\u00e3o in\u00edcio a partir de 21 de setembro de 2021, com vagas limitadas. Os t\u00edtulos ofertados neste edital possuem carga hor\u00e1ria de 160 horas, com certifica\u00e7\u00e3o de reconhecimento nacional pelo Senac.<\/p>\n\n\n\n<p>Para efetuar a matr\u00edcula, os candidatos devem preencher os pr\u00e9-requisitos espec\u00edficos de cada curso, conforme edital, e comparecer com a documenta\u00e7\u00e3o original e xerox na unidade do Senac nos munic\u00edpios. Em Iracema est\u00e1 localizada na unidade Sesc Ler, na Rua Princesa Isabel, S\/N; e na unidade Sesc Ler em Rorain\u00f3polis, localizada na Rua Ayrton Senna, S\/N.&nbsp; Para acessar o edital: https:\/\/app.rr.senac.br\/send3\/site\/psg<\/p>\n\n\n\n<p>Em caso de d\u00favida os candidatos podem se dirigir \u00e0 central de atendimento na unidade de matr\u00edculas, ou atrav\u00e9s dos n\u00fameros: 3626-8434 e atrav\u00e9s do WhatsApp: 98420-9992.<\/p>\n\n\n\n<p>Giovanna Lima<\/p>\n\n\n\n<p>Comunica\u00e7\u00e3o Senac RR<\/p>\n","protected":false},"excerpt":{"rendered":"<p>Matr\u00edculas iniciam na pr\u00f3xima ter\u00e7a-feira (21) O mais novo edital do Programa Senac de Gratuidade (PSG) do Senac Roraima est\u00e1 dispon\u00edvel com cursos destinados a popula\u00e7\u00e3o de Iracema e Rorain\u00f3polis. S\u00e3o mais de 120 vagas em cursos na \u00e1rea de gest\u00e3o e tecnologia.&nbsp; Os cursos&hellip; <a class=\"more-link\" href=\"https:\/\/www.rr.senac.br\/portalsenac\/senac-roraima-disponibiliza-edital-de-cursos-gratuitos-para-o-interior\/\">Continuar lendo <span class=\"screen-reader-text\">Senac Roraima disponibiliza edital de cursos gratuitos para o interior<\/span><\/a><\/p>\n","protected":false},"author":2,"featured_media":363,"comment_status":"closed","ping_status":"open","sticky":false,"template":"","format":"standard","meta":{"_jetpack_memberships_contains_paid_content":false,"_joinchat":[],"footnotes":""},"categories":[12],"tags":[],"class_list":["post-362","post","type-post","status-publish","format-standard","has-post-thumbnail","hentry","category-ultimas-noticias","entry"],"jetpack_featured_media_url":"https:\/\/i0.wp.com\/www.rr.senac.br\/portalsenac\/wp-content\/uploads\/2021\/10\/Senac-RR.jpeg?fit=1280%2C853&ssl=1","jetpack_sharing_enabled":true,"_links":{"self":[{"href":"https:\/\/www.rr.senac.br\/portalsenac\/wp-json\/wp\/v2\/posts\/362","targetHints":{"allow":["GET"]}}],"collection":[{"href":"https:\/\/www.rr.senac.br\/portalsenac\/wp-json\/wp\/v2\/posts"}],"about":[{"href":"https:\/\/www.rr.senac.br\/portalsenac\/wp-json\/wp\/v2\/types\/post"}],"author":[{"embeddable":true,"href":"https:\/\/www.rr.senac.br\/portalsenac\/wp-json\/wp\/v2\/users\/2"}],"replies":[{"embeddable":true,"href":"https:\/\/www.rr.senac.br\/portalsenac\/wp-json\/wp\/v2\/comments?post=362"}],"version-history":[{"count":0,"href":"https:\/\/www.rr.senac.br\/portalsenac\/wp-json\/wp\/v2\/posts\/362\/revisions"}],"wp:featuredmedia":[{"embeddable":true,"href":"https:\/\/www.rr.senac.br\/portalsenac\/wp-json\/wp\/v2\/media\/363"}],"wp:attachment":[{"href":"https:\/\/www.rr.senac.br\/portalsenac\/wp-json\/wp\/v2\/media?parent=362"}],"wp:term":[{"taxonomy":"category","embeddable":true,"href":"https:\/\/www.rr.senac.br\/portalsenac\/wp-json\/wp\/v2\/categories?post=362"},{"taxonomy":"post_tag","embeddable":true,"href":"https:\/\/www.rr.senac.br\/portalsenac\/wp-json\/wp\/v2\/tags?post=362"}],"curies":[{"name":"wp","href":"https:\/\/api.w.org\/{rel}","templated":true}]}}