{"id":365,"date":"2021-10-27T11:54:10","date_gmt":"2021-10-27T14:54:10","guid":{"rendered":"https:\/\/www.rr.senac.br\/portalsenac\/?p=365"},"modified":"2023-06-22T16:22:19","modified_gmt":"2023-06-22T19:22:19","slug":"senac-roraima-abre-seletivo-em-boa-vista-e-pacaraima","status":"publish","type":"post","link":"https:\/\/www.rr.senac.br\/portalsenac\/senac-roraima-abre-seletivo-em-boa-vista-e-pacaraima\/","title":{"rendered":"Senac Roraima abre seletivo em Boa Vista e Pacaraima"},"content":{"rendered":"\n<p>Senac Roraima est\u00e1 com seletivos abertos para cargos de instrutor de gastronomia e portugu\u00eas em Boa Vista e Pacaraima. As inscri\u00e7\u00f5es v\u00e3o at\u00e9 esta quarta-feira (22), e devem ser feitas exclusivamente pelo site <a href=\"https:\/\/seletivo.rr.senac.br\/abertos\">https:\/\/seletivo.rr.senac.br\/abertos<\/a><\/p>\n\n\n\n<figure class=\"wp-block-image size-large\"><img data-recalc-dims=\"1\" fetchpriority=\"high\" decoding=\"async\" width=\"750\" height=\"563\" src=\"https:\/\/i0.wp.com\/www.rr.senac.br\/portalsenac\/wp-content\/uploads\/2021\/10\/Seletivos-senac-roraima.jpeg?resize=750%2C563&#038;ssl=1\" alt=\"\" class=\"wp-image-366\" srcset=\"https:\/\/i0.wp.com\/www.rr.senac.br\/portalsenac\/wp-content\/uploads\/2021\/10\/Seletivos-senac-roraima.jpeg?resize=1024%2C768&amp;ssl=1 1024w, https:\/\/i0.wp.com\/www.rr.senac.br\/portalsenac\/wp-content\/uploads\/2021\/10\/Seletivos-senac-roraima.jpeg?resize=300%2C225&amp;ssl=1 300w, https:\/\/i0.wp.com\/www.rr.senac.br\/portalsenac\/wp-content\/uploads\/2021\/10\/Seletivos-senac-roraima.jpeg?resize=768%2C576&amp;ssl=1 768w, https:\/\/i0.wp.com\/www.rr.senac.br\/portalsenac\/wp-content\/uploads\/2021\/10\/Seletivos-senac-roraima.jpeg?resize=1536%2C1152&amp;ssl=1 1536w, https:\/\/i0.wp.com\/www.rr.senac.br\/portalsenac\/wp-content\/uploads\/2021\/10\/Seletivos-senac-roraima.jpeg?resize=1568%2C1176&amp;ssl=1 1568w, https:\/\/i0.wp.com\/www.rr.senac.br\/portalsenac\/wp-content\/uploads\/2021\/10\/Seletivos-senac-roraima.jpeg?w=1600&amp;ssl=1 1600w\" sizes=\"(max-width: 750px) 100vw, 750px\" \/><figcaption><em>Inscri\u00e7\u00f5es exclusivamente no site<\/em><\/figcaption><\/figure>\n\n\n\n<p>Para o cargo de gastronomia o n\u00edvel de escolaridade solicitado \u00e9 de ensino m\u00e9dio completo com curso de qualifica\u00e7\u00e3o profissional na \u00e1rea, com carga hor\u00e1ria m\u00ednima de 500 horas. A vaga para instrutor de portugu\u00eas solicita ensino superior completo em Letras.<\/p>\n\n\n\n<p>Para participar do processo os candidatos devem se atentar aos pr\u00e9-requisitos de cada cargo, e seguir as etapas do cronograma divulgado no site.<\/p>\n\n\n\n<p>Para mais informa\u00e7\u00f5es os interessados podem entrar em contato com o setor respons\u00e1vel atrav\u00e9s do n\u00famero 3212-2824, ou atrav\u00e9s das redes sociais oficiais @senacrr<\/p>\n\n\n\n<p>Giovanna Lima<\/p>\n\n\n\n<p>Comunica\u00e7\u00e3o Senac RR<\/p>\n","protected":false},"excerpt":{"rendered":"<p>Senac Roraima est\u00e1 com seletivos abertos para cargos de instrutor de gastronomia e portugu\u00eas em Boa Vista e Pacaraima. As inscri\u00e7\u00f5es v\u00e3o at\u00e9 esta quarta-feira (22), e devem ser feitas exclusivamente pelo site https:\/\/seletivo.rr.senac.br\/abertos Para o cargo de gastronomia o n\u00edvel de escolaridade solicitado \u00e9&hellip; <a class=\"more-link\" href=\"https:\/\/www.rr.senac.br\/portalsenac\/senac-roraima-abre-seletivo-em-boa-vista-e-pacaraima\/\">Continuar lendo <span class=\"screen-reader-text\">Senac Roraima abre seletivo em Boa Vista e Pacaraima<\/span><\/a><\/p>\n","protected":false},"author":2,"featured_media":366,"comment_status":"closed","ping_status":"open","sticky":false,"template":"","format":"standard","meta":{"_jetpack_memberships_contains_paid_content":false,"_joinchat":[],"footnotes":""},"categories":[12],"tags":[],"class_list":["post-365","post","type-post","status-publish","format-standard","has-post-thumbnail","hentry","category-ultimas-noticias","entry"],"jetpack_featured_media_url":"https:\/\/i0.wp.com\/www.rr.senac.br\/portalsenac\/wp-content\/uploads\/2021\/10\/Seletivos-senac-roraima.jpeg?fit=1600%2C1200&ssl=1","jetpack_sharing_enabled":true,"_links":{"self":[{"href":"https:\/\/www.rr.senac.br\/portalsenac\/wp-json\/wp\/v2\/posts\/365","targetHints":{"allow":["GET"]}}],"collection":[{"href":"https:\/\/www.rr.senac.br\/portalsenac\/wp-json\/wp\/v2\/posts"}],"about":[{"href":"https:\/\/www.rr.senac.br\/portalsenac\/wp-json\/wp\/v2\/types\/post"}],"author":[{"embeddable":true,"href":"https:\/\/www.rr.senac.br\/portalsenac\/wp-json\/wp\/v2\/users\/2"}],"replies":[{"embeddable":true,"href":"https:\/\/www.rr.senac.br\/portalsenac\/wp-json\/wp\/v2\/comments?post=365"}],"version-history":[{"count":0,"href":"https:\/\/www.rr.senac.br\/portalsenac\/wp-json\/wp\/v2\/posts\/365\/revisions"}],"wp:featuredmedia":[{"embeddable":true,"href":"https:\/\/www.rr.senac.br\/portalsenac\/wp-json\/wp\/v2\/media\/366"}],"wp:attachment":[{"href":"https:\/\/www.rr.senac.br\/portalsenac\/wp-json\/wp\/v2\/media?parent=365"}],"wp:term":[{"taxonomy":"category","embeddable":true,"href":"https:\/\/www.rr.senac.br\/portalsenac\/wp-json\/wp\/v2\/categories?post=365"},{"taxonomy":"post_tag","embeddable":true,"href":"https:\/\/www.rr.senac.br\/portalsenac\/wp-json\/wp\/v2\/tags?post=365"}],"curies":[{"name":"wp","href":"https:\/\/api.w.org\/{rel}","templated":true}]}}