{"id":368,"date":"2021-10-27T12:18:50","date_gmt":"2021-10-27T15:18:50","guid":{"rendered":"https:\/\/www.rr.senac.br\/portalsenac\/?p=368"},"modified":"2023-06-22T16:22:19","modified_gmt":"2023-06-22T19:22:19","slug":"novo-edital-psg-oferta-mais-de-830-vagas-em-cursos-gratuitos-no-senac-roraima","status":"publish","type":"post","link":"https:\/\/www.rr.senac.br\/portalsenac\/novo-edital-psg-oferta-mais-de-830-vagas-em-cursos-gratuitos-no-senac-roraima\/","title":{"rendered":"Novo edital PSG oferta mais de 830 vagas em cursos gratuitos no Senac Roraima"},"content":{"rendered":"\n<h5 class=\"wp-block-heading\"><em>Matr\u00edculas iniciam na pr\u00f3xima quarta-feira (15)<\/em><\/h5>\n\n\n\n<figure class=\"wp-block-image size-large\"><img data-recalc-dims=\"1\" fetchpriority=\"high\" decoding=\"async\" width=\"750\" height=\"500\" src=\"https:\/\/i0.wp.com\/www.rr.senac.br\/portalsenac\/wp-content\/uploads\/2021\/10\/fachada-asa-branca-final.jpg?resize=750%2C500&#038;ssl=1\" alt=\"\" class=\"wp-image-369\" srcset=\"https:\/\/i0.wp.com\/www.rr.senac.br\/portalsenac\/wp-content\/uploads\/2021\/10\/fachada-asa-branca-final-scaled.jpg?resize=1024%2C683&amp;ssl=1 1024w, https:\/\/i0.wp.com\/www.rr.senac.br\/portalsenac\/wp-content\/uploads\/2021\/10\/fachada-asa-branca-final-scaled.jpg?resize=300%2C200&amp;ssl=1 300w, https:\/\/i0.wp.com\/www.rr.senac.br\/portalsenac\/wp-content\/uploads\/2021\/10\/fachada-asa-branca-final-scaled.jpg?resize=768%2C512&amp;ssl=1 768w, https:\/\/i0.wp.com\/www.rr.senac.br\/portalsenac\/wp-content\/uploads\/2021\/10\/fachada-asa-branca-final-scaled.jpg?resize=1536%2C1024&amp;ssl=1 1536w, https:\/\/i0.wp.com\/www.rr.senac.br\/portalsenac\/wp-content\/uploads\/2021\/10\/fachada-asa-branca-final-scaled.jpg?resize=2048%2C1365&amp;ssl=1 2048w, https:\/\/i0.wp.com\/www.rr.senac.br\/portalsenac\/wp-content\/uploads\/2021\/10\/fachada-asa-branca-final-scaled.jpg?resize=1568%2C1045&amp;ssl=1 1568w, https:\/\/i0.wp.com\/www.rr.senac.br\/portalsenac\/wp-content\/uploads\/2021\/10\/fachada-asa-branca-final-scaled.jpg?w=2250&amp;ssl=1 2250w\" sizes=\"(max-width: 750px) 100vw, 750px\" \/><figcaption> <em>A unidade Bernardo Cabral est\u00e1 localizada no bairro Asa Branca<\/em><\/figcaption><\/figure>\n\n\n\n<p class=\"has-drop-cap\">O d\u00e9cimo edital do Programa Senac de Gratuidade (PSG) est\u00e1 dispon\u00edvel no site com 834 vagas em cursos das \u00e1reas de gest\u00e3o, com\u00e9rcio, asseio, conserva\u00e7\u00e3o e zeladoria. As matr\u00edculas acontecer\u00e3o de forma presencial, na unidade Bernardo Cabral, localizada no bairro Asa Branca, conforme calend\u00e1rio de cada curso.<\/p>\n\n\n\n<p>S\u00e3o quase 30 cursos dispon\u00edveis, como: &nbsp;assistente administrativo, t\u00e9cnico em administra\u00e7\u00e3o, salgadeiro, operador de caixa, entre outros. Todos ofertados em Boa Vista. As aulas ter\u00e3o in\u00edcio a partir de 06 de outubro de 2021, e os cursos t\u00eam vagas limitadas. Os t\u00edtulos ofertados neste edital possuem carga hor\u00e1ria variada, entre 60 e 1000 horas, em curso t\u00e9cnico, com certifica\u00e7\u00e3o de reconhecimento nacional pelo Senac.<\/p>\n\n\n\n<p>Para efetuar a matr\u00edcula, os candidatos devem preencher os pr\u00e9-requisitos espec\u00edficos de cada curso, conforme edital, e comparecer com a documenta\u00e7\u00e3o original e xerox na unidade do Senac, Ministro Bernardo Cabral, localizada na Rua Hor\u00e1cio Mardel de Magalh\u00e3es, n\u00b0 400, bairro Asa Branca, em hor\u00e1rio comercial.<\/p>\n\n\n\n<p>Em caso de d\u00favida os candidatos podem se dirigir \u00e0 central de atendimento na unidade de matr\u00edculas, ou atrav\u00e9s dos n\u00fameros: 3626-8434 e atrav\u00e9s do WhatsApp: 98420-9992.<\/p>\n\n\n\n<p class=\"has-black-color has-yellow-background-color has-text-color has-background\">Confira a lista de t\u00edtulos dispon\u00edveis:<\/p>\n\n\n\n<p>Assistente administrativo &#8211; 160h<\/p>\n\n\n\n<p>Assistente de contabilidade &#8211; 160h<\/p>\n\n\n\n<p>Recepcionista &#8211; 160h<\/p>\n\n\n\n<p>Assistente de recursos humanos &#8211; 160h<\/p>\n\n\n\n<p>Operador de caixa &#8211; 160h<\/p>\n\n\n\n<p>Vendedor &#8211; 160h<\/p>\n\n\n\n<p>Assistente de marketing e vendas &#8211; 160h<\/p>\n\n\n\n<p>T\u00e9cnico em administra\u00e7\u00e3o \u2013 1000h<\/p>\n\n\n\n<p>T\u00e9cnico em recursos humanos \u2013 800h<\/p>\n\n\n\n<p>T\u00e9cnico em marketing \u2013 800h<\/p>\n\n\n\n<p>Operador de computador \u2013 196h<\/p>\n\n\n\n<p>Salgadeiro &#8211; 160h<\/p>\n\n\n\n<p>Atendente de lanchonete -160h<\/p>\n\n\n\n<p>Promotor de vendas -160h<\/p>\n\n\n\n<p>Recepcionista -160h<\/p>\n\n\n\n<p>Assistente financeiro -160h<\/p>\n\n\n\n<p>Rotinas de departamento de pessoal e c\u00e1lculos trabalhistas \u2013 80h<\/p>\n\n\n\n<p>Rotinas administrativas para empresas \u2013 80h<\/p>\n\n\n\n<p>Pr\u00e1ticas de almoxarife \u2013 80h<\/p>\n\n\n\n<p>Supermercado e os processos de trabalho \u2013 80h<\/p>\n\n\n\n<p>Operador de caixa &#8211; 160h<\/p>\n\n\n\n<p>Cuidador de idoso &#8211; 160h<\/p>\n\n\n\n<p>Cuidador infantil &#8211; 160h<\/p>\n\n\n\n<p>Biosseguran\u00e7a em servi\u00e7os de sa\u00fade \u2013 60h<\/p>\n\n\n\n<p>Qualidade e seguran\u00e7a do paciente \u2013 60h<\/p>\n\n\n\n<p>Gerenciamento de riscos \u2013 60h<\/p>\n\n\n\n<p>Excel\u00eancia no atendimento ao cliente em farm\u00e1cias e drogarias \u2013 60h<\/p>\n\n\n\n<p>Recreador &#8211; 160h<\/p>\n\n\n\n<p>Giovanna Lima<\/p>\n\n\n\n<p>Comunica\u00e7\u00e3o Senac RR<\/p>\n","protected":false},"excerpt":{"rendered":"<p>Matr\u00edculas iniciam na pr\u00f3xima quarta-feira (15) O d\u00e9cimo edital do Programa Senac de Gratuidade (PSG) est\u00e1 dispon\u00edvel no site com 834 vagas em cursos das \u00e1reas de gest\u00e3o, com\u00e9rcio, asseio, conserva\u00e7\u00e3o e zeladoria. As matr\u00edculas acontecer\u00e3o de forma presencial, na unidade Bernardo Cabral, localizada no&hellip; <a class=\"more-link\" href=\"https:\/\/www.rr.senac.br\/portalsenac\/novo-edital-psg-oferta-mais-de-830-vagas-em-cursos-gratuitos-no-senac-roraima\/\">Continuar lendo <span class=\"screen-reader-text\">Novo edital PSG oferta mais de 830 vagas em cursos gratuitos no Senac Roraima<\/span><\/a><\/p>\n","protected":false},"author":2,"featured_media":369,"comment_status":"closed","ping_status":"open","sticky":false,"template":"","format":"standard","meta":{"_jetpack_memberships_contains_paid_content":false,"_joinchat":[],"footnotes":""},"categories":[12],"tags":[],"class_list":["post-368","post","type-post","status-publish","format-standard","has-post-thumbnail","hentry","category-ultimas-noticias","entry"],"jetpack_featured_media_url":"https:\/\/i0.wp.com\/www.rr.senac.br\/portalsenac\/wp-content\/uploads\/2021\/10\/fachada-asa-branca-final-scaled.jpg?fit=2560%2C1707&ssl=1","jetpack_sharing_enabled":true,"_links":{"self":[{"href":"https:\/\/www.rr.senac.br\/portalsenac\/wp-json\/wp\/v2\/posts\/368","targetHints":{"allow":["GET"]}}],"collection":[{"href":"https:\/\/www.rr.senac.br\/portalsenac\/wp-json\/wp\/v2\/posts"}],"about":[{"href":"https:\/\/www.rr.senac.br\/portalsenac\/wp-json\/wp\/v2\/types\/post"}],"author":[{"embeddable":true,"href":"https:\/\/www.rr.senac.br\/portalsenac\/wp-json\/wp\/v2\/users\/2"}],"replies":[{"embeddable":true,"href":"https:\/\/www.rr.senac.br\/portalsenac\/wp-json\/wp\/v2\/comments?post=368"}],"version-history":[{"count":0,"href":"https:\/\/www.rr.senac.br\/portalsenac\/wp-json\/wp\/v2\/posts\/368\/revisions"}],"wp:featuredmedia":[{"embeddable":true,"href":"https:\/\/www.rr.senac.br\/portalsenac\/wp-json\/wp\/v2\/media\/369"}],"wp:attachment":[{"href":"https:\/\/www.rr.senac.br\/portalsenac\/wp-json\/wp\/v2\/media?parent=368"}],"wp:term":[{"taxonomy":"category","embeddable":true,"href":"https:\/\/www.rr.senac.br\/portalsenac\/wp-json\/wp\/v2\/categories?post=368"},{"taxonomy":"post_tag","embeddable":true,"href":"https:\/\/www.rr.senac.br\/portalsenac\/wp-json\/wp\/v2\/tags?post=368"}],"curies":[{"name":"wp","href":"https:\/\/api.w.org\/{rel}","templated":true}]}}