{"id":379,"date":"2021-10-27T17:51:54","date_gmt":"2021-10-27T20:51:54","guid":{"rendered":"https:\/\/www.rr.senac.br\/portalsenac\/?p=379"},"modified":"2023-06-22T16:22:19","modified_gmt":"2023-06-22T19:22:19","slug":"turma-de-eventos-do-senac-roraima-promove-evento-geek-neste-sabado-23","status":"publish","type":"post","link":"https:\/\/www.rr.senac.br\/portalsenac\/turma-de-eventos-do-senac-roraima-promove-evento-geek-neste-sabado-23\/","title":{"rendered":"Turma de eventos do Senac Roraima promove evento geek neste s\u00e1bado (23)"},"content":{"rendered":"\n<h5 class=\"wp-block-heading\"><em>Festival ter\u00e1 competi\u00e7\u00f5es de dan\u00e7a e jogos<\/em><\/h5>\n\n\n\n<figure class=\"wp-block-image size-large\"><img data-recalc-dims=\"1\" fetchpriority=\"high\" decoding=\"async\" width=\"750\" height=\"500\" src=\"https:\/\/i0.wp.com\/www.rr.senac.br\/portalsenac\/wp-content\/uploads\/2021\/10\/MG_2308.jpg?resize=750%2C500&#038;ssl=1\" alt=\"\" class=\"wp-image-380\" srcset=\"https:\/\/i0.wp.com\/www.rr.senac.br\/portalsenac\/wp-content\/uploads\/2021\/10\/MG_2308-scaled.jpg?resize=1024%2C683&amp;ssl=1 1024w, https:\/\/i0.wp.com\/www.rr.senac.br\/portalsenac\/wp-content\/uploads\/2021\/10\/MG_2308-scaled.jpg?resize=300%2C200&amp;ssl=1 300w, https:\/\/i0.wp.com\/www.rr.senac.br\/portalsenac\/wp-content\/uploads\/2021\/10\/MG_2308-scaled.jpg?resize=768%2C512&amp;ssl=1 768w, https:\/\/i0.wp.com\/www.rr.senac.br\/portalsenac\/wp-content\/uploads\/2021\/10\/MG_2308-scaled.jpg?resize=1536%2C1024&amp;ssl=1 1536w, https:\/\/i0.wp.com\/www.rr.senac.br\/portalsenac\/wp-content\/uploads\/2021\/10\/MG_2308-scaled.jpg?resize=2048%2C1365&amp;ssl=1 2048w, https:\/\/i0.wp.com\/www.rr.senac.br\/portalsenac\/wp-content\/uploads\/2021\/10\/MG_2308-scaled.jpg?resize=1568%2C1045&amp;ssl=1 1568w, https:\/\/i0.wp.com\/www.rr.senac.br\/portalsenac\/wp-content\/uploads\/2021\/10\/MG_2308-scaled.jpg?w=2250&amp;ssl=1 2250w\" sizes=\"(max-width: 750px) 100vw, 750px\" \/><figcaption><em>Primeira edi\u00e7\u00e3o do evento<\/em><\/figcaption><\/figure>\n\n\n\n<p class=\"texto-justificado\">O momento para tirar a fantasia nerd e se divertir chegou! Neste s\u00e1bado (23) acontece o Festival Geek, realizado pela turma de T\u00e9cnico em Eventos do Senac Roraima, em parceria com o Sesc Roraima. A partir das 16h no P\u00e1tio Roraima Shopping, com entrada gratuita, e programa\u00e7\u00e3o repleta de competi\u00e7\u00f5es e apresenta\u00e7\u00f5es musicais.<\/p>\n\n\n\n<p class=\"texto-justificado\">A proposta \u00e9 apresentar o Projeto Integrador da turma, &nbsp;que est\u00e1 participando de todo o processo de cria\u00e7\u00e3o e organiza\u00e7\u00e3o do evento. A instrutora Carolina Albuquerque explicou que desta maneira os alunos podem aprender na pr\u00e1tica o que aprenderam durante o curso. \u201cEle tem dura\u00e7\u00e3o de cerca de um ano, onde os alunos estudaram a teoria, agora est\u00e1 na hora de colocar em pr\u00e1tica tudo que aprenderam durante este per\u00edodo\u201d, explicou.<\/p>\n\n\n\n<p class=\"texto-justificado\">A programa\u00e7\u00e3o do evento inicia \u00e0s 16h, de forma gratuita, com apresenta\u00e7\u00e3o de dan\u00e7a de Power Puff Girlz e Amanda. Al\u00e9m de desfiles de cosplay, competi\u00e7\u00f5es de Fifa e Just Dance, e muito mais! Para conferir todas as atra\u00e7\u00f5es basta acessar o perfil do instagram administrado pelos alunos do curso @nostalgeek<\/p>\n\n\n\n<p class=\"texto-justificado\">Para participar do concurso de cosplay \u00e9 necess\u00e1rio confirmar a inscri\u00e7\u00e3o de forma presencial, com 1kg de alimento n\u00e3o perec\u00edvel. O regulamento com crit\u00e9rios de avalia\u00e7\u00e3o est\u00e3o dispon\u00edveis no link: <a href=\"https:\/\/bit.ly\/3ptI8AU\" target=\"_blank\" rel=\"noreferrer noopener\">https:\/\/bit.ly\/3ptI8AU<\/a><\/p>\n\n\n\n<p>Giovanna Lima<\/p>\n\n\n\n<p>Comunica\u00e7\u00e3o Senac RR<\/p>\n","protected":false},"excerpt":{"rendered":"<p>Festival ter\u00e1 competi\u00e7\u00f5es de dan\u00e7a e jogos O momento para tirar a fantasia nerd e se divertir chegou! Neste s\u00e1bado (23) acontece o Festival Geek, realizado pela turma de T\u00e9cnico em Eventos do Senac Roraima, em parceria com o Sesc Roraima. A partir das 16h&hellip; <a class=\"more-link\" href=\"https:\/\/www.rr.senac.br\/portalsenac\/turma-de-eventos-do-senac-roraima-promove-evento-geek-neste-sabado-23\/\">Continuar lendo <span class=\"screen-reader-text\">Turma de eventos do Senac Roraima promove evento geek neste s\u00e1bado (23)<\/span><\/a><\/p>\n","protected":false},"author":2,"featured_media":380,"comment_status":"closed","ping_status":"open","sticky":false,"template":"","format":"standard","meta":{"_jetpack_memberships_contains_paid_content":false,"_joinchat":[],"footnotes":""},"categories":[12],"tags":[],"class_list":["post-379","post","type-post","status-publish","format-standard","has-post-thumbnail","hentry","category-ultimas-noticias","entry"],"jetpack_featured_media_url":"https:\/\/i0.wp.com\/www.rr.senac.br\/portalsenac\/wp-content\/uploads\/2021\/10\/MG_2308-scaled.jpg?fit=2560%2C1707&ssl=1","jetpack_sharing_enabled":true,"_links":{"self":[{"href":"https:\/\/www.rr.senac.br\/portalsenac\/wp-json\/wp\/v2\/posts\/379","targetHints":{"allow":["GET"]}}],"collection":[{"href":"https:\/\/www.rr.senac.br\/portalsenac\/wp-json\/wp\/v2\/posts"}],"about":[{"href":"https:\/\/www.rr.senac.br\/portalsenac\/wp-json\/wp\/v2\/types\/post"}],"author":[{"embeddable":true,"href":"https:\/\/www.rr.senac.br\/portalsenac\/wp-json\/wp\/v2\/users\/2"}],"replies":[{"embeddable":true,"href":"https:\/\/www.rr.senac.br\/portalsenac\/wp-json\/wp\/v2\/comments?post=379"}],"version-history":[{"count":0,"href":"https:\/\/www.rr.senac.br\/portalsenac\/wp-json\/wp\/v2\/posts\/379\/revisions"}],"wp:featuredmedia":[{"embeddable":true,"href":"https:\/\/www.rr.senac.br\/portalsenac\/wp-json\/wp\/v2\/media\/380"}],"wp:attachment":[{"href":"https:\/\/www.rr.senac.br\/portalsenac\/wp-json\/wp\/v2\/media?parent=379"}],"wp:term":[{"taxonomy":"category","embeddable":true,"href":"https:\/\/www.rr.senac.br\/portalsenac\/wp-json\/wp\/v2\/categories?post=379"},{"taxonomy":"post_tag","embeddable":true,"href":"https:\/\/www.rr.senac.br\/portalsenac\/wp-json\/wp\/v2\/tags?post=379"}],"curies":[{"name":"wp","href":"https:\/\/api.w.org\/{rel}","templated":true}]}}