{"id":382,"date":"2021-10-27T18:01:27","date_gmt":"2021-10-27T21:01:27","guid":{"rendered":"https:\/\/www.rr.senac.br\/portalsenac\/?p=382"},"modified":"2023-06-22T16:22:19","modified_gmt":"2023-06-22T19:22:19","slug":"senac-roraima-oferta-novo-edital-de-cursos-gratuitos-pelo-programa-senac-de-gratuidade-psg","status":"publish","type":"post","link":"https:\/\/www.rr.senac.br\/portalsenac\/senac-roraima-oferta-novo-edital-de-cursos-gratuitos-pelo-programa-senac-de-gratuidade-psg\/","title":{"rendered":"Senac Roraima oferta novo edital de cursos gratuitos pelo Programa Senac de Gratuidade (PSG)"},"content":{"rendered":"\n<h5 class=\"wp-block-heading\"><em>Matr\u00edculas iniciam nesta segunda-feira (25)<\/em><\/h5>\n\n\n\n<div class=\"wp-block-cover has-background-dim\" style=\"min-height:296px;aspect-ratio:unset;\"><img data-recalc-dims=\"1\" fetchpriority=\"high\" decoding=\"async\" width=\"750\" height=\"500\" class=\"wp-block-cover__image-background wp-image-384\" alt=\"\" src=\"https:\/\/i0.wp.com\/www.rr.senac.br\/portalsenac\/wp-content\/uploads\/2021\/10\/3O5A1242-1.jpg?resize=750%2C500&#038;ssl=1\" data-object-fit=\"cover\" srcset=\"https:\/\/i0.wp.com\/www.rr.senac.br\/portalsenac\/wp-content\/uploads\/2021\/10\/3O5A1242-1-scaled.jpg?resize=1024%2C683&amp;ssl=1 1024w, https:\/\/i0.wp.com\/www.rr.senac.br\/portalsenac\/wp-content\/uploads\/2021\/10\/3O5A1242-1-scaled.jpg?resize=300%2C200&amp;ssl=1 300w, https:\/\/i0.wp.com\/www.rr.senac.br\/portalsenac\/wp-content\/uploads\/2021\/10\/3O5A1242-1-scaled.jpg?resize=768%2C512&amp;ssl=1 768w, https:\/\/i0.wp.com\/www.rr.senac.br\/portalsenac\/wp-content\/uploads\/2021\/10\/3O5A1242-1-scaled.jpg?resize=1536%2C1024&amp;ssl=1 1536w, https:\/\/i0.wp.com\/www.rr.senac.br\/portalsenac\/wp-content\/uploads\/2021\/10\/3O5A1242-1-scaled.jpg?resize=2048%2C1365&amp;ssl=1 2048w, https:\/\/i0.wp.com\/www.rr.senac.br\/portalsenac\/wp-content\/uploads\/2021\/10\/3O5A1242-1-scaled.jpg?resize=1568%2C1045&amp;ssl=1 1568w, https:\/\/i0.wp.com\/www.rr.senac.br\/portalsenac\/wp-content\/uploads\/2021\/10\/3O5A1242-1-scaled.jpg?w=2250&amp;ssl=1 2250w\" sizes=\"(max-width: 750px) 100vw, 750px\" \/><div class=\"wp-block-cover__inner-container is-layout-flow wp-block-cover-is-layout-flow\">\n<p class=\"has-large-font-size\"><\/p>\n<\/div><\/div>\n\n\n\n<p class=\"has-drop-cap\">Novas vagas em cursos totalmente gratuitos do Programa Senac de Gratuidade (PSG) est\u00e3o dispon\u00edveis no site com cerca de 100 vagas em cursos das \u00e1reas de gastronomia e sa\u00fade. As matr\u00edculas acontecer\u00e3o de forma presencial, na unidade Bernardo Cabral, localizada no bairro Asa Branca, conforme calend\u00e1rio de cada curso.<\/p>\n\n\n\n<p>Todas as turmas s\u00e3o ofertadas em Boa Vista, com previs\u00e3o de in\u00edcio para novembro, de forma presencial nas unidades do Senac, com vagas limitadas a 20 alunos por curso.<\/p>\n\n\n\n<p>Para efetuar a matr\u00edcula, os candidatos devem preencher os pr\u00e9-requisitos espec\u00edficos de cada curso, conforme edital, e comparecer com a documenta\u00e7\u00e3o original e xerox na unidade do Senac, Ministro Bernardo Cabral, localizada na Rua Hor\u00e1cio Mardel de Magalh\u00e3es, n\u00b0 400, bairro Asa Branca, em hor\u00e1rio comercial.<\/p>\n\n\n\n<p>Em caso de d\u00favida os candidatos podem se dirigir \u00e0 central de atendimento na unidade de matr\u00edculas, ou atrav\u00e9s dos n\u00fameros: 3626-8434 e atrav\u00e9s do WhatsApp: 98420-9992.<\/p>\n\n\n\n<p>Confira a lista de t\u00edtulos dispon\u00edveis:<\/p>\n\n\n\n<p>Atendimento pr\u00e9-hospitalar \u2013 matr\u00edculas: 25\/10\/2021<\/p>\n\n\n\n<p>Elabora\u00e7\u00e3o de drinques e coquet\u00e9is \u2013 matr\u00edculas: 25\/11\/2021<\/p>\n\n\n\n<p>Controle de estoque de farm\u00e1cia hospitalar \u2013 matr\u00edculas: 16\/11\/2021<\/p>\n\n\n\n<p>Primeiros socorros \u2013 matr\u00edculas: 16\/11\/2021<\/p>\n\n\n\n<p>Comida natalina \u2013 matr\u00edculas: 22\/11\/2021<\/p>\n\n\n\n<p>Giovanna Lima<\/p>\n\n\n\n<p>Comunica\u00e7\u00e3o Senac RR<\/p>\n","protected":false},"excerpt":{"rendered":"<p>Matr\u00edculas iniciam nesta segunda-feira (25) Novas vagas em cursos totalmente gratuitos do Programa Senac de Gratuidade (PSG) est\u00e3o dispon\u00edveis no site com cerca de 100 vagas em cursos das \u00e1reas de gastronomia e sa\u00fade. As matr\u00edculas acontecer\u00e3o de forma presencial, na unidade Bernardo Cabral, localizada&hellip; <a class=\"more-link\" href=\"https:\/\/www.rr.senac.br\/portalsenac\/senac-roraima-oferta-novo-edital-de-cursos-gratuitos-pelo-programa-senac-de-gratuidade-psg\/\">Continuar lendo <span class=\"screen-reader-text\">Senac Roraima oferta novo edital de cursos gratuitos pelo Programa Senac de Gratuidade (PSG)<\/span><\/a><\/p>\n","protected":false},"author":2,"featured_media":384,"comment_status":"closed","ping_status":"open","sticky":false,"template":"","format":"standard","meta":{"_jetpack_memberships_contains_paid_content":false,"_joinchat":[],"footnotes":""},"categories":[12],"tags":[],"class_list":["post-382","post","type-post","status-publish","format-standard","has-post-thumbnail","hentry","category-ultimas-noticias","entry"],"jetpack_featured_media_url":"https:\/\/i0.wp.com\/www.rr.senac.br\/portalsenac\/wp-content\/uploads\/2021\/10\/3O5A1242-1-scaled.jpg?fit=2560%2C1707&ssl=1","jetpack_sharing_enabled":true,"_links":{"self":[{"href":"https:\/\/www.rr.senac.br\/portalsenac\/wp-json\/wp\/v2\/posts\/382","targetHints":{"allow":["GET"]}}],"collection":[{"href":"https:\/\/www.rr.senac.br\/portalsenac\/wp-json\/wp\/v2\/posts"}],"about":[{"href":"https:\/\/www.rr.senac.br\/portalsenac\/wp-json\/wp\/v2\/types\/post"}],"author":[{"embeddable":true,"href":"https:\/\/www.rr.senac.br\/portalsenac\/wp-json\/wp\/v2\/users\/2"}],"replies":[{"embeddable":true,"href":"https:\/\/www.rr.senac.br\/portalsenac\/wp-json\/wp\/v2\/comments?post=382"}],"version-history":[{"count":0,"href":"https:\/\/www.rr.senac.br\/portalsenac\/wp-json\/wp\/v2\/posts\/382\/revisions"}],"wp:featuredmedia":[{"embeddable":true,"href":"https:\/\/www.rr.senac.br\/portalsenac\/wp-json\/wp\/v2\/media\/384"}],"wp:attachment":[{"href":"https:\/\/www.rr.senac.br\/portalsenac\/wp-json\/wp\/v2\/media?parent=382"}],"wp:term":[{"taxonomy":"category","embeddable":true,"href":"https:\/\/www.rr.senac.br\/portalsenac\/wp-json\/wp\/v2\/categories?post=382"},{"taxonomy":"post_tag","embeddable":true,"href":"https:\/\/www.rr.senac.br\/portalsenac\/wp-json\/wp\/v2\/tags?post=382"}],"curies":[{"name":"wp","href":"https:\/\/api.w.org\/{rel}","templated":true}]}}