{"id":4371,"date":"2022-11-21T08:30:00","date_gmt":"2022-11-21T11:30:00","guid":{"rendered":"https:\/\/www.rr.senac.br\/portalsenac\/?p=4371"},"modified":"2023-06-22T16:21:06","modified_gmt":"2023-06-22T19:21:06","slug":"confira-programacao-do-campeonato-de-cabeleireiro","status":"publish","type":"post","link":"https:\/\/www.rr.senac.br\/portalsenac\/confira-programacao-do-campeonato-de-cabeleireiro\/","title":{"rendered":"Confira programa\u00e7\u00e3o do Campeonato de Cabeleireiro"},"content":{"rendered":"\n<h5 class=\"wp-block-heading\"><em>Evento ser\u00e1 aberto ao p\u00fablico com ingresso de alimento n\u00e3o perec\u00edvel<\/em><\/h5>\n\n\n\n<div style=\"height:20px\" aria-hidden=\"true\" class=\"wp-block-spacer\"><\/div>\n\n\n\n<figure class=\"wp-block-image size-large\"><img data-recalc-dims=\"1\" fetchpriority=\"high\" decoding=\"async\" width=\"750\" height=\"500\" src=\"https:\/\/i0.wp.com\/www.rr.senac.br\/portalsenac\/wp-content\/uploads\/2022\/11\/Cabeleireiro-2.jpg?resize=750%2C500&#038;ssl=1\" alt=\"\" class=\"wp-image-4372\" srcset=\"https:\/\/i0.wp.com\/www.rr.senac.br\/portalsenac\/wp-content\/uploads\/2022\/11\/Cabeleireiro-2.jpg?resize=1024%2C682&amp;ssl=1 1024w, https:\/\/i0.wp.com\/www.rr.senac.br\/portalsenac\/wp-content\/uploads\/2022\/11\/Cabeleireiro-2.jpg?resize=300%2C200&amp;ssl=1 300w, https:\/\/i0.wp.com\/www.rr.senac.br\/portalsenac\/wp-content\/uploads\/2022\/11\/Cabeleireiro-2.jpg?resize=768%2C511&amp;ssl=1 768w, https:\/\/i0.wp.com\/www.rr.senac.br\/portalsenac\/wp-content\/uploads\/2022\/11\/Cabeleireiro-2.jpg?w=1500&amp;ssl=1 1500w\" sizes=\"(max-width: 750px) 100vw, 750px\" \/><figcaption class=\"wp-element-caption\"><em>Foto: Senac Roraima<\/em><\/figcaption><\/figure>\n\n\n\n<p>O Servi\u00e7o Nacional de Aprendizagem Comercial (Senac-RR) apresenta o Campeonato de Cabeleireiro 2022 nos dias 06 e 07 de dezembro, com competi\u00e7\u00e3o destinada aos profissionais da \u00e1rea. As inscri\u00e7\u00f5es est\u00e3o abertas, e podem ser efetuadas no site da institui\u00e7\u00e3o de forma gratuita. Premia\u00e7\u00f5es chegam a R$ 1.500,00.<\/p>\n\n\n\n<div style=\"height:20px\" aria-hidden=\"true\" class=\"wp-block-spacer\"><\/div>\n\n\n\n<p>Al\u00e9m da empolgante competi\u00e7\u00e3o ao vivo com provas pr\u00e1ticas, o p\u00fablico em geral poder\u00e1 participar de palestras e workshops, com certifica\u00e7\u00e3o. O passaporte para participar das atividades ser\u00e1 01kg de alimento n\u00e3o perec\u00edvel, esses que ser\u00e3o doados ao Sesc Mesa Brasil.<\/p>\n\n\n\n<div style=\"height:20px\" aria-hidden=\"true\" class=\"wp-block-spacer\"><\/div>\n\n\n\n<p>No primeiro dia de evento, a partir das 18h, os participantes conferem um workshop com tema: \u2018Hidrata\u00e7\u00e3o e tratamentos de cabelos\u2019, com \u00c2ngela Level, instrutora do Senac, e logo em seguida, a prova eliminat\u00f3ria para os cabeleireiros competidores.<\/p>\n\n\n\n<div style=\"height:20px\" aria-hidden=\"true\" class=\"wp-block-spacer\"><\/div>\n\n\n\n<p>J\u00e1 no segundo dia, o p\u00fablico participar\u00e1 de palestras: \u201cHair Beauty: tend\u00eancias de Cabelo para o ver\u00e3o 2023\u201d, com \u00c2ngela Level; e um bate papo sobre \u201cEmpreendedorismo no mercado de beleza: principais dicas de como abrir um sal\u00e3o de beleza\u201d, com as instrutoras Eruska Mesquita e Jana\u00edna Andrade.<\/p>\n\n\n\n<div style=\"height:20px\" aria-hidden=\"true\" class=\"wp-block-spacer\"><\/div>\n\n\n\n<p>Os interessados podem comparecer com anteced\u00eancia no local no dia do evento e garantir a participa\u00e7\u00e3o. Mais informa\u00e7\u00f5es podem ser consultadas diretamente com a Central de Atendimento do Senac Roraima: 3626-8434 ou 98420-9992 (WhatsApp).<\/p>\n\n\n\n<div style=\"height:20px\" aria-hidden=\"true\" class=\"wp-block-spacer\"><\/div>\n\n\n\n<p>Programa\u00e7\u00e3o:<\/p>\n\n\n\n<div style=\"height:20px\" aria-hidden=\"true\" class=\"wp-block-spacer\"><\/div>\n\n\n\n<p><strong>06\/12\/2022<\/strong><\/p>\n\n\n\n<div style=\"height:20px\" aria-hidden=\"true\" class=\"wp-block-spacer\"><\/div>\n\n\n\n<p>18h Abertura do Evento \u2013 Apresenta\u00e7\u00e3o Giovanna Lima e Marina Beranger;<\/p>\n\n\n\n<div style=\"height:20px\" aria-hidden=\"true\" class=\"wp-block-spacer\"><\/div>\n\n\n\n<p>18:30h: Workshop: Hidrata\u00e7\u00e3o e tratamentos de cabelos &#8211; com \u00c2ngela Level, instrutora do Senac Roraima;<\/p>\n\n\n\n<div style=\"height:20px\" aria-hidden=\"true\" class=\"wp-block-spacer\"><\/div>\n\n\n\n<p>20h: Prova Eliminat\u00f3ria Cabeleireiro<\/p>\n\n\n\n<div style=\"height:20px\" aria-hidden=\"true\" class=\"wp-block-spacer\"><\/div>\n\n\n\n<p><strong>07\/12\/2022<\/strong><\/p>\n\n\n\n<div style=\"height:20px\" aria-hidden=\"true\" class=\"wp-block-spacer\"><\/div>\n\n\n\n<p>18:00h: Palestra: Hair Beauty: tend\u00eancias de Cabelo para o ver\u00e3o 2023, com \u00c2ngela Level, instrutora do Senac Roraima;<\/p>\n\n\n\n<div style=\"height:20px\" aria-hidden=\"true\" class=\"wp-block-spacer\"><\/div>\n\n\n\n<p>18:50- Bate papo sobre Empreendedorismo no mercado de Beleza &#8211; Principais Dicas de Como Abrir um Sal\u00e3o de Beleza, com Eruska Mesquita e Jana\u00edna Andrade&nbsp;<\/p>\n\n\n\n<div style=\"height:20px\" aria-hidden=\"true\" class=\"wp-block-spacer\"><\/div>\n\n\n\n<p>20h: Prova Final de Cabeleireiro<\/p>\n\n\n\n<div style=\"height:20px\" aria-hidden=\"true\" class=\"wp-block-spacer\"><\/div>\n\n\n\n<p>Giovanna Lima \u2013 analista t\u00e9cnica<\/p>\n\n\n\n<p>Comunica\u00e7\u00e3o Senac Roraima<\/p>\n","protected":false},"excerpt":{"rendered":"<p>Evento ser\u00e1 aberto ao p\u00fablico com ingresso de alimento n\u00e3o perec\u00edvel O Servi\u00e7o Nacional de Aprendizagem Comercial (Senac-RR) apresenta o Campeonato de Cabeleireiro 2022 nos dias 06 e 07 de dezembro, com competi\u00e7\u00e3o destinada aos profissionais da \u00e1rea. As inscri\u00e7\u00f5es est\u00e3o abertas, e podem ser&hellip; <a class=\"more-link\" href=\"https:\/\/www.rr.senac.br\/portalsenac\/confira-programacao-do-campeonato-de-cabeleireiro\/\">Continuar lendo <span class=\"screen-reader-text\">Confira programa\u00e7\u00e3o do Campeonato de Cabeleireiro<\/span><\/a><\/p>\n","protected":false},"author":2,"featured_media":4372,"comment_status":"closed","ping_status":"open","sticky":false,"template":"","format":"standard","meta":{"_jetpack_memberships_contains_paid_content":false,"_joinchat":[],"footnotes":""},"categories":[12],"tags":[],"class_list":["post-4371","post","type-post","status-publish","format-standard","has-post-thumbnail","hentry","category-ultimas-noticias","entry"],"jetpack_featured_media_url":"https:\/\/i0.wp.com\/www.rr.senac.br\/portalsenac\/wp-content\/uploads\/2022\/11\/Cabeleireiro-2.jpg?fit=1500%2C999&ssl=1","jetpack_sharing_enabled":true,"_links":{"self":[{"href":"https:\/\/www.rr.senac.br\/portalsenac\/wp-json\/wp\/v2\/posts\/4371","targetHints":{"allow":["GET"]}}],"collection":[{"href":"https:\/\/www.rr.senac.br\/portalsenac\/wp-json\/wp\/v2\/posts"}],"about":[{"href":"https:\/\/www.rr.senac.br\/portalsenac\/wp-json\/wp\/v2\/types\/post"}],"author":[{"embeddable":true,"href":"https:\/\/www.rr.senac.br\/portalsenac\/wp-json\/wp\/v2\/users\/2"}],"replies":[{"embeddable":true,"href":"https:\/\/www.rr.senac.br\/portalsenac\/wp-json\/wp\/v2\/comments?post=4371"}],"version-history":[{"count":0,"href":"https:\/\/www.rr.senac.br\/portalsenac\/wp-json\/wp\/v2\/posts\/4371\/revisions"}],"wp:featuredmedia":[{"embeddable":true,"href":"https:\/\/www.rr.senac.br\/portalsenac\/wp-json\/wp\/v2\/media\/4372"}],"wp:attachment":[{"href":"https:\/\/www.rr.senac.br\/portalsenac\/wp-json\/wp\/v2\/media?parent=4371"}],"wp:term":[{"taxonomy":"category","embeddable":true,"href":"https:\/\/www.rr.senac.br\/portalsenac\/wp-json\/wp\/v2\/categories?post=4371"},{"taxonomy":"post_tag","embeddable":true,"href":"https:\/\/www.rr.senac.br\/portalsenac\/wp-json\/wp\/v2\/tags?post=4371"}],"curies":[{"name":"wp","href":"https:\/\/api.w.org\/{rel}","templated":true}]}}