{"id":4592,"date":"2023-02-13T15:33:42","date_gmt":"2023-02-13T18:33:42","guid":{"rendered":"https:\/\/www.rr.senac.br\/portalsenac\/?p=4592"},"modified":"2025-04-07T12:43:41","modified_gmt":"2025-04-07T16:43:41","slug":"ii-casamento-coletivo-senac","status":"publish","type":"post","link":"https:\/\/www.rr.senac.br\/portalsenac\/ii-casamento-coletivo-senac\/","title":{"rendered":"II Casamento Coletivo Senac"},"content":{"rendered":"\n<div style=\"height:100px\" aria-hidden=\"true\" class=\"wp-block-spacer\"><\/div>\n\n\n\n<div class=\"wp-block-media-text alignwide has-media-on-the-right is-stacked-on-mobile\" style=\"grid-template-columns:auto 38%\"><div class=\"wp-block-media-text__content\">\n<p class=\"texto-justificado\">O Servi\u00e7o Nacional de Aprendizagem Comercial (Senac\/RR) promove a segunda edi\u00e7\u00e3o do Casamento Coletivo. A popula\u00e7\u00e3o roraimense pode conferir todas as novidades no site e nas redes sociais da institui\u00e7\u00e3o. Os noivos ser\u00e3o selecionados por meio de um concurso cultural no instagram do Senac Roraima.<\/p>\n\n\n\n<p class=\"texto-justificado\"><\/p>\n<\/div><figure class=\"wp-block-media-text__media\"><img data-recalc-dims=\"1\" fetchpriority=\"high\" decoding=\"async\" width=\"400\" height=\"400\" src=\"https:\/\/i0.wp.com\/www.rr.senac.br\/portalsenac\/wp-content\/uploads\/2023\/02\/Nova-cor-Casamento-Coletivo.png?resize=400%2C400&#038;ssl=1\" alt=\"\" class=\"wp-image-4594 size-full\" srcset=\"https:\/\/i0.wp.com\/www.rr.senac.br\/portalsenac\/wp-content\/uploads\/2023\/02\/Nova-cor-Casamento-Coletivo.png?w=400&amp;ssl=1 400w, https:\/\/i0.wp.com\/www.rr.senac.br\/portalsenac\/wp-content\/uploads\/2023\/02\/Nova-cor-Casamento-Coletivo.png?resize=300%2C300&amp;ssl=1 300w, https:\/\/i0.wp.com\/www.rr.senac.br\/portalsenac\/wp-content\/uploads\/2023\/02\/Nova-cor-Casamento-Coletivo.png?resize=150%2C150&amp;ssl=1 150w\" sizes=\"(max-width: 400px) 100vw, 400px\" \/><\/figure><\/div>\n\n\n<div class=\"alignfull wp-block-ilb-icon-list\" id='ilbIconList-1' data-attributes='{&quot;align&quot;:&quot;full&quot;,&quot;cId&quot;:&quot;8d76f754-d&quot;,&quot;isTitle&quot;:false,&quot;title&quot;:&quot;&quot;,&quot;desc&quot;:&quot;Links e documenta\\u00e7\\u00f5es&quot;,&quot;lists&quot;:[{&quot;icon&quot;:{&quot;class&quot;:&quot;far fa-file-pdf&quot;,&quot;styles&quot;:&quot;color: inherit;&quot;,&quot;name&quot;:&quot;file-pdf&quot;,&quot;fontSize&quot;:16,&quot;colorType&quot;:&quot;solid&quot;,&quot;color&quot;:&quot;inherit&quot;,&quot;gradient&quot;:&quot;linear-gradient(135deg, #4527a4, #8344c5)&quot;},&quot;text&quot;:&quot;Edital do casamento coletivo&quot;,&quot;link&quot;:&quot;https:\\\/\\\/www.rr.senac.br\\\/portalsenac\\\/wp-content\\\/uploads\\\/2023\\\/02\\\/Edital-Casamento-Coletivo-2023.pdf&quot;},{&quot;icon&quot;:{&quot;class&quot;:&quot;fas fa-user&quot;,&quot;styles&quot;:&quot;color: inherit;&quot;,&quot;name&quot;:&quot;user&quot;,&quot;fontSize&quot;:16,&quot;colorType&quot;:&quot;solid&quot;,&quot;color&quot;:&quot;inherit&quot;,&quot;gradient&quot;:&quot;linear-gradient(135deg, #4527a4, #8344c5)&quot;},&quot;text&quot;:&quot;Formul\\u00e1rio de inscri\\u00e7\\u00e3o&quot;,&quot;link&quot;:&quot;https:\\\/\\\/forms.gle\\\/Ri4NHVHwuMuCX5yE8&quot;}],&quot;isListLinkInNewTab&quot;:true,&quot;width&quot;:&quot;610px&quot;,&quot;background&quot;:{&quot;color&quot;:&quot;#0000&quot;,&quot;type&quot;:&quot;solid&quot;,&quot;gradient&quot;:&quot;linear-gradient(135deg, #4527a4, #8344c5)&quot;,&quot;image&quot;:[],&quot;position&quot;:&quot;center center&quot;,&quot;attachment&quot;:&quot;initial&quot;,&quot;repeat&quot;:&quot;no-repeat&quot;,&quot;size&quot;:&quot;cover&quot;,&quot;overlayColor&quot;:&quot;#000000b3&quot;,&quot;styles&quot;:&quot;background: #0000;&quot;},&quot;padding&quot;:{&quot;vertical&quot;:&quot;30px&quot;,&quot;horizontal&quot;:&quot;25px&quot;,&quot;side&quot;:2,&quot;top&quot;:&quot;30px&quot;,&quot;right&quot;:&quot;25px&quot;,&quot;bottom&quot;:&quot;30px&quot;,&quot;left&quot;:&quot;25px&quot;,&quot;styles&quot;:&quot;30px 25px&quot;},&quot;border&quot;:{&quot;width&quot;:&quot;0px&quot;,&quot;style&quot;:&quot;solid&quot;,&quot;color&quot;:&quot;#0000&quot;,&quot;side&quot;:&quot;all&quot;,&quot;radius&quot;:&quot;0px&quot;,&quot;styles&quot;:&quot;border-radius: 0px;&quot;},&quot;shadow&quot;:{&quot;blur&quot;:&quot;0px&quot;,&quot;color&quot;:&quot;rgba(29, 82, 161, 0.48)&quot;,&quot;type&quot;:&quot;box&quot;,&quot;hOffset&quot;:&quot;0px&quot;,&quot;vOffset&quot;:&quot;0px&quot;,&quot;spreed&quot;:&quot;0px&quot;,&quot;isInset&quot;:false,&quot;styles&quot;:&quot;0px 0px 0px 0px rgba(29, 82, 161, 0.48)&quot;},&quot;headerMargin&quot;:{&quot;bottom&quot;:&quot;30px&quot;,&quot;side&quot;:2,&quot;vertical&quot;:&quot;15px&quot;,&quot;horizontal&quot;:&quot;0px&quot;,&quot;top&quot;:&quot;0px&quot;,&quot;right&quot;:&quot;0px&quot;,&quot;left&quot;:&quot;0px&quot;,&quot;styles&quot;:&quot;15px 0px&quot;},&quot;titleTypo&quot;:{&quot;fontSize&quot;:30,&quot;fontWeight&quot;:700,&quot;textTransform&quot;:&quot;uppercase&quot;,&quot;styles&quot;:&quot;font-weight: 700; font-size: 30px; text-transform: uppercase; line-height: 135%;&quot;,&quot;googleFontLink&quot;:&quot;&quot;},&quot;titleColor&quot;:&quot;rgba(29, 82, 161, 1)&quot;,&quot;descTypo&quot;:{&quot;fontSize&quot;:18,&quot;fontWeight&quot;:500,&quot;styles&quot;:&quot;font-weight: 500; font-size: 18px; line-height: 135%;&quot;,&quot;googleFontLink&quot;:&quot;&quot;},&quot;headerSep&quot;:{&quot;width&quot;:&quot;20%&quot;,&quot;height&quot;:&quot;2px&quot;,&quot;style&quot;:&quot;solid&quot;,&quot;color&quot;:&quot;#828282&quot;,&quot;styles&quot;:&quot;width: 20%; border-top: 2px solid #828282;&quot;},&quot;listIconColors&quot;:{&quot;color&quot;:&quot;#fff&quot;,&quot;bg&quot;:&quot;rgba(29, 82, 161, 1)&quot;,&quot;bgType&quot;:&quot;solid&quot;,&quot;gradient&quot;:&quot;linear-gradient(135deg, #4527a4, #8344c5)&quot;,&quot;styles&quot;:&quot;color: #fff; background: rgba(29, 82, 161, 1);&quot;},&quot;listTextTypo&quot;:{&quot;fontSize&quot;:15,&quot;styles&quot;:&quot;font-weight: 500; font-size: 15px; line-height: 135%;&quot;,&quot;googleFontLink&quot;:&quot;&quot;},&quot;isDesc&quot;:true,&quot;alignment&quot;:&quot;center&quot;,&quot;position&quot;:&quot;left&quot;,&quot;descColor&quot;:&quot;#828282&quot;,&quot;descriptionTypo&quot;:{&quot;fontSize&quot;:{&quot;desktop&quot;:15,&quot;tablet&quot;:15,&quot;mobile&quot;:15}},&quot;descriptionColor&quot;:&quot;#828282&quot;,&quot;isHeaderSep&quot;:true,&quot;themeOptions&quot;:{&quot;rightIconColor&quot;:&quot;#4527A4&quot;,&quot;isBadge&quot;:true,&quot;isUrlIcon&quot;:false,&quot;isButton&quot;:true,&quot;isMaxWidth&quot;:true},&quot;iconUploadButton&quot;:{&quot;setIconUpload&quot;:&quot;select&quot;},&quot;columns&quot;:{&quot;desktop&quot;:2,&quot;tablet&quot;:2,&quot;mobile&quot;:1},&quot;columnGap&quot;:15,&quot;rowGap&quot;:15,&quot;listIconSize&quot;:22,&quot;uploadListIconSize&quot;:36,&quot;theme6Styles&quot;:{&quot;color&quot;:&quot;#fff&quot;,&quot;bg&quot;:&quot;#059669&quot;},&quot;singleIconColor&quot;:{&quot;color&quot;:&quot;#059669&quot;,&quot;animateColor&quot;:&quot;linear-gradient(135deg, #3b82f6, #8b5cf6)&quot;},&quot;listTextColor&quot;:&quot;#828282&quot;,&quot;themes&quot;:{&quot;theme&quot;:&quot;default&quot;},&quot;featureTitle&quot;:&quot;Our Features&quot;,&quot;featureTypo&quot;:{&quot;fontSize&quot;:{&quot;desktop&quot;:30,&quot;tablet&quot;:26,&quot;mobile&quot;:22}},&quot;badgeStyles&quot;:{&quot;color&quot;:&quot;#fff&quot;,&quot;bg&quot;:&quot;#4527A4&quot;},&quot;badgeTextTypo&quot;:{&quot;fontSize&quot;:{&quot;desktop&quot;:14,&quot;tablet&quot;:12,&quot;mobile&quot;:10}},&quot;listItemsBgColor&quot;:{&quot;color&quot;:&quot;#0000&quot;},&quot;theme5Styles&quot;:{&quot;iconPulsColor&quot;:&quot;linear-gradient(135deg, #3b82f6, #8b5cf6)&quot;,&quot;iconBgBlur&quot;:&quot;linear-gradient(135deg, #3b82f6, #8b5cf6)&quot;},&quot;jetPopupInstance&quot;:&quot;none&quot;,&quot;jetPopupTriggerType&quot;:&quot;none&quot;,&quot;jetPopupCustomSelector&quot;:&quot;&quot;}' data-ispremium=\"0\">\r\n<\/div>\n\n\n<div style=\"height:100px\" aria-hidden=\"true\" class=\"wp-block-spacer\"><\/div>\n","protected":false},"excerpt":{"rendered":"<p>O Servi\u00e7o Nacional de Aprendizagem Comercial (Senac\/RR) promove a segunda edi\u00e7\u00e3o do Casamento Coletivo. A popula\u00e7\u00e3o roraimense pode conferir todas as novidades no site e nas redes sociais da institui\u00e7\u00e3o. Os noivos ser\u00e3o selecionados por meio de um concurso cultural no instagram do Senac Roraima.<\/p>\n","protected":false},"author":4,"featured_media":4599,"comment_status":"closed","ping_status":"open","sticky":false,"template":"","format":"standard","meta":{"_jetpack_memberships_contains_paid_content":false,"_joinchat":{"telephone":"+5595984209992"},"footnotes":""},"categories":[45,28],"tags":[],"class_list":["post-4592","post","type-post","status-publish","format-standard","has-post-thumbnail","hentry","category-casamento-coletivo","category-promocionais","entry"],"jetpack_featured_media_url":"https:\/\/i0.wp.com\/www.rr.senac.br\/portalsenac\/wp-content\/uploads\/2023\/02\/Nova-cor-Casamento-Coletivo-1.png?fit=400%2C400&ssl=1","jetpack_sharing_enabled":true,"_links":{"self":[{"href":"https:\/\/www.rr.senac.br\/portalsenac\/wp-json\/wp\/v2\/posts\/4592","targetHints":{"allow":["GET"]}}],"collection":[{"href":"https:\/\/www.rr.senac.br\/portalsenac\/wp-json\/wp\/v2\/posts"}],"about":[{"href":"https:\/\/www.rr.senac.br\/portalsenac\/wp-json\/wp\/v2\/types\/post"}],"author":[{"embeddable":true,"href":"https:\/\/www.rr.senac.br\/portalsenac\/wp-json\/wp\/v2\/users\/4"}],"replies":[{"embeddable":true,"href":"https:\/\/www.rr.senac.br\/portalsenac\/wp-json\/wp\/v2\/comments?post=4592"}],"version-history":[{"count":2,"href":"https:\/\/www.rr.senac.br\/portalsenac\/wp-json\/wp\/v2\/posts\/4592\/revisions"}],"predecessor-version":[{"id":8374,"href":"https:\/\/www.rr.senac.br\/portalsenac\/wp-json\/wp\/v2\/posts\/4592\/revisions\/8374"}],"wp:featuredmedia":[{"embeddable":true,"href":"https:\/\/www.rr.senac.br\/portalsenac\/wp-json\/wp\/v2\/media\/4599"}],"wp:attachment":[{"href":"https:\/\/www.rr.senac.br\/portalsenac\/wp-json\/wp\/v2\/media?parent=4592"}],"wp:term":[{"taxonomy":"category","embeddable":true,"href":"https:\/\/www.rr.senac.br\/portalsenac\/wp-json\/wp\/v2\/categories?post=4592"},{"taxonomy":"post_tag","embeddable":true,"href":"https:\/\/www.rr.senac.br\/portalsenac\/wp-json\/wp\/v2\/tags?post=4592"}],"curies":[{"name":"wp","href":"https:\/\/api.w.org\/{rel}","templated":true}]}}