{"id":4603,"date":"2023-02-13T11:28:15","date_gmt":"2023-02-13T14:28:15","guid":{"rendered":"https:\/\/www.rr.senac.br\/portalsenac\/?p=4603"},"modified":"2023-06-22T16:21:06","modified_gmt":"2023-06-22T19:21:06","slug":"senac-e-sesc-roraima-lancam-exposicao-sabores-de-roraima","status":"publish","type":"post","link":"https:\/\/www.rr.senac.br\/portalsenac\/senac-e-sesc-roraima-lancam-exposicao-sabores-de-roraima\/","title":{"rendered":"Senac e Sesc Roraima lan\u00e7am exposi\u00e7\u00e3o \u2018Sabores de Roraima\u2019"},"content":{"rendered":"\n<h5 class=\"wp-block-heading\"><em>Mostra \u00e9 gratuita e aberta ao p\u00fablico\u00a0<\/em><\/h5>\n\n\n\n<div style=\"height:20px\" aria-hidden=\"true\" class=\"wp-block-spacer\"><\/div>\n\n\n\n<figure class=\"wp-block-image size-large\"><img data-recalc-dims=\"1\" fetchpriority=\"high\" decoding=\"async\" width=\"750\" height=\"500\" src=\"https:\/\/i0.wp.com\/www.rr.senac.br\/portalsenac\/wp-content\/uploads\/2023\/02\/MG_5304.jpg?resize=750%2C500&#038;ssl=1\" alt=\"\" class=\"wp-image-4604\" srcset=\"https:\/\/i0.wp.com\/www.rr.senac.br\/portalsenac\/wp-content\/uploads\/2023\/02\/MG_5304-scaled.jpg?resize=1024%2C683&amp;ssl=1 1024w, https:\/\/i0.wp.com\/www.rr.senac.br\/portalsenac\/wp-content\/uploads\/2023\/02\/MG_5304-scaled.jpg?resize=300%2C200&amp;ssl=1 300w, https:\/\/i0.wp.com\/www.rr.senac.br\/portalsenac\/wp-content\/uploads\/2023\/02\/MG_5304-scaled.jpg?resize=768%2C512&amp;ssl=1 768w, https:\/\/i0.wp.com\/www.rr.senac.br\/portalsenac\/wp-content\/uploads\/2023\/02\/MG_5304-scaled.jpg?resize=1536%2C1024&amp;ssl=1 1536w, https:\/\/i0.wp.com\/www.rr.senac.br\/portalsenac\/wp-content\/uploads\/2023\/02\/MG_5304-scaled.jpg?resize=2048%2C1365&amp;ssl=1 2048w, https:\/\/i0.wp.com\/www.rr.senac.br\/portalsenac\/wp-content\/uploads\/2023\/02\/MG_5304-scaled.jpg?resize=1568%2C1045&amp;ssl=1 1568w, https:\/\/i0.wp.com\/www.rr.senac.br\/portalsenac\/wp-content\/uploads\/2023\/02\/MG_5304-scaled.jpg?w=2250&amp;ssl=1 2250w\" sizes=\"(max-width: 750px) 100vw, 750px\" \/><figcaption class=\"wp-element-caption\"><em>Foto: NCM Sesc e Senac<\/em><\/figcaption><\/figure>\n\n\n\n<p>O Servi\u00e7o Nacional de Aprendizagem Comercial (Senac\/RR) e o Servi\u00e7o Social do Com\u00e9rcio (Sesc\/RR) lan\u00e7aram na manh\u00e3 desta segunda-feira (13), a exposi\u00e7\u00e3o de obras da agenda institucional 2023 com tema \u2018Sabores do Norte\u2019. As obras est\u00e3o dispon\u00edveis para visita\u00e7\u00e3o p\u00fablica na Sede Administrativa at\u00e9 o dia 24 de fevereiro.<\/p>\n\n\n\n<div style=\"height:20px\" aria-hidden=\"true\" class=\"wp-block-spacer\"><\/div>\n\n\n\n<p>Com intuito de valorizar a culin\u00e1ria e os temperos locais, as institui\u00e7\u00f5es desenvolveram o projeto e visitaram diversos locais do estado, como por exemplo, a Comunidade do Bananal II e Serra Grande II, para produzir o material. Conforme o chef e coordenador de gastronomia do Senac, H\u00e9lio Ara\u00fajo, a produ\u00e7\u00e3o <em>in loco<\/em> foi essencial para \u2018entender melhor a nossa regi\u00e3o, al\u00e9m de valorizar a nossa cultura, regionalidade, e principalmente os ingredientes, que s\u00e3o a marca do nosso estado\u2019.<\/p>\n\n\n\n<div style=\"height:20px\" aria-hidden=\"true\" class=\"wp-block-spacer\"><\/div>\n\n\n\n<figure class=\"wp-block-image size-large\"><img data-recalc-dims=\"1\" decoding=\"async\" width=\"750\" height=\"500\" src=\"https:\/\/i0.wp.com\/www.rr.senac.br\/portalsenac\/wp-content\/uploads\/2023\/02\/MG_5293.jpg?resize=750%2C500&#038;ssl=1\" alt=\"\" class=\"wp-image-4605\" srcset=\"https:\/\/i0.wp.com\/www.rr.senac.br\/portalsenac\/wp-content\/uploads\/2023\/02\/MG_5293-scaled.jpg?resize=1024%2C683&amp;ssl=1 1024w, https:\/\/i0.wp.com\/www.rr.senac.br\/portalsenac\/wp-content\/uploads\/2023\/02\/MG_5293-scaled.jpg?resize=300%2C200&amp;ssl=1 300w, https:\/\/i0.wp.com\/www.rr.senac.br\/portalsenac\/wp-content\/uploads\/2023\/02\/MG_5293-scaled.jpg?resize=768%2C512&amp;ssl=1 768w, https:\/\/i0.wp.com\/www.rr.senac.br\/portalsenac\/wp-content\/uploads\/2023\/02\/MG_5293-scaled.jpg?resize=1536%2C1024&amp;ssl=1 1536w, https:\/\/i0.wp.com\/www.rr.senac.br\/portalsenac\/wp-content\/uploads\/2023\/02\/MG_5293-scaled.jpg?resize=2048%2C1365&amp;ssl=1 2048w, https:\/\/i0.wp.com\/www.rr.senac.br\/portalsenac\/wp-content\/uploads\/2023\/02\/MG_5293-scaled.jpg?resize=1568%2C1045&amp;ssl=1 1568w, https:\/\/i0.wp.com\/www.rr.senac.br\/portalsenac\/wp-content\/uploads\/2023\/02\/MG_5293-scaled.jpg?w=2250&amp;ssl=1 2250w\" sizes=\"(max-width: 750px) 100vw, 750px\" \/><figcaption class=\"wp-element-caption\"><em>Foto: NCM Sesc e Senac<\/em><\/figcaption><\/figure>\n\n\n\n<p>Dentre os ingredientes selecionados est\u00e3o a banana roxa e diversos tipos de pimentas regionais. Cada um apresenta uma sonoridade de ambienta\u00e7\u00e3o dos locais, proporcionando uma experi\u00eancia imersiva aos sabores de Roraima. A equipe tamb\u00e9m <a href=\"https:\/\/youtu.be\/4SBzuvvOoMk\">lan\u00e7ou um document\u00e1rio no YouTube<\/a> com bastidores e relatos das aventuras ao longo do desenvolvimento do projeto.<\/p>\n\n\n\n<div style=\"height:20px\" aria-hidden=\"true\" class=\"wp-block-spacer\"><\/div>\n\n\n\n<p>A exposi\u00e7\u00e3o \u00e9 gratuita e aberta ao p\u00fablico na Sede Administrativa Sesc\/Senac, localizada na Rua Doutor Ara\u00fajo Filho, N\u00ba 947, Centro, das 07h30 \u00e0s 18h30, com classifica\u00e7\u00e3o indicativa \u2018livre\u2019. Mais informa\u00e7\u00f5es podem ser consultadas nas redes sociais das institui\u00e7\u00f5es @senacrr e @sescrr.<\/p>\n\n\n\n<div style=\"height:20px\" aria-hidden=\"true\" class=\"wp-block-spacer\"><\/div>\n\n\n\n<p>Giovanna Lima \u2013 analista t\u00e9cnica <\/p>\n\n\n\n<p>Comunica\u00e7\u00e3o Senac Roraima<\/p>\n","protected":false},"excerpt":{"rendered":"<p>Mostra \u00e9 gratuita e aberta ao p\u00fablico\u00a0 O Servi\u00e7o Nacional de Aprendizagem Comercial (Senac\/RR) e o Servi\u00e7o Social do Com\u00e9rcio (Sesc\/RR) lan\u00e7aram na manh\u00e3 desta segunda-feira (13), a exposi\u00e7\u00e3o de obras da agenda institucional 2023 com tema \u2018Sabores do Norte\u2019. As obras est\u00e3o dispon\u00edveis para&hellip; <a class=\"more-link\" href=\"https:\/\/www.rr.senac.br\/portalsenac\/senac-e-sesc-roraima-lancam-exposicao-sabores-de-roraima\/\">Continuar lendo <span class=\"screen-reader-text\">Senac e Sesc Roraima lan\u00e7am exposi\u00e7\u00e3o \u2018Sabores de Roraima\u2019<\/span><\/a><\/p>\n","protected":false},"author":2,"featured_media":4604,"comment_status":"closed","ping_status":"open","sticky":false,"template":"","format":"standard","meta":{"_jetpack_memberships_contains_paid_content":false,"_joinchat":[],"footnotes":""},"categories":[12],"tags":[],"class_list":["post-4603","post","type-post","status-publish","format-standard","has-post-thumbnail","hentry","category-ultimas-noticias","entry"],"jetpack_featured_media_url":"https:\/\/i0.wp.com\/www.rr.senac.br\/portalsenac\/wp-content\/uploads\/2023\/02\/MG_5304-scaled.jpg?fit=2560%2C1707&ssl=1","jetpack_sharing_enabled":true,"_links":{"self":[{"href":"https:\/\/www.rr.senac.br\/portalsenac\/wp-json\/wp\/v2\/posts\/4603","targetHints":{"allow":["GET"]}}],"collection":[{"href":"https:\/\/www.rr.senac.br\/portalsenac\/wp-json\/wp\/v2\/posts"}],"about":[{"href":"https:\/\/www.rr.senac.br\/portalsenac\/wp-json\/wp\/v2\/types\/post"}],"author":[{"embeddable":true,"href":"https:\/\/www.rr.senac.br\/portalsenac\/wp-json\/wp\/v2\/users\/2"}],"replies":[{"embeddable":true,"href":"https:\/\/www.rr.senac.br\/portalsenac\/wp-json\/wp\/v2\/comments?post=4603"}],"version-history":[{"count":0,"href":"https:\/\/www.rr.senac.br\/portalsenac\/wp-json\/wp\/v2\/posts\/4603\/revisions"}],"wp:featuredmedia":[{"embeddable":true,"href":"https:\/\/www.rr.senac.br\/portalsenac\/wp-json\/wp\/v2\/media\/4604"}],"wp:attachment":[{"href":"https:\/\/www.rr.senac.br\/portalsenac\/wp-json\/wp\/v2\/media?parent=4603"}],"wp:term":[{"taxonomy":"category","embeddable":true,"href":"https:\/\/www.rr.senac.br\/portalsenac\/wp-json\/wp\/v2\/categories?post=4603"},{"taxonomy":"post_tag","embeddable":true,"href":"https:\/\/www.rr.senac.br\/portalsenac\/wp-json\/wp\/v2\/tags?post=4603"}],"curies":[{"name":"wp","href":"https:\/\/api.w.org\/{rel}","templated":true}]}}