{"id":4674,"date":"2023-03-30T10:48:28","date_gmt":"2023-03-30T13:48:28","guid":{"rendered":"https:\/\/www.rr.senac.br\/portalsenac\/?p=4674"},"modified":"2023-06-22T16:20:47","modified_gmt":"2023-06-22T19:20:47","slug":"laboratorio-juventudes-do-senac-roraima-arrecada-doacoes-para-projetos-sociais","status":"publish","type":"post","link":"https:\/\/www.rr.senac.br\/portalsenac\/laboratorio-juventudes-do-senac-roraima-arrecada-doacoes-para-projetos-sociais\/","title":{"rendered":"Laborat\u00f3rio Juventudes do Senac Roraima arrecada doa\u00e7\u00f5es para projetos sociais"},"content":{"rendered":"\n<h5 class=\"wp-block-heading\"><em>Arrecada\u00e7\u00f5es v\u00e3o at\u00e9 o dia 06 de abril<\/em><\/h5>\n\n\n\n<div style=\"height:20px\" aria-hidden=\"true\" class=\"wp-block-spacer\"><\/div>\n\n\n\n<figure class=\"wp-block-image size-full\"><img data-recalc-dims=\"1\" fetchpriority=\"high\" decoding=\"async\" width=\"750\" height=\"500\" src=\"https:\/\/i0.wp.com\/www.rr.senac.br\/portalsenac\/wp-content\/uploads\/2023\/03\/Laboratorio-Juventude-2.jpg?resize=750%2C500&#038;ssl=1\" alt=\"\" class=\"wp-image-4676\" srcset=\"https:\/\/i0.wp.com\/www.rr.senac.br\/portalsenac\/wp-content\/uploads\/2023\/03\/Laboratorio-Juventude-2.jpg?w=1020&amp;ssl=1 1020w, https:\/\/i0.wp.com\/www.rr.senac.br\/portalsenac\/wp-content\/uploads\/2023\/03\/Laboratorio-Juventude-2.jpg?resize=300%2C200&amp;ssl=1 300w, https:\/\/i0.wp.com\/www.rr.senac.br\/portalsenac\/wp-content\/uploads\/2023\/03\/Laboratorio-Juventude-2.jpg?resize=768%2C512&amp;ssl=1 768w\" sizes=\"(max-width: 750px) 100vw, 750px\" \/><figcaption class=\"wp-element-caption\"><em>Foto: Segunda edi\u00e7\u00e3o<\/em><\/figcaption><\/figure>\n\n\n\n<p>O Servi\u00e7o Nacional de Aprendizagem Comercial (Senac-RR) lan\u00e7ou nesta semana o projeto Laborat\u00f3rio Juventudes, que tem como objetivo trazer a sensibiliza\u00e7\u00e3o para projetos sociais com as turmas de Aprendizagem Comercial da institui\u00e7\u00e3o. Nesta campanha os alunos est\u00e3o arrecadando objetos e alimentos para distribuir a diversos projetos.<\/p>\n\n\n\n<div style=\"height:20px\" aria-hidden=\"true\" class=\"wp-block-spacer\"><\/div>\n\n\n\n<p>Conforme a instrutora do curso de Vendas Naira Pereira, o projeto faz parte do Plano Nacional dos cursos de aprendizagem e recomenda atrav\u00e9s da Base Nacional Comum Curricular (BNCC) o exerc\u00edcio de solidariedade e o protagonismo juvenil. Esta \u00e9 a terceira a\u00e7\u00e3o envolvendo os alunos dos cursos de aprendizagem comercial em servi\u00e7os de supermercados, vendas e administrativo.<\/p>\n\n\n\n<div style=\"height:20px\" aria-hidden=\"true\" class=\"wp-block-spacer\"><\/div>\n\n\n\n<p>Ainda conforme a instrutora, este projeto \u00e9 importante para desenvolver a solidariedade dos alunos. &#8220;Os alunos buscam no entorno da comunidade em que vivem causas sociais e trazem para sala de aula, e a partir disso desenvolvemos a\u00e7\u00f5es para proporcionar bem-estar e qualidade de vida&#8221;, explicou.<\/p>\n\n\n\n<div style=\"height:20px\" aria-hidden=\"true\" class=\"wp-block-spacer\"><\/div>\n\n\n\n<figure class=\"wp-block-image size-full\"><img data-recalc-dims=\"1\" decoding=\"async\" width=\"750\" height=\"500\" src=\"https:\/\/i0.wp.com\/www.rr.senac.br\/portalsenac\/wp-content\/uploads\/2023\/03\/Laboratorio-Juventude-1.jpg?resize=750%2C500&#038;ssl=1\" alt=\"\" class=\"wp-image-4675\" srcset=\"https:\/\/i0.wp.com\/www.rr.senac.br\/portalsenac\/wp-content\/uploads\/2023\/03\/Laboratorio-Juventude-1.jpg?w=1020&amp;ssl=1 1020w, https:\/\/i0.wp.com\/www.rr.senac.br\/portalsenac\/wp-content\/uploads\/2023\/03\/Laboratorio-Juventude-1.jpg?resize=300%2C200&amp;ssl=1 300w, https:\/\/i0.wp.com\/www.rr.senac.br\/portalsenac\/wp-content\/uploads\/2023\/03\/Laboratorio-Juventude-1.jpg?resize=768%2C512&amp;ssl=1 768w\" sizes=\"(max-width: 750px) 100vw, 750px\" \/><figcaption class=\"wp-element-caption\"><em>Foto: Segunda edi\u00e7\u00e3o<\/em><\/figcaption><\/figure>\n\n\n\n<p>Nesta edi\u00e7\u00e3o os alunos est\u00e3o arrecadando alimentos, materiais de higiene pessoal para idosos, roupas e materiais did\u00e1ticos para educa\u00e7\u00e3o infantil, esses que ser\u00e3o distribu\u00eddos para os projetos envolvidos. A arrecada\u00e7\u00e3o acontece at\u00e9 o dia 06 de abril, e podem ser entregues nas unidades Senac Asa branca e Idiomas. Os receptores ser\u00e3o creche Pr\u00edncipe Encantado, Sesc Mesa brasil, Casa do Vov\u00f4, e outros.<\/p>\n\n\n\n<div style=\"height:20px\" aria-hidden=\"true\" class=\"wp-block-spacer\"><\/div>\n\n\n\n<p>Gracielly Barroso \u00e9 uma das alunas da Aprendizagem Comercial que participou da segunda edi\u00e7\u00e3o conta que o processo, apesar de desafiador \u00e9 \u201cmuito compensador\u201d. \u201cParticipei da segunda edi\u00e7\u00e3o e fizemos palestra e dia de lazer com os alunos da escola Natalino, apresentamos para eles a import\u00e2ncia da capacita\u00e7\u00e3o profissional para ingressar no mercado de trabalho, e proporcionamos um momento de descontra\u00e7\u00e3o com zumba e lembrancinhas. Foi muito divertido ver todo o processo, do come\u00e7o ao fim, vale muito a pena participar\u201d, explicou.<\/p>\n\n\n\n<div style=\"height:20px\" aria-hidden=\"true\" class=\"wp-block-spacer\"><\/div>\n\n\n\n<p>As doa\u00e7\u00f5es podem ser feitas em hor\u00e1rio comercial (08h-18h) no Senac Idiomas e das 08 \u00e0s 20h no Senac do Bairro Asa Branca. Para mais informa\u00e7\u00f5es os interessados devem entrar em contato com a Central de Atendimento da institui\u00e7\u00e3o: 3626-8434, ou via WhatsApp 98420-9992.<\/p>\n\n\n\n<div style=\"height:20px\" aria-hidden=\"true\" class=\"wp-block-spacer\"><\/div>\n\n\n\n<p>Giovanna Lima \u2013 Analista t\u00e9cnica<\/p>\n\n\n\n<p>Comunica\u00e7\u00e3o Senac Roraima<\/p>\n","protected":false},"excerpt":{"rendered":"<p>Arrecada\u00e7\u00f5es v\u00e3o at\u00e9 o dia 06 de abril O Servi\u00e7o Nacional de Aprendizagem Comercial (Senac-RR) lan\u00e7ou nesta semana o projeto Laborat\u00f3rio Juventudes, que tem como objetivo trazer a sensibiliza\u00e7\u00e3o para projetos sociais com as turmas de Aprendizagem Comercial da institui\u00e7\u00e3o. Nesta campanha os alunos est\u00e3o&hellip; <a class=\"more-link\" href=\"https:\/\/www.rr.senac.br\/portalsenac\/laboratorio-juventudes-do-senac-roraima-arrecada-doacoes-para-projetos-sociais\/\">Continuar lendo <span class=\"screen-reader-text\">Laborat\u00f3rio Juventudes do Senac Roraima arrecada doa\u00e7\u00f5es para projetos sociais<\/span><\/a><\/p>\n","protected":false},"author":2,"featured_media":4676,"comment_status":"closed","ping_status":"open","sticky":false,"template":"","format":"standard","meta":{"_jetpack_memberships_contains_paid_content":false,"_joinchat":[],"footnotes":""},"categories":[12],"tags":[],"class_list":["post-4674","post","type-post","status-publish","format-standard","has-post-thumbnail","hentry","category-ultimas-noticias","entry"],"jetpack_featured_media_url":"https:\/\/i0.wp.com\/www.rr.senac.br\/portalsenac\/wp-content\/uploads\/2023\/03\/Laboratorio-Juventude-2.jpg?fit=1020%2C680&ssl=1","jetpack_sharing_enabled":true,"_links":{"self":[{"href":"https:\/\/www.rr.senac.br\/portalsenac\/wp-json\/wp\/v2\/posts\/4674","targetHints":{"allow":["GET"]}}],"collection":[{"href":"https:\/\/www.rr.senac.br\/portalsenac\/wp-json\/wp\/v2\/posts"}],"about":[{"href":"https:\/\/www.rr.senac.br\/portalsenac\/wp-json\/wp\/v2\/types\/post"}],"author":[{"embeddable":true,"href":"https:\/\/www.rr.senac.br\/portalsenac\/wp-json\/wp\/v2\/users\/2"}],"replies":[{"embeddable":true,"href":"https:\/\/www.rr.senac.br\/portalsenac\/wp-json\/wp\/v2\/comments?post=4674"}],"version-history":[{"count":0,"href":"https:\/\/www.rr.senac.br\/portalsenac\/wp-json\/wp\/v2\/posts\/4674\/revisions"}],"wp:featuredmedia":[{"embeddable":true,"href":"https:\/\/www.rr.senac.br\/portalsenac\/wp-json\/wp\/v2\/media\/4676"}],"wp:attachment":[{"href":"https:\/\/www.rr.senac.br\/portalsenac\/wp-json\/wp\/v2\/media?parent=4674"}],"wp:term":[{"taxonomy":"category","embeddable":true,"href":"https:\/\/www.rr.senac.br\/portalsenac\/wp-json\/wp\/v2\/categories?post=4674"},{"taxonomy":"post_tag","embeddable":true,"href":"https:\/\/www.rr.senac.br\/portalsenac\/wp-json\/wp\/v2\/tags?post=4674"}],"curies":[{"name":"wp","href":"https:\/\/api.w.org\/{rel}","templated":true}]}}