{"id":4689,"date":"2023-04-10T10:44:22","date_gmt":"2023-04-10T13:44:22","guid":{"rendered":"https:\/\/www.rr.senac.br\/portalsenac\/?p=4689"},"modified":"2023-06-22T16:20:46","modified_gmt":"2023-06-22T19:20:46","slug":"senac-oferta-mais-de-450-vagas-em-cursos-gratuitos-para-boa-vista","status":"publish","type":"post","link":"https:\/\/www.rr.senac.br\/portalsenac\/senac-oferta-mais-de-450-vagas-em-cursos-gratuitos-para-boa-vista\/","title":{"rendered":"Senac oferta mais de 450 vagas em cursos gratuitos para Boa Vista"},"content":{"rendered":"\n<p><\/p>\n\n\n\n<h5 class=\"wp-block-heading\"><em>Inscri\u00e7\u00f5es on-line iniciam nesta ter\u00e7a-feira<\/em><\/h5>\n\n\n\n<div style=\"height:25px\" aria-hidden=\"true\" class=\"wp-block-spacer\"><\/div>\n\n\n\n<figure class=\"wp-block-image size-full\"><img data-recalc-dims=\"1\" fetchpriority=\"high\" decoding=\"async\" width=\"750\" height=\"500\" src=\"https:\/\/i0.wp.com\/www.rr.senac.br\/portalsenac\/wp-content\/uploads\/2023\/04\/PSG-Senac-Roraima-1.jpg?resize=750%2C500&#038;ssl=1\" alt=\"\" class=\"wp-image-4690\" srcset=\"https:\/\/i0.wp.com\/www.rr.senac.br\/portalsenac\/wp-content\/uploads\/2023\/04\/PSG-Senac-Roraima-1.jpg?w=1020&amp;ssl=1 1020w, https:\/\/i0.wp.com\/www.rr.senac.br\/portalsenac\/wp-content\/uploads\/2023\/04\/PSG-Senac-Roraima-1.jpg?resize=300%2C200&amp;ssl=1 300w, https:\/\/i0.wp.com\/www.rr.senac.br\/portalsenac\/wp-content\/uploads\/2023\/04\/PSG-Senac-Roraima-1.jpg?resize=768%2C512&amp;ssl=1 768w\" sizes=\"(max-width: 750px) 100vw, 750px\" \/><figcaption class=\"wp-element-caption\"><em>Foto: divulga\u00e7\u00e3o<\/em><\/figcaption><\/figure>\n\n\n\n<p>O Servi\u00e7o Nacional de Aprendizagem Comercial (Senac-RR) divulgou na manh\u00e3 desta segunda-feira o sexto edital do Programa Senac de Gratuidade (PSG), com 469 vagas em cursos gratuitos destinados \u00e0 Boa Vista. As inscri\u00e7\u00f5es iniciam nesta ter\u00e7a-feira (11) a partir das 08h30 <a href=\"https:\/\/app.rr.senac.br\/send3\/site\/psg\">no site da institui\u00e7\u00e3o.<\/a><\/p>\n\n\n\n<div style=\"height:20px\" aria-hidden=\"true\" class=\"wp-block-spacer\"><\/div>\n\n\n\n<p>Dentre os cursos ofertados est\u00e3o: recepcionista, atendente de farm\u00e1cia, auxiliar de sa\u00fade bucal, e t\u00e9cnico em administra\u00e7\u00e3o. Ao todo s\u00e3o 17 t\u00edtulos das \u00e1reas de sa\u00fade, gest\u00e3o, gastronomia e outros, com carga hor\u00e1ria que varia entre 60h e 1000h.<\/p>\n\n\n\n<div style=\"height:20px\" aria-hidden=\"true\" class=\"wp-block-spacer\"><\/div>\n\n\n\n<p>Para participar os interessados devem ler atentamente o edital e conferir os pr\u00e9-requisitos de cada curso, como idade e escolaridade m\u00ednima, al\u00e9m <a href=\"https:\/\/app.rr.senac.br\/send3\/site\/psg\">de realizar a primeira etapa de matr\u00edcula no site da institui\u00e7\u00e3o<\/a> a partir das 08h30 do dia 11 de abril. Concluindo a matr\u00edcula ap\u00f3s a entrega de documenta\u00e7\u00e3o presencialmente na institui\u00e7\u00e3o no dia indicado no edital para cada curso.<\/p>\n\n\n\n<div style=\"height:20px\" aria-hidden=\"true\" class=\"wp-block-spacer\"><\/div>\n\n\n\n<p>As aulas iniciam ainda no m\u00eas de abril, em diferentes unidades do Senac, nos bairros Asa Branca e S\u00e3o Francisco. Para mais informa\u00e7\u00f5es os interessados podem conferir <a href=\"https:\/\/app.rr.senac.br\/send3\/site\/psg\">no edital<\/a>, ou diretamente com a Central de Atendimento: 3224-1988, ou via WhatsApp: 98420-9992.<\/p>\n\n\n\n<div style=\"height:20px\" aria-hidden=\"true\" class=\"wp-block-spacer\"><\/div>\n\n\n\n<p>Giovanna Lima \u2013 analista t\u00e9cnica<\/p>\n\n\n\n<p>Comunica\u00e7\u00e3o Senac Roraima<\/p>\n","protected":false},"excerpt":{"rendered":"<p>Inscri\u00e7\u00f5es on-line iniciam nesta ter\u00e7a-feira O Servi\u00e7o Nacional de Aprendizagem Comercial (Senac-RR) divulgou na manh\u00e3 desta segunda-feira o sexto edital do Programa Senac de Gratuidade (PSG), com 469 vagas em cursos gratuitos destinados \u00e0 Boa Vista. As inscri\u00e7\u00f5es iniciam nesta ter\u00e7a-feira (11) a partir das&hellip; <a class=\"more-link\" href=\"https:\/\/www.rr.senac.br\/portalsenac\/senac-oferta-mais-de-450-vagas-em-cursos-gratuitos-para-boa-vista\/\">Continuar lendo <span class=\"screen-reader-text\">Senac oferta mais de 450 vagas em cursos gratuitos para Boa Vista<\/span><\/a><\/p>\n","protected":false},"author":2,"featured_media":4690,"comment_status":"closed","ping_status":"open","sticky":false,"template":"","format":"standard","meta":{"_jetpack_memberships_contains_paid_content":false,"_joinchat":[],"footnotes":""},"categories":[12],"tags":[],"class_list":["post-4689","post","type-post","status-publish","format-standard","has-post-thumbnail","hentry","category-ultimas-noticias","entry"],"jetpack_featured_media_url":"https:\/\/i0.wp.com\/www.rr.senac.br\/portalsenac\/wp-content\/uploads\/2023\/04\/PSG-Senac-Roraima-1.jpg?fit=1020%2C680&ssl=1","jetpack_sharing_enabled":true,"_links":{"self":[{"href":"https:\/\/www.rr.senac.br\/portalsenac\/wp-json\/wp\/v2\/posts\/4689","targetHints":{"allow":["GET"]}}],"collection":[{"href":"https:\/\/www.rr.senac.br\/portalsenac\/wp-json\/wp\/v2\/posts"}],"about":[{"href":"https:\/\/www.rr.senac.br\/portalsenac\/wp-json\/wp\/v2\/types\/post"}],"author":[{"embeddable":true,"href":"https:\/\/www.rr.senac.br\/portalsenac\/wp-json\/wp\/v2\/users\/2"}],"replies":[{"embeddable":true,"href":"https:\/\/www.rr.senac.br\/portalsenac\/wp-json\/wp\/v2\/comments?post=4689"}],"version-history":[{"count":0,"href":"https:\/\/www.rr.senac.br\/portalsenac\/wp-json\/wp\/v2\/posts\/4689\/revisions"}],"wp:featuredmedia":[{"embeddable":true,"href":"https:\/\/www.rr.senac.br\/portalsenac\/wp-json\/wp\/v2\/media\/4690"}],"wp:attachment":[{"href":"https:\/\/www.rr.senac.br\/portalsenac\/wp-json\/wp\/v2\/media?parent=4689"}],"wp:term":[{"taxonomy":"category","embeddable":true,"href":"https:\/\/www.rr.senac.br\/portalsenac\/wp-json\/wp\/v2\/categories?post=4689"},{"taxonomy":"post_tag","embeddable":true,"href":"https:\/\/www.rr.senac.br\/portalsenac\/wp-json\/wp\/v2\/tags?post=4689"}],"curies":[{"name":"wp","href":"https:\/\/api.w.org\/{rel}","templated":true}]}}