{"id":4692,"date":"2023-04-11T10:37:18","date_gmt":"2023-04-11T13:37:18","guid":{"rendered":"https:\/\/www.rr.senac.br\/portalsenac\/?p=4692"},"modified":"2023-06-22T16:20:46","modified_gmt":"2023-06-22T19:20:46","slug":"senac-oferta-palestra-de-empreendedorismo-com-andrea-saad","status":"publish","type":"post","link":"https:\/\/www.rr.senac.br\/portalsenac\/senac-oferta-palestra-de-empreendedorismo-com-andrea-saad\/","title":{"rendered":"Senac oferta palestra de empreendedorismo com Andrea Saad"},"content":{"rendered":"\n<div style=\"height:25px\" aria-hidden=\"true\" class=\"wp-block-spacer\"><\/div>\n\n\n\n<h5 class=\"wp-block-heading\"><em>Evento acontece na pr\u00f3xima segunda-feira<\/em><\/h5>\n\n\n\n<div style=\"height:25px\" aria-hidden=\"true\" class=\"wp-block-spacer\"><\/div>\n\n\n\n<figure class=\"wp-block-image size-full\"><img data-recalc-dims=\"1\" fetchpriority=\"high\" decoding=\"async\" width=\"750\" height=\"500\" src=\"https:\/\/i0.wp.com\/www.rr.senac.br\/portalsenac\/wp-content\/uploads\/2023\/04\/Empreendedorismo-Senac-Roraima-1.jpg?resize=750%2C500&#038;ssl=1\" alt=\"\" class=\"wp-image-4693\" srcset=\"https:\/\/i0.wp.com\/www.rr.senac.br\/portalsenac\/wp-content\/uploads\/2023\/04\/Empreendedorismo-Senac-Roraima-1.jpg?w=1020&amp;ssl=1 1020w, https:\/\/i0.wp.com\/www.rr.senac.br\/portalsenac\/wp-content\/uploads\/2023\/04\/Empreendedorismo-Senac-Roraima-1.jpg?resize=300%2C200&amp;ssl=1 300w, https:\/\/i0.wp.com\/www.rr.senac.br\/portalsenac\/wp-content\/uploads\/2023\/04\/Empreendedorismo-Senac-Roraima-1.jpg?resize=768%2C512&amp;ssl=1 768w\" sizes=\"(max-width: 750px) 100vw, 750px\" \/><figcaption class=\"wp-element-caption\"><em>Foto: divulga\u00e7\u00e3o<\/em><\/figcaption><\/figure>\n\n\n\n<p>O Servi\u00e7o Nacional de Aprendizagem (Senac-RR) anuncia a palestra \u2018Empreendedorismo: lideran\u00e7a e gest\u00e3o\u2019 com Andrea Saad. O evento acontece na pr\u00f3xima segunda-feira (17) \u00e0s 19h na sede administrativa da institui\u00e7\u00e3o. Para participar os interessados devem fazer a inscri\u00e7\u00e3o pr\u00e9via com 01kg de alimento n\u00e3o perec\u00edvel.<\/p>\n\n\n\n<div style=\"height:25px\" aria-hidden=\"true\" class=\"wp-block-spacer\"><\/div>\n\n\n\n<p>O evento \u00e9 promovido pelo <a href=\"https:\/\/app.rr.senac.br\/senaccomercio\/\">Programa Senac Comercio<\/a> e tem como objetivo capacitar e trazer inova\u00e7\u00f5es no setor, com palestras, capacita\u00e7\u00f5es e webinar. O programa \u00e9 nacional e direcionado aos empres\u00e1rios e trabalhadores do com\u00e9rcio com trilhas de conhecimento em quatro vertentes. O p\u00fablico-alvo da palestra s\u00e3o pessoas a partir de 14 anos que tem interesse em se atualizar no tema.<\/p>\n\n\n\n<div style=\"height:25px\" aria-hidden=\"true\" class=\"wp-block-spacer\"><\/div>\n\n\n\n<p>Conforme o gerente de educa\u00e7\u00e3o profissional do Senac, C\u00e9lio Melo, a palestra \u00e9 essencial para quem tem a curiosidade de iniciar um empreendimento, ou aperfei\u00e7oar t\u00e9cnicas. \u201cQuem tem interesse em empreender, mas n\u00e3o sabe como proceder com a ideia e colocar em pr\u00e1tica, ou at\u00e9 mesmo l\u00edderes e gestores que querem aperfei\u00e7oar t\u00e9cnicas e pr\u00e1ticas de gest\u00e3o, Andrea vem com inova\u00e7\u00f5es e t\u00e9cnicas para aplicar no cotidiano, e o Senac tem esse objetivo se sempre levar a capacita\u00e7\u00e3o profissional de forma acess\u00edvel \u00e0 comunidade\u201d, explicou.<\/p>\n\n\n\n<div style=\"height:25px\" aria-hidden=\"true\" class=\"wp-block-spacer\"><\/div>\n\n\n\n<p>Para participar os interessados devem comparecer \u00e0s Centrais de Atendimento do Senac em hor\u00e1rio comercial com 01kg de alimento n\u00e3o perec\u00edvel e fazer a retirada do ingresso. Os alimentos arrecadados <a href=\"https:\/\/www.sescrr.com.br\/assistencia\/mesa-brasil\/\">ser\u00e3o doados ao projeto Sesc Mesa Brasil<\/a>. Mais informa\u00e7\u00f5es podem ser consultadas diretamente com a Central de Atendimento: 3224-1988 ou via WhatsApp: 98420-9992.<\/p>\n\n\n\n<div style=\"height:25px\" aria-hidden=\"true\" class=\"wp-block-spacer\"><\/div>\n\n\n\n<p><strong>Endere\u00e7os para retirada de ingressos:<\/strong><\/p>\n\n\n\n<p><strong>Senac Idiomas:<\/strong>&nbsp; Rua General Penha Brasil, N\u00b0 1618, bairro S\u00e3o Francisco;<\/p>\n\n\n\n<p>Contato: 3224-1988<\/p>\n\n\n\n<div style=\"height:25px\" aria-hidden=\"true\" class=\"wp-block-spacer\"><\/div>\n\n\n\n<p><strong>Senac Ministro Bernardo Cabral:<\/strong> Rua Hor\u00e1cio Mardel de Magalh\u00e3es, N\u00b0 400, bairro Asa Branca;<\/p>\n\n\n\n<p>Contato:3626-8434<\/p>\n\n\n\n<div style=\"height:25px\" aria-hidden=\"true\" class=\"wp-block-spacer\"><\/div>\n\n\n\n<p>Conhe\u00e7a a palestrante:<\/p>\n\n\n\n<figure class=\"wp-block-image size-large\"><img data-recalc-dims=\"1\" decoding=\"async\" width=\"750\" height=\"750\" src=\"https:\/\/i0.wp.com\/www.rr.senac.br\/portalsenac\/wp-content\/uploads\/2023\/04\/Empreendedorismo-Senac-Roraima-3.png?resize=750%2C750&#038;ssl=1\" alt=\"\" class=\"wp-image-4694\" srcset=\"https:\/\/i0.wp.com\/www.rr.senac.br\/portalsenac\/wp-content\/uploads\/2023\/04\/Empreendedorismo-Senac-Roraima-3.png?resize=1024%2C1024&amp;ssl=1 1024w, https:\/\/i0.wp.com\/www.rr.senac.br\/portalsenac\/wp-content\/uploads\/2023\/04\/Empreendedorismo-Senac-Roraima-3.png?resize=300%2C300&amp;ssl=1 300w, https:\/\/i0.wp.com\/www.rr.senac.br\/portalsenac\/wp-content\/uploads\/2023\/04\/Empreendedorismo-Senac-Roraima-3.png?resize=150%2C150&amp;ssl=1 150w, https:\/\/i0.wp.com\/www.rr.senac.br\/portalsenac\/wp-content\/uploads\/2023\/04\/Empreendedorismo-Senac-Roraima-3.png?resize=768%2C768&amp;ssl=1 768w, https:\/\/i0.wp.com\/www.rr.senac.br\/portalsenac\/wp-content\/uploads\/2023\/04\/Empreendedorismo-Senac-Roraima-3.png?w=1080&amp;ssl=1 1080w\" sizes=\"(max-width: 750px) 100vw, 750px\" \/><figcaption class=\"wp-element-caption\"><em>Foto: divulga\u00e7\u00e3o<\/em><\/figcaption><\/figure>\n\n\n\n<div style=\"height:25px\" aria-hidden=\"true\" class=\"wp-block-spacer\"><\/div>\n\n\n\n<p>Andrea Saad: Administradora e Contadora, Mestre em Gest\u00e3o e Especialista em Gest\u00e3o Estrat\u00e9gica de Pessoas e empres\u00e1ria. Com mais de 20 anos de atua\u00e7\u00e3o profissional, possui experi\u00eancia com gest\u00e3o de carreira, desenvolvimento de lideran\u00e7a e de equipes de alta performance, doc\u00eancia de ensino superior e consultoria empresarial. \u00c9 coautora do Positive Experience Game e do Livro Lideran\u00e7a com Base nas Soft Skills. Contabiliza mais de 10 mil horas de palco entre palestras, cursos, treinamentos e workshops e mais de 12 mil pessoas impactadas pelo desenvolvimento do potencial humano.<\/p>\n\n\n\n<div style=\"height:25px\" aria-hidden=\"true\" class=\"wp-block-spacer\"><\/div>\n\n\n\n<p>Giovanna Lima \u2013 analista t\u00e9cnica<\/p>\n\n\n\n<p>Comunica\u00e7\u00e3o Senac Roraima<\/p>\n","protected":false},"excerpt":{"rendered":"<p>Evento acontece na pr\u00f3xima segunda-feira O Servi\u00e7o Nacional de Aprendizagem (Senac-RR) anuncia a palestra \u2018Empreendedorismo: lideran\u00e7a e gest\u00e3o\u2019 com Andrea Saad. O evento acontece na pr\u00f3xima segunda-feira (17) \u00e0s 19h na sede administrativa da institui\u00e7\u00e3o. Para participar os interessados devem fazer a inscri\u00e7\u00e3o pr\u00e9via com&hellip; <a class=\"more-link\" href=\"https:\/\/www.rr.senac.br\/portalsenac\/senac-oferta-palestra-de-empreendedorismo-com-andrea-saad\/\">Continuar lendo <span class=\"screen-reader-text\">Senac oferta palestra de empreendedorismo com Andrea Saad<\/span><\/a><\/p>\n","protected":false},"author":2,"featured_media":4693,"comment_status":"closed","ping_status":"open","sticky":false,"template":"","format":"standard","meta":{"_jetpack_memberships_contains_paid_content":false,"_joinchat":[],"footnotes":""},"categories":[12],"tags":[],"class_list":["post-4692","post","type-post","status-publish","format-standard","has-post-thumbnail","hentry","category-ultimas-noticias","entry"],"jetpack_featured_media_url":"https:\/\/i0.wp.com\/www.rr.senac.br\/portalsenac\/wp-content\/uploads\/2023\/04\/Empreendedorismo-Senac-Roraima-1.jpg?fit=1020%2C680&ssl=1","jetpack_sharing_enabled":true,"_links":{"self":[{"href":"https:\/\/www.rr.senac.br\/portalsenac\/wp-json\/wp\/v2\/posts\/4692","targetHints":{"allow":["GET"]}}],"collection":[{"href":"https:\/\/www.rr.senac.br\/portalsenac\/wp-json\/wp\/v2\/posts"}],"about":[{"href":"https:\/\/www.rr.senac.br\/portalsenac\/wp-json\/wp\/v2\/types\/post"}],"author":[{"embeddable":true,"href":"https:\/\/www.rr.senac.br\/portalsenac\/wp-json\/wp\/v2\/users\/2"}],"replies":[{"embeddable":true,"href":"https:\/\/www.rr.senac.br\/portalsenac\/wp-json\/wp\/v2\/comments?post=4692"}],"version-history":[{"count":0,"href":"https:\/\/www.rr.senac.br\/portalsenac\/wp-json\/wp\/v2\/posts\/4692\/revisions"}],"wp:featuredmedia":[{"embeddable":true,"href":"https:\/\/www.rr.senac.br\/portalsenac\/wp-json\/wp\/v2\/media\/4693"}],"wp:attachment":[{"href":"https:\/\/www.rr.senac.br\/portalsenac\/wp-json\/wp\/v2\/media?parent=4692"}],"wp:term":[{"taxonomy":"category","embeddable":true,"href":"https:\/\/www.rr.senac.br\/portalsenac\/wp-json\/wp\/v2\/categories?post=4692"},{"taxonomy":"post_tag","embeddable":true,"href":"https:\/\/www.rr.senac.br\/portalsenac\/wp-json\/wp\/v2\/tags?post=4692"}],"curies":[{"name":"wp","href":"https:\/\/api.w.org\/{rel}","templated":true}]}}