{"id":4697,"date":"2023-04-20T13:03:35","date_gmt":"2023-04-20T16:03:35","guid":{"rendered":"https:\/\/www.rr.senac.br\/portalsenac\/?p=4697"},"modified":"2023-06-22T16:20:46","modified_gmt":"2023-06-22T19:20:46","slug":"senac-promove-acoes-sociais-com-jovens-aprendizes-em-roraima","status":"publish","type":"post","link":"https:\/\/www.rr.senac.br\/portalsenac\/senac-promove-acoes-sociais-com-jovens-aprendizes-em-roraima\/","title":{"rendered":"Senac promove a\u00e7\u00f5es sociais com jovens aprendizes em Roraima"},"content":{"rendered":"\n<h5 class=\"wp-block-heading\"><em>Laborat\u00f3rio Juventude \u00e9 um componente curricular do curso<\/em><\/h5>\n\n\n\n<div style=\"height:25px\" aria-hidden=\"true\" class=\"wp-block-spacer\"><\/div>\n\n\n\n<figure class=\"wp-block-image size-full\"><img data-recalc-dims=\"1\" fetchpriority=\"high\" decoding=\"async\" width=\"750\" height=\"500\" src=\"https:\/\/i0.wp.com\/www.rr.senac.br\/portalsenac\/wp-content\/uploads\/2023\/04\/Laboratorio-Juventude-Senac-rr-4-2.jpg?resize=750%2C500&#038;ssl=1\" alt=\"\" class=\"wp-image-4706\" srcset=\"https:\/\/i0.wp.com\/www.rr.senac.br\/portalsenac\/wp-content\/uploads\/2023\/04\/Laboratorio-Juventude-Senac-rr-4-2.jpg?w=1020&amp;ssl=1 1020w, https:\/\/i0.wp.com\/www.rr.senac.br\/portalsenac\/wp-content\/uploads\/2023\/04\/Laboratorio-Juventude-Senac-rr-4-2.jpg?resize=300%2C200&amp;ssl=1 300w, https:\/\/i0.wp.com\/www.rr.senac.br\/portalsenac\/wp-content\/uploads\/2023\/04\/Laboratorio-Juventude-Senac-rr-4-2.jpg?resize=768%2C512&amp;ssl=1 768w\" sizes=\"(max-width: 750px) 100vw, 750px\" \/><\/figure>\n\n\n\n<p>Na \u00faltima sexta-feira (14) o Servi\u00e7o Nacional de Aprendizagem Comercial (Senac-RR) promoveu duas a\u00e7\u00f5es sociais do Laborat\u00f3rio Juventude pelo programa de Aprendizagem Comercial. O evento foi realizado em parceria com o Governo do Estado de Roraima, o Centro Educacional Infantil Volunt\u00e1rio Pr\u00edncipe Encantado e o Instituto Boa Vista de M\u00fasica (IBVM).<\/p>\n\n\n\n<div style=\"height:20px\" aria-hidden=\"true\" class=\"wp-block-spacer\"><\/div>\n\n\n\n<p>Os alunos do programa de Aprendizagem Comercial do Senac Roraima arrecadaram ao longo do m\u00eas diversos materiais para doar \u00e0s institui\u00e7\u00f5es parceiras, e foram entregues ao Centro Educacional Infantil Volunt\u00e1rio Pr\u00edncipe Encantado, e ao Abrigo de Idosos Maria Lindalva Teixeira de Oliveira, mais conhecido como Casa do Vov\u00f4. Conforme a instrutora Geralda Evangelista, o projeto tem como prop\u00f3sito \u201cdespertar o protagonismo juvenil\u201d. \u00a0<\/p>\n\n\n\n<div style=\"height:20px\" aria-hidden=\"true\" class=\"wp-block-spacer\"><\/div>\n\n\n\n<figure class=\"wp-block-image size-full\"><img data-recalc-dims=\"1\" decoding=\"async\" width=\"750\" height=\"500\" src=\"https:\/\/i0.wp.com\/www.rr.senac.br\/portalsenac\/wp-content\/uploads\/2023\/04\/Laboratorio-Juventude-Senac-rr-7.jpg?resize=750%2C500&#038;ssl=1\" alt=\"\" class=\"wp-image-4702\" srcset=\"https:\/\/i0.wp.com\/www.rr.senac.br\/portalsenac\/wp-content\/uploads\/2023\/04\/Laboratorio-Juventude-Senac-rr-7.jpg?w=1020&amp;ssl=1 1020w, https:\/\/i0.wp.com\/www.rr.senac.br\/portalsenac\/wp-content\/uploads\/2023\/04\/Laboratorio-Juventude-Senac-rr-7.jpg?resize=300%2C200&amp;ssl=1 300w, https:\/\/i0.wp.com\/www.rr.senac.br\/portalsenac\/wp-content\/uploads\/2023\/04\/Laboratorio-Juventude-Senac-rr-7.jpg?resize=768%2C512&amp;ssl=1 768w\" sizes=\"(max-width: 750px) 100vw, 750px\" \/><figcaption class=\"wp-element-caption\"><em>Foto: Senac Roraima<\/em><\/figcaption><\/figure>\n\n\n\n<figure class=\"wp-block-image size-full\"><img data-recalc-dims=\"1\" decoding=\"async\" width=\"750\" height=\"500\" src=\"https:\/\/i0.wp.com\/www.rr.senac.br\/portalsenac\/wp-content\/uploads\/2023\/04\/Laboratorio-Juventude-Senac-rr-10.jpg?resize=750%2C500&#038;ssl=1\" alt=\"\" class=\"wp-image-4703\" srcset=\"https:\/\/i0.wp.com\/www.rr.senac.br\/portalsenac\/wp-content\/uploads\/2023\/04\/Laboratorio-Juventude-Senac-rr-10.jpg?w=1020&amp;ssl=1 1020w, https:\/\/i0.wp.com\/www.rr.senac.br\/portalsenac\/wp-content\/uploads\/2023\/04\/Laboratorio-Juventude-Senac-rr-10.jpg?resize=300%2C200&amp;ssl=1 300w, https:\/\/i0.wp.com\/www.rr.senac.br\/portalsenac\/wp-content\/uploads\/2023\/04\/Laboratorio-Juventude-Senac-rr-10.jpg?resize=768%2C512&amp;ssl=1 768w\" sizes=\"(max-width: 750px) 100vw, 750px\" \/><figcaption class=\"wp-element-caption\"><em>Foto: Senac Roraima<\/em><\/figcaption><\/figure>\n\n\n\n<p>\u201cToda a a\u00e7\u00e3o foi planejada e executada por eles, e hoje eles est\u00e3o aqui para vivenciar a realidade dos idosos no nosso pa\u00eds, mais especificamente em Roraima. Ao longo deste processo refletimos sobre muitos aspectos da vida at\u00e9 chegar hoje aqui, e eu estou muito feliz, pois os alunos est\u00e3o muito integrados ao projeto\u201d, explicou.<\/p>\n\n\n\n<div style=\"height:20px\" aria-hidden=\"true\" class=\"wp-block-spacer\"><\/div>\n\n\n\n<figure class=\"wp-block-image size-full\"><img data-recalc-dims=\"1\" loading=\"lazy\" decoding=\"async\" width=\"750\" height=\"500\" src=\"https:\/\/i0.wp.com\/www.rr.senac.br\/portalsenac\/wp-content\/uploads\/2023\/04\/Laboratorio-Juventude-Senac-rr-11.jpg?resize=750%2C500&#038;ssl=1\" alt=\"\" class=\"wp-image-4704\" srcset=\"https:\/\/i0.wp.com\/www.rr.senac.br\/portalsenac\/wp-content\/uploads\/2023\/04\/Laboratorio-Juventude-Senac-rr-11.jpg?w=1020&amp;ssl=1 1020w, https:\/\/i0.wp.com\/www.rr.senac.br\/portalsenac\/wp-content\/uploads\/2023\/04\/Laboratorio-Juventude-Senac-rr-11.jpg?resize=300%2C200&amp;ssl=1 300w, https:\/\/i0.wp.com\/www.rr.senac.br\/portalsenac\/wp-content\/uploads\/2023\/04\/Laboratorio-Juventude-Senac-rr-11.jpg?resize=768%2C512&amp;ssl=1 768w\" sizes=\"(max-width: 750px) 100vw, 750px\" \/><figcaption class=\"wp-element-caption\"><em>Foto: Senac Roraima<\/em><\/figcaption><\/figure>\n\n\n\n<p>Milva Monegro, coordenadora da pol\u00edtica estadual da pessoa idosa falou sobre a parceria com o Senac contribuir com as a\u00e7\u00f5es de desenvolvimento social no local. \u201cBuscamos a integra\u00e7\u00e3o e socializa\u00e7\u00e3o, oferecer a oportunidade de conhecimentos, envelhecimento saud\u00e1vel, e uma maneira mais din\u00e2mica\u201d, explicou.<\/p>\n\n\n\n<div style=\"height:20px\" aria-hidden=\"true\" class=\"wp-block-spacer\"><\/div>\n\n\n\n<figure class=\"wp-block-image size-full\"><img data-recalc-dims=\"1\" loading=\"lazy\" decoding=\"async\" width=\"750\" height=\"500\" src=\"https:\/\/i0.wp.com\/www.rr.senac.br\/portalsenac\/wp-content\/uploads\/2023\/04\/Laboratorio-Juventude-Senac-rr-5.jpg?resize=750%2C500&#038;ssl=1\" alt=\"\" class=\"wp-image-4701\" srcset=\"https:\/\/i0.wp.com\/www.rr.senac.br\/portalsenac\/wp-content\/uploads\/2023\/04\/Laboratorio-Juventude-Senac-rr-5.jpg?w=1020&amp;ssl=1 1020w, https:\/\/i0.wp.com\/www.rr.senac.br\/portalsenac\/wp-content\/uploads\/2023\/04\/Laboratorio-Juventude-Senac-rr-5.jpg?resize=300%2C200&amp;ssl=1 300w, https:\/\/i0.wp.com\/www.rr.senac.br\/portalsenac\/wp-content\/uploads\/2023\/04\/Laboratorio-Juventude-Senac-rr-5.jpg?resize=768%2C512&amp;ssl=1 768w\" sizes=\"(max-width: 750px) 100vw, 750px\" \/><figcaption class=\"wp-element-caption\"><em>Foto: Senac Roraima<\/em><\/figcaption><\/figure>\n\n\n\n<p>As alunas Emanuelle Ponciano e Alice Modesto contaram as experi\u00eancias em desenvolver projetos sociais voltados aos idosos. \u201cFoi muito interessante porque desde o in\u00edcio j\u00e1 pensamos no p\u00fablico da terceira idade, pois acreditamos ser um p\u00fablico que pouco recebe visibilidade e projetos legais como esse. Quando chegamos aqui foi lindo, \u00e9 um lugar aconchegante e nos sentimos muito acolhidos ao chegar aqui, e eles s\u00e3o muito animados e nos contagiaram\u201d, afirmou Emanuelle. Alice Modesto afirmou que a visita \u2018superou todas as expectativas\u2019.<\/p>\n\n\n\n<div style=\"height:25px\" aria-hidden=\"true\" class=\"wp-block-spacer\"><\/div>\n\n\n\n<p><strong>Centro Educacional Infantil Volunt\u00e1rio Pr\u00edncipe Encantado<\/strong><\/p>\n\n\n\n<div style=\"height:20px\" aria-hidden=\"true\" class=\"wp-block-spacer\"><\/div>\n\n\n\n<figure class=\"wp-block-image size-full\"><img data-recalc-dims=\"1\" loading=\"lazy\" decoding=\"async\" width=\"750\" height=\"500\" src=\"https:\/\/i0.wp.com\/www.rr.senac.br\/portalsenac\/wp-content\/uploads\/2023\/04\/Laboratorio-Juventude-Senac-rr-3.jpg?resize=750%2C500&#038;ssl=1\" alt=\"\" class=\"wp-image-4699\" srcset=\"https:\/\/i0.wp.com\/www.rr.senac.br\/portalsenac\/wp-content\/uploads\/2023\/04\/Laboratorio-Juventude-Senac-rr-3.jpg?w=1020&amp;ssl=1 1020w, https:\/\/i0.wp.com\/www.rr.senac.br\/portalsenac\/wp-content\/uploads\/2023\/04\/Laboratorio-Juventude-Senac-rr-3.jpg?resize=300%2C200&amp;ssl=1 300w, https:\/\/i0.wp.com\/www.rr.senac.br\/portalsenac\/wp-content\/uploads\/2023\/04\/Laboratorio-Juventude-Senac-rr-3.jpg?resize=768%2C512&amp;ssl=1 768w\" sizes=\"(max-width: 750px) 100vw, 750px\" \/><figcaption class=\"wp-element-caption\"><em>Foto: Senac Roraima<\/em><\/figcaption><\/figure>\n\n\n\n<p>Conforme a instrutora Naira Pereira, a escolha do local foi uma sugest\u00e3o para que os alunos conhecessem o trabalho da institui\u00e7\u00e3o que trabalha com crian\u00e7as vulner\u00e1veis e que n\u00e3o recebe ajuda de organiza\u00e7\u00f5es governamentais. \u201cEsse local recebe doa\u00e7\u00f5es para executar o trabalho com as crian\u00e7as e com alguns adultos, e exerce um papel essencial para a comunidade. Como funciona em uma ch\u00e1cara proporciona conforto a todos\u201d, explicou.<\/p>\n\n\n\n<div style=\"height:20px\" aria-hidden=\"true\" class=\"wp-block-spacer\"><\/div>\n\n\n\n<p>A instrutora afirmou que os alunos trouxeram materiais did\u00e1ticos e de uso di\u00e1rio para a creche, para que os trabalhos possam ser desenvolvidos com as crian\u00e7as, e com adultos em auxilio de cursinho preparat\u00f3rio para concursos. \u201cO objetivo da institui\u00e7\u00e3o \u00e9 muito maior do que a hist\u00f3ria que contei aos alunos, e eles puderam vivenciar isso\u201d, finalizou.<\/p>\n\n\n\n<div style=\"height:20px\" aria-hidden=\"true\" class=\"wp-block-spacer\"><\/div>\n\n\n\n<figure class=\"wp-block-image size-full\"><img data-recalc-dims=\"1\" loading=\"lazy\" decoding=\"async\" width=\"750\" height=\"500\" src=\"https:\/\/i0.wp.com\/www.rr.senac.br\/portalsenac\/wp-content\/uploads\/2023\/04\/Laboratorio-Juventude-Senac-rr-2.jpg?resize=750%2C500&#038;ssl=1\" alt=\"\" class=\"wp-image-4698\" srcset=\"https:\/\/i0.wp.com\/www.rr.senac.br\/portalsenac\/wp-content\/uploads\/2023\/04\/Laboratorio-Juventude-Senac-rr-2.jpg?w=1020&amp;ssl=1 1020w, https:\/\/i0.wp.com\/www.rr.senac.br\/portalsenac\/wp-content\/uploads\/2023\/04\/Laboratorio-Juventude-Senac-rr-2.jpg?resize=300%2C200&amp;ssl=1 300w, https:\/\/i0.wp.com\/www.rr.senac.br\/portalsenac\/wp-content\/uploads\/2023\/04\/Laboratorio-Juventude-Senac-rr-2.jpg?resize=768%2C512&amp;ssl=1 768w\" sizes=\"(max-width: 750px) 100vw, 750px\" \/><figcaption class=\"wp-element-caption\"><em>Foto: Senac Roraima<\/em><\/figcaption><\/figure>\n\n\n\n<p>Leonardo Ca\u00edque \u00e9 um dos alunos que participou do evento. \u201cFoi maravilhoso porque \u00e9 um projeto que desenvolvemos durante um tempo, e ver na pr\u00e1tica \u00e9 incr\u00edvel, muito bom ter esse contato com as crian\u00e7as\u201d.<\/p>\n\n\n\n<div style=\"height:20px\" aria-hidden=\"true\" class=\"wp-block-spacer\"><\/div>\n\n\n\n<p>Os alunos do Senac entregaram 12 fardos de papel higi\u00eanico, pacotes de fraldas, copos para medica\u00e7\u00f5es, e materiais did\u00e1ticos, como l\u00e1pis de cor, giz, massinha de modelar, e outros, que foram entregues \u00e0s institui\u00e7\u00f5es por meio do projeto Laborat\u00f3rio Juventude.<\/p>\n\n\n\n<div style=\"height:20px\" aria-hidden=\"true\" class=\"wp-block-spacer\"><\/div>\n\n\n\n<p>Giovanna Lima \u2013 analista t\u00e9cnica <\/p>\n\n\n\n<p>Comunica\u00e7\u00e3o Senac Roraima<\/p>\n","protected":false},"excerpt":{"rendered":"<p>Laborat\u00f3rio Juventude \u00e9 um componente curricular do curso Na \u00faltima sexta-feira (14) o Servi\u00e7o Nacional de Aprendizagem Comercial (Senac-RR) promoveu duas a\u00e7\u00f5es sociais do Laborat\u00f3rio Juventude pelo programa de Aprendizagem Comercial. O evento foi realizado em parceria com o Governo do Estado de Roraima, o&hellip; <a class=\"more-link\" href=\"https:\/\/www.rr.senac.br\/portalsenac\/senac-promove-acoes-sociais-com-jovens-aprendizes-em-roraima\/\">Continuar lendo <span class=\"screen-reader-text\">Senac promove a\u00e7\u00f5es sociais com jovens aprendizes em Roraima<\/span><\/a><\/p>\n","protected":false},"author":2,"featured_media":4700,"comment_status":"closed","ping_status":"open","sticky":false,"template":"","format":"standard","meta":{"_jetpack_memberships_contains_paid_content":false,"_joinchat":[],"footnotes":""},"categories":[12],"tags":[],"class_list":["post-4697","post","type-post","status-publish","format-standard","has-post-thumbnail","hentry","category-ultimas-noticias","entry"],"jetpack_featured_media_url":"https:\/\/i0.wp.com\/www.rr.senac.br\/portalsenac\/wp-content\/uploads\/2023\/04\/Laboratorio-Juventude-Senac-rr-4.jpg?fit=1020%2C680&ssl=1","jetpack_sharing_enabled":true,"_links":{"self":[{"href":"https:\/\/www.rr.senac.br\/portalsenac\/wp-json\/wp\/v2\/posts\/4697","targetHints":{"allow":["GET"]}}],"collection":[{"href":"https:\/\/www.rr.senac.br\/portalsenac\/wp-json\/wp\/v2\/posts"}],"about":[{"href":"https:\/\/www.rr.senac.br\/portalsenac\/wp-json\/wp\/v2\/types\/post"}],"author":[{"embeddable":true,"href":"https:\/\/www.rr.senac.br\/portalsenac\/wp-json\/wp\/v2\/users\/2"}],"replies":[{"embeddable":true,"href":"https:\/\/www.rr.senac.br\/portalsenac\/wp-json\/wp\/v2\/comments?post=4697"}],"version-history":[{"count":0,"href":"https:\/\/www.rr.senac.br\/portalsenac\/wp-json\/wp\/v2\/posts\/4697\/revisions"}],"wp:featuredmedia":[{"embeddable":true,"href":"https:\/\/www.rr.senac.br\/portalsenac\/wp-json\/wp\/v2\/media\/4700"}],"wp:attachment":[{"href":"https:\/\/www.rr.senac.br\/portalsenac\/wp-json\/wp\/v2\/media?parent=4697"}],"wp:term":[{"taxonomy":"category","embeddable":true,"href":"https:\/\/www.rr.senac.br\/portalsenac\/wp-json\/wp\/v2\/categories?post=4697"},{"taxonomy":"post_tag","embeddable":true,"href":"https:\/\/www.rr.senac.br\/portalsenac\/wp-json\/wp\/v2\/tags?post=4697"}],"curies":[{"name":"wp","href":"https:\/\/api.w.org\/{rel}","templated":true}]}}