{"id":4708,"date":"2023-04-24T10:06:34","date_gmt":"2023-04-24T13:06:34","guid":{"rendered":"https:\/\/www.rr.senac.br\/portalsenac\/?p=4708"},"modified":"2023-06-22T16:20:46","modified_gmt":"2023-06-22T19:20:46","slug":"senac-lanca-setimo-edital-de-cursos-gratuitos-em-roraima","status":"publish","type":"post","link":"https:\/\/www.rr.senac.br\/portalsenac\/senac-lanca-setimo-edital-de-cursos-gratuitos-em-roraima\/","title":{"rendered":"Senac lan\u00e7a s\u00e9timo edital de cursos gratuitos em Roraima"},"content":{"rendered":"\n<h5 class=\"wp-block-heading\"><em>320 vagas que contemplam munic\u00edpios do interior<\/em><\/h5>\n\n\n\n<div style=\"height:25px\" aria-hidden=\"true\" class=\"wp-block-spacer\"><\/div>\n\n\n\n<figure class=\"wp-block-image size-full\"><img data-recalc-dims=\"1\" fetchpriority=\"high\" decoding=\"async\" width=\"750\" height=\"500\" src=\"https:\/\/i0.wp.com\/www.rr.senac.br\/portalsenac\/wp-content\/uploads\/2023\/04\/PSG-SENACRR-3.jpg?resize=750%2C500&#038;ssl=1\" alt=\"\" class=\"wp-image-4709\" srcset=\"https:\/\/i0.wp.com\/www.rr.senac.br\/portalsenac\/wp-content\/uploads\/2023\/04\/PSG-SENACRR-3.jpg?w=1020&amp;ssl=1 1020w, https:\/\/i0.wp.com\/www.rr.senac.br\/portalsenac\/wp-content\/uploads\/2023\/04\/PSG-SENACRR-3.jpg?resize=300%2C200&amp;ssl=1 300w, https:\/\/i0.wp.com\/www.rr.senac.br\/portalsenac\/wp-content\/uploads\/2023\/04\/PSG-SENACRR-3.jpg?resize=768%2C512&amp;ssl=1 768w\" sizes=\"(max-width: 750px) 100vw, 750px\" \/><figcaption class=\"wp-element-caption\"><em>Foto: divulga\u00e7\u00e3o<\/em><\/figcaption><\/figure>\n\n\n\n<p>O Servi\u00e7o Nacional de Aprendizagem Comercial (Senac-RR) lan\u00e7ou o s\u00e9timo edital do Programa Senac de Gratuidade (PSG), com 320 vagas que contemplam os munic\u00edpios de Iracema, Rorain\u00f3polis, S\u00e3o Luiz e Rorain\u00f3polis. Inscri\u00e7\u00f5es iniciam de forma presencial nesta segunda-feira (24) nas Unidades Educacionais de Campo de cada munic\u00edpio.<\/p>\n\n\n\n<div style=\"height:20px\" aria-hidden=\"true\" class=\"wp-block-spacer\"><\/div>\n\n\n\n<p>Neste edital a institui\u00e7\u00e3o oferece cursos dos segmentos de tecnologia, gest\u00e3o e com\u00e9rcio, com carga hor\u00e1ria m\u00ednima de 60h. Os pr\u00e9-requisitos variam conforme cada segmento, e <a href=\"https:\/\/app.rr.senac.br\/send3\/site\/psg\">podem ser consultados diretamente no edital<\/a>, dispon\u00edvel no site do Senac RR. Dentre os t\u00edtulos dispon\u00edveis est\u00e3o: inform\u00e1tica b\u00e1sica e avan\u00e7ada, operador de caixa, e assistente de pessoal.<\/p>\n\n\n\n<div style=\"height:20px\" aria-hidden=\"true\" class=\"wp-block-spacer\"><\/div>\n\n\n\n<p>Para participar os interessados devem comparecer \u00e0 Central de Atendimento das unidades do Senac no interior do estado, em hor\u00e1rio vespertino e noturno, com a documenta\u00e7\u00e3o solicitada para cada curso, com xerox e originais. Mais informa\u00e7\u00f5es podem ser consultadas <a href=\"https:\/\/app.rr.senac.br\/send3\/site\/psg\">no edital<\/a>, ou diretamente entrando em contato com a institui\u00e7\u00e3o: 3626-8434, ou via WhatsApp: 98420-9992.<\/p>\n\n\n\n<div style=\"height:20px\" aria-hidden=\"true\" class=\"wp-block-spacer\"><\/div>\n\n\n\n<p><strong>Locais para inscri\u00e7\u00f5es:<\/strong><\/p>\n\n\n\n<p>Unidade educacional de campo Manoel Pedro Leandro \u2013 <strong>Iracema<\/strong><\/p>\n\n\n\n<div style=\"height:9px\" aria-hidden=\"true\" class=\"wp-block-spacer\"><\/div>\n\n\n\n<p>Endere\u00e7o:\u00a0 Rua Princesa Isabel, S\/N<\/p>\n\n\n\n<div style=\"height:9px\" aria-hidden=\"true\" class=\"wp-block-spacer\"><\/div>\n\n\n\n<p><strong>Hor\u00e1rio: <\/strong>13h \u00e0s 17h e 18h \u00e0s 22h<\/p>\n\n\n\n<div style=\"height:20px\" aria-hidden=\"true\" class=\"wp-block-spacer\"><\/div>\n\n\n\n<p>Unidade educacional de campo Francisco Carvalho Duarte \u2013 <strong>Rorain\u00f3polis<\/strong><\/p>\n\n\n\n<div style=\"height:9px\" aria-hidden=\"true\" class=\"wp-block-spacer\"><\/div>\n\n\n\n<p><strong>Endere\u00e7o: <\/strong>Rua Ayrton Senna, S\/N<\/p>\n\n\n\n<div style=\"height:9px\" aria-hidden=\"true\" class=\"wp-block-spacer\"><\/div>\n\n\n\n<p><strong>Hor\u00e1rio: <\/strong>13h \u00e0s 17h e 18h \u00e0s 22h;<\/p>\n\n\n\n<div style=\"height:20px\" aria-hidden=\"true\" class=\"wp-block-spacer\"><\/div>\n\n\n\n<p>Unidade educacional de campo Jos\u00e9 Serafim Muniz \u2013 <strong>S\u00e3o Jo\u00e3o da Baliza<\/strong><\/p>\n\n\n\n<div style=\"height:9px\" aria-hidden=\"true\" class=\"wp-block-spacer\"><\/div>\n\n\n\n<p><strong>Endere\u00e7o: <\/strong>AV. S\u00e3o Cristov\u00e3o. S\/N \u2013 Jardim Floresta<\/p>\n\n\n\n<div style=\"height:9px\" aria-hidden=\"true\" class=\"wp-block-spacer\"><\/div>\n\n\n\n<p><strong>Hor\u00e1rio: <\/strong>13h \u00e0s 17h e 18h \u00e0s 22h;<\/p>\n\n\n\n<div style=\"height:20px\" aria-hidden=\"true\" class=\"wp-block-spacer\"><\/div>\n\n\n\n<p>Unidade Educacional de Campo Norm\u00e9lia Mafra \u2013 <strong>S\u00e3o Luiz<\/strong><\/p>\n\n\n\n<div style=\"height:9px\" aria-hidden=\"true\" class=\"wp-block-spacer\"><\/div>\n\n\n\n<p><strong>Endere\u00e7o:<\/strong> Av. Boa Vista 21 S\/N, Centro<\/p>\n\n\n\n<div style=\"height:9px\" aria-hidden=\"true\" class=\"wp-block-spacer\"><\/div>\n\n\n\n<p><strong>Hor\u00e1rio:<\/strong> 13h30 \u00e0s 17h30 e 18h \u00e0s 22h.<\/p>\n\n\n\n<div style=\"height:20px\" aria-hidden=\"true\" class=\"wp-block-spacer\"><\/div>\n\n\n\n<p>Giovanna Lima \u2013 analista t\u00e9cnica<\/p>\n\n\n\n<p>Comunica\u00e7\u00e3o Senac Roraima<\/p>\n","protected":false},"excerpt":{"rendered":"<p>320 vagas que contemplam munic\u00edpios do interior O Servi\u00e7o Nacional de Aprendizagem Comercial (Senac-RR) lan\u00e7ou o s\u00e9timo edital do Programa Senac de Gratuidade (PSG), com 320 vagas que contemplam os munic\u00edpios de Iracema, Rorain\u00f3polis, S\u00e3o Luiz e Rorain\u00f3polis. Inscri\u00e7\u00f5es iniciam de forma presencial nesta segunda-feira&hellip; <a class=\"more-link\" href=\"https:\/\/www.rr.senac.br\/portalsenac\/senac-lanca-setimo-edital-de-cursos-gratuitos-em-roraima\/\">Continuar lendo <span class=\"screen-reader-text\">Senac lan\u00e7a s\u00e9timo edital de cursos gratuitos em Roraima<\/span><\/a><\/p>\n","protected":false},"author":2,"featured_media":4709,"comment_status":"closed","ping_status":"open","sticky":false,"template":"","format":"standard","meta":{"_jetpack_memberships_contains_paid_content":false,"_joinchat":[],"footnotes":""},"categories":[12],"tags":[],"class_list":["post-4708","post","type-post","status-publish","format-standard","has-post-thumbnail","hentry","category-ultimas-noticias","entry"],"jetpack_featured_media_url":"https:\/\/i0.wp.com\/www.rr.senac.br\/portalsenac\/wp-content\/uploads\/2023\/04\/PSG-SENACRR-3.jpg?fit=1020%2C680&ssl=1","jetpack_sharing_enabled":true,"_links":{"self":[{"href":"https:\/\/www.rr.senac.br\/portalsenac\/wp-json\/wp\/v2\/posts\/4708","targetHints":{"allow":["GET"]}}],"collection":[{"href":"https:\/\/www.rr.senac.br\/portalsenac\/wp-json\/wp\/v2\/posts"}],"about":[{"href":"https:\/\/www.rr.senac.br\/portalsenac\/wp-json\/wp\/v2\/types\/post"}],"author":[{"embeddable":true,"href":"https:\/\/www.rr.senac.br\/portalsenac\/wp-json\/wp\/v2\/users\/2"}],"replies":[{"embeddable":true,"href":"https:\/\/www.rr.senac.br\/portalsenac\/wp-json\/wp\/v2\/comments?post=4708"}],"version-history":[{"count":0,"href":"https:\/\/www.rr.senac.br\/portalsenac\/wp-json\/wp\/v2\/posts\/4708\/revisions"}],"wp:featuredmedia":[{"embeddable":true,"href":"https:\/\/www.rr.senac.br\/portalsenac\/wp-json\/wp\/v2\/media\/4709"}],"wp:attachment":[{"href":"https:\/\/www.rr.senac.br\/portalsenac\/wp-json\/wp\/v2\/media?parent=4708"}],"wp:term":[{"taxonomy":"category","embeddable":true,"href":"https:\/\/www.rr.senac.br\/portalsenac\/wp-json\/wp\/v2\/categories?post=4708"},{"taxonomy":"post_tag","embeddable":true,"href":"https:\/\/www.rr.senac.br\/portalsenac\/wp-json\/wp\/v2\/tags?post=4708"}],"curies":[{"name":"wp","href":"https:\/\/api.w.org\/{rel}","templated":true}]}}