{"id":4713,"date":"2023-04-28T19:22:57","date_gmt":"2023-04-28T22:22:57","guid":{"rendered":"https:\/\/www.rr.senac.br\/portalsenac\/?p=4713"},"modified":"2023-06-22T16:20:46","modified_gmt":"2023-06-22T19:20:46","slug":"alunos-do-senac-roraima-fazem-doacao-a-projeto-social","status":"publish","type":"post","link":"https:\/\/www.rr.senac.br\/portalsenac\/alunos-do-senac-roraima-fazem-doacao-a-projeto-social\/","title":{"rendered":"Alunos do Senac Roraima fazem doa\u00e7\u00e3o a projeto social"},"content":{"rendered":"\n<h5 class=\"wp-block-heading\"><em>\u2018Laborat\u00f3rio Juventude\u2019 \u00e9 desenvolvido por alunos da aprendizagem<\/em><\/h5>\n\n\n\n<div style=\"height:25px\" aria-hidden=\"true\" class=\"wp-block-spacer\"><\/div>\n\n\n\n<figure class=\"wp-block-image size-full\"><img data-recalc-dims=\"1\" fetchpriority=\"high\" decoding=\"async\" width=\"750\" height=\"499\" src=\"https:\/\/i0.wp.com\/www.rr.senac.br\/portalsenac\/wp-content\/uploads\/2023\/04\/Laboratorio-juventude-final-2.jpg?resize=750%2C499&#038;ssl=1\" alt=\"\" class=\"wp-image-4715\" srcset=\"https:\/\/i0.wp.com\/www.rr.senac.br\/portalsenac\/wp-content\/uploads\/2023\/04\/Laboratorio-juventude-final-2.jpg?w=1020&amp;ssl=1 1020w, https:\/\/i0.wp.com\/www.rr.senac.br\/portalsenac\/wp-content\/uploads\/2023\/04\/Laboratorio-juventude-final-2.jpg?resize=300%2C200&amp;ssl=1 300w, https:\/\/i0.wp.com\/www.rr.senac.br\/portalsenac\/wp-content\/uploads\/2023\/04\/Laboratorio-juventude-final-2.jpg?resize=768%2C511&amp;ssl=1 768w\" sizes=\"(max-width: 750px) 100vw, 750px\" \/><figcaption class=\"wp-element-caption\"><em>Foto: Senac Roraima<\/em><\/figcaption><\/figure>\n\n\n\n<p>O Servi\u00e7o Nacional de Aprendizagem Comercial (Senac-RR) finalizou na \u00faltima quarta-feira (26), o projeto Laborat\u00f3rio Juventudes com entrega de doa\u00e7\u00f5es ao Sesc Mesa Brasil. A a\u00e7\u00e3o foi organizada pelos alunos da turma de aprendizagem em servi\u00e7os de supermercado.<\/p>\n\n\n\n<div style=\"height:20px\" aria-hidden=\"true\" class=\"wp-block-spacer\"><\/div>\n\n\n\n<p>O projeto tem como objetivo retratar a import\u00e2ncia e contribui\u00e7\u00e3o em a\u00e7\u00f5es sociais e o protagonismo juvenil, e foi executado por diversas equipes do Senac Roraima. A turma de aprendizagem comercial em servi\u00e7os de supermercado arrecadou alimentos e roupas que foram entregues ao projeto social Sesc Mesa Brasil com destino a diversas institui\u00e7\u00f5es, dentre elas: Projeto Florescendo no Deserto e Fazenda da Esperan\u00e7a.<\/p>\n\n\n\n<div style=\"height:20px\" aria-hidden=\"true\" class=\"wp-block-spacer\"><\/div>\n\n\n\n<figure class=\"wp-block-image size-full\"><img data-recalc-dims=\"1\" decoding=\"async\" width=\"750\" height=\"499\" src=\"https:\/\/i0.wp.com\/www.rr.senac.br\/portalsenac\/wp-content\/uploads\/2023\/04\/Laboratorio-juventude-final-1.jpg?resize=750%2C499&#038;ssl=1\" alt=\"\" class=\"wp-image-4714\" srcset=\"https:\/\/i0.wp.com\/www.rr.senac.br\/portalsenac\/wp-content\/uploads\/2023\/04\/Laboratorio-juventude-final-1.jpg?w=1020&amp;ssl=1 1020w, https:\/\/i0.wp.com\/www.rr.senac.br\/portalsenac\/wp-content\/uploads\/2023\/04\/Laboratorio-juventude-final-1.jpg?resize=300%2C200&amp;ssl=1 300w, https:\/\/i0.wp.com\/www.rr.senac.br\/portalsenac\/wp-content\/uploads\/2023\/04\/Laboratorio-juventude-final-1.jpg?resize=768%2C511&amp;ssl=1 768w\" sizes=\"(max-width: 750px) 100vw, 750px\" \/><figcaption class=\"wp-element-caption\"><em>Foto: Senac Roraima<\/em><\/figcaption><\/figure>\n\n\n\n<p>Conforme o instrutor da turma Gilberto Ara\u00fajo, as a\u00e7\u00f5es sociais nos fazem mais \u2018completos\u2019. \u201cAo fazer uma doa\u00e7\u00e3o, seja de tempo, valores ou bens materiais, compartilhamos com o outro o que h\u00e1 de melhor em n\u00f3s\u201d, explicou Gilberto. Ao todo a turma, que possui 56 alunos, arrecadou 81,9kg, e diversas pe\u00e7as de roupas, sapatos, bon\u00e9s, brinquedos e bolsas.<\/p>\n\n\n\n<div style=\"height:20px\" aria-hidden=\"true\" class=\"wp-block-spacer\"><\/div>\n\n\n\n<p>Os alunos arrecadaram ao longo do m\u00eas de abril e contaram com a participa\u00e7\u00e3o ativa da popula\u00e7\u00e3o, que abra\u00e7ou a causa e contribuiu com a a\u00e7\u00e3o. \u201cA idealiza\u00e7\u00e3o do projeto ocorreu dentro de sala de aula, onde foram levantados v\u00e1rios problemas que a nossa sociedade enfrenta, os alunos tiveram ideias como: gin\u00e1stica laboral para idosos, conscientiza\u00e7\u00e3o de doa\u00e7\u00e3o de sangue, descarte correto de lixo em locais p\u00fablicos, entre outros. A ideia surgiu pelos alunos, ao lerem e verem not\u00edcias de fome e vulnerabilidade em nosso estado, como fam\u00edlias carentes, ind\u00edgenas e imigrantes que ficam pedindo dinheiro nos sinais\u201d, finalizou o instrutor.<\/p>\n\n\n\n<div style=\"height:20px\" aria-hidden=\"true\" class=\"wp-block-spacer\"><\/div>\n\n\n\n<p>Giovanna Lima \u2013 analista t\u00e9cnica<\/p>\n\n\n\n<p>Comunica\u00e7\u00e3o Senac Roraima<\/p>\n","protected":false},"excerpt":{"rendered":"<p>\u2018Laborat\u00f3rio Juventude\u2019 \u00e9 desenvolvido por alunos da aprendizagem O Servi\u00e7o Nacional de Aprendizagem Comercial (Senac-RR) finalizou na \u00faltima quarta-feira (26), o projeto Laborat\u00f3rio Juventudes com entrega de doa\u00e7\u00f5es ao Sesc Mesa Brasil. A a\u00e7\u00e3o foi organizada pelos alunos da turma de aprendizagem em servi\u00e7os de&hellip; <a class=\"more-link\" href=\"https:\/\/www.rr.senac.br\/portalsenac\/alunos-do-senac-roraima-fazem-doacao-a-projeto-social\/\">Continuar lendo <span class=\"screen-reader-text\">Alunos do Senac Roraima fazem doa\u00e7\u00e3o a projeto social<\/span><\/a><\/p>\n","protected":false},"author":2,"featured_media":4715,"comment_status":"closed","ping_status":"open","sticky":false,"template":"","format":"standard","meta":{"_jetpack_memberships_contains_paid_content":false,"_joinchat":[],"footnotes":""},"categories":[12],"tags":[],"class_list":["post-4713","post","type-post","status-publish","format-standard","has-post-thumbnail","hentry","category-ultimas-noticias","entry"],"jetpack_featured_media_url":"https:\/\/i0.wp.com\/www.rr.senac.br\/portalsenac\/wp-content\/uploads\/2023\/04\/Laboratorio-juventude-final-2.jpg?fit=1020%2C679&ssl=1","jetpack_sharing_enabled":true,"_links":{"self":[{"href":"https:\/\/www.rr.senac.br\/portalsenac\/wp-json\/wp\/v2\/posts\/4713","targetHints":{"allow":["GET"]}}],"collection":[{"href":"https:\/\/www.rr.senac.br\/portalsenac\/wp-json\/wp\/v2\/posts"}],"about":[{"href":"https:\/\/www.rr.senac.br\/portalsenac\/wp-json\/wp\/v2\/types\/post"}],"author":[{"embeddable":true,"href":"https:\/\/www.rr.senac.br\/portalsenac\/wp-json\/wp\/v2\/users\/2"}],"replies":[{"embeddable":true,"href":"https:\/\/www.rr.senac.br\/portalsenac\/wp-json\/wp\/v2\/comments?post=4713"}],"version-history":[{"count":0,"href":"https:\/\/www.rr.senac.br\/portalsenac\/wp-json\/wp\/v2\/posts\/4713\/revisions"}],"wp:featuredmedia":[{"embeddable":true,"href":"https:\/\/www.rr.senac.br\/portalsenac\/wp-json\/wp\/v2\/media\/4715"}],"wp:attachment":[{"href":"https:\/\/www.rr.senac.br\/portalsenac\/wp-json\/wp\/v2\/media?parent=4713"}],"wp:term":[{"taxonomy":"category","embeddable":true,"href":"https:\/\/www.rr.senac.br\/portalsenac\/wp-json\/wp\/v2\/categories?post=4713"},{"taxonomy":"post_tag","embeddable":true,"href":"https:\/\/www.rr.senac.br\/portalsenac\/wp-json\/wp\/v2\/tags?post=4713"}],"curies":[{"name":"wp","href":"https:\/\/api.w.org\/{rel}","templated":true}]}}