{"id":4738,"date":"2023-05-05T18:56:19","date_gmt":"2023-05-05T21:56:19","guid":{"rendered":"https:\/\/www.rr.senac.br\/portalsenac\/?p=4738"},"modified":"2023-06-22T16:20:46","modified_gmt":"2023-06-22T19:20:46","slug":"senac-roraima-oferta-8-edital-de-cursos-gratuitos-para-boa-vista","status":"publish","type":"post","link":"https:\/\/www.rr.senac.br\/portalsenac\/senac-roraima-oferta-8-edital-de-cursos-gratuitos-para-boa-vista\/","title":{"rendered":"Senac Roraima oferta 8\u00b0 edital de cursos gratuitos para Boa Vista"},"content":{"rendered":"\n<h5 class=\"wp-block-heading\"><em>S\u00e3o 388 vagas, inscri\u00e7\u00f5es iniciam nesta segunda-feira<\/em><\/h5>\n\n\n<div class=\"wp-block-image\">\n<figure class=\"aligncenter size-full\"><img data-recalc-dims=\"1\" fetchpriority=\"high\" decoding=\"async\" width=\"750\" height=\"500\" src=\"https:\/\/i0.wp.com\/www.rr.senac.br\/portalsenac\/wp-content\/uploads\/2023\/05\/PSG-RR-8-1.jpg?resize=750%2C500&#038;ssl=1\" alt=\"\" class=\"wp-image-4739\" srcset=\"https:\/\/i0.wp.com\/www.rr.senac.br\/portalsenac\/wp-content\/uploads\/2023\/05\/PSG-RR-8-1.jpg?w=1020&amp;ssl=1 1020w, https:\/\/i0.wp.com\/www.rr.senac.br\/portalsenac\/wp-content\/uploads\/2023\/05\/PSG-RR-8-1.jpg?resize=300%2C200&amp;ssl=1 300w, https:\/\/i0.wp.com\/www.rr.senac.br\/portalsenac\/wp-content\/uploads\/2023\/05\/PSG-RR-8-1.jpg?resize=768%2C512&amp;ssl=1 768w\" sizes=\"(max-width: 750px) 100vw, 750px\" \/><figcaption class=\"wp-element-caption\"><em>Foto: divulga\u00e7\u00e3o<\/em><\/figcaption><\/figure>\n<\/div>\n\n\n<p>O Servi\u00e7o Nacional de Aprendizagem Comercial (Senac-RR) lan\u00e7ou nesta sexta-feira (05), o oitavo edital do Programa Senac de Gratuidade (PSG) com 388 vagas dispon\u00edveis para a capital, Boa Vista. As inscri\u00e7\u00f5es iniciam nesta segunda-feira (08), a partir das 08h30.<\/p>\n\n\n\n<div style=\"height:20px\" aria-hidden=\"true\" class=\"wp-block-spacer\"><\/div>\n\n\n\n<p>O edital contempla cursos em Boa Vista com cargas hor\u00e1rias entre 20h e 200h, das \u00e1reas de turismo, gastronomia, com\u00e9rcio, gest\u00e3o e outras, com idade m\u00ednima de 15 anos para alguns cursos. Os pr\u00e9-requisitos espec\u00edficos podem ser <a href=\"https:\/\/app.rr.senac.br\/send3\/site\/psg\">consultados diretamente no edital<\/a>, bem como as informa\u00e7\u00f5es de datas, hor\u00e1rios e locais para as aulas.<\/p>\n\n\n\n<div style=\"height:20px\" aria-hidden=\"true\" class=\"wp-block-spacer\"><\/div>\n\n\n\n<p>Para participar os interessados devem ler atentamente o edital, e acessar o site para inscri\u00e7\u00e3o on-line a partir das 08h30 do dia 08 de maio. Ap\u00f3s a inscri\u00e7\u00e3o virtual, devem seguir o cronograma de entrega de documenta\u00e7\u00e3o presencial para confirma\u00e7\u00e3o de matr\u00edculas. Os candidatos que n\u00e3o entregarem a documenta\u00e7\u00e3o completa s\u00e3o desclassificados do processo.<\/p>\n\n\n\n<div style=\"height:20px\" aria-hidden=\"true\" class=\"wp-block-spacer\"><\/div>\n\n\n\n<p>Conforme a coordenadora do segmento de com\u00e9rcio e gest\u00e3o, Viviane Morais, esta \u00e9 uma \u2018oportunidade imperd\u00edvel\u2019. \u201cO Senac oferta essas capacita\u00e7\u00f5es, e \u00e9 uma oportunidade imperd\u00edvel para se capacitar, e ingressar no mercado de trabalho, com essa dedica\u00e7\u00e3o e qualidade que ofertamos\u201d, explicou.<\/p>\n\n\n\n<div style=\"height:20px\" aria-hidden=\"true\" class=\"wp-block-spacer\"><\/div>\n\n\n\n<p>Os candidatos que possu\u00edrem d\u00favidas podem sanar no <a href=\"https:\/\/www.rr.senac.br\/portalsenac\/\">site da institui\u00e7\u00e3o<\/a>, ou diretamente com a Central de Atendimento: 3626-8434 ou 98420-9992 (apenas WhatsApp).<\/p>\n\n\n\n<div style=\"height:20px\" aria-hidden=\"true\" class=\"wp-block-spacer\"><\/div>\n\n\n\n<p>Giovanna Lima \u2013 analista t\u00e9cnica<\/p>\n\n\n\n<p>Comunica\u00e7\u00e3o Senac RR<\/p>\n","protected":false},"excerpt":{"rendered":"<p>S\u00e3o 388 vagas, inscri\u00e7\u00f5es iniciam nesta segunda-feira O Servi\u00e7o Nacional de Aprendizagem Comercial (Senac-RR) lan\u00e7ou nesta sexta-feira (05), o oitavo edital do Programa Senac de Gratuidade (PSG) com 388 vagas dispon\u00edveis para a capital, Boa Vista. As inscri\u00e7\u00f5es iniciam nesta segunda-feira (08), a partir das&hellip; <a class=\"more-link\" href=\"https:\/\/www.rr.senac.br\/portalsenac\/senac-roraima-oferta-8-edital-de-cursos-gratuitos-para-boa-vista\/\">Continuar lendo <span class=\"screen-reader-text\">Senac Roraima oferta 8\u00b0 edital de cursos gratuitos para Boa Vista<\/span><\/a><\/p>\n","protected":false},"author":2,"featured_media":4739,"comment_status":"closed","ping_status":"open","sticky":false,"template":"","format":"standard","meta":{"_jetpack_memberships_contains_paid_content":false,"_joinchat":[],"footnotes":""},"categories":[12],"tags":[],"class_list":["post-4738","post","type-post","status-publish","format-standard","has-post-thumbnail","hentry","category-ultimas-noticias","entry"],"jetpack_featured_media_url":"https:\/\/i0.wp.com\/www.rr.senac.br\/portalsenac\/wp-content\/uploads\/2023\/05\/PSG-RR-8-1.jpg?fit=1020%2C680&ssl=1","jetpack_sharing_enabled":true,"_links":{"self":[{"href":"https:\/\/www.rr.senac.br\/portalsenac\/wp-json\/wp\/v2\/posts\/4738","targetHints":{"allow":["GET"]}}],"collection":[{"href":"https:\/\/www.rr.senac.br\/portalsenac\/wp-json\/wp\/v2\/posts"}],"about":[{"href":"https:\/\/www.rr.senac.br\/portalsenac\/wp-json\/wp\/v2\/types\/post"}],"author":[{"embeddable":true,"href":"https:\/\/www.rr.senac.br\/portalsenac\/wp-json\/wp\/v2\/users\/2"}],"replies":[{"embeddable":true,"href":"https:\/\/www.rr.senac.br\/portalsenac\/wp-json\/wp\/v2\/comments?post=4738"}],"version-history":[{"count":0,"href":"https:\/\/www.rr.senac.br\/portalsenac\/wp-json\/wp\/v2\/posts\/4738\/revisions"}],"wp:featuredmedia":[{"embeddable":true,"href":"https:\/\/www.rr.senac.br\/portalsenac\/wp-json\/wp\/v2\/media\/4739"}],"wp:attachment":[{"href":"https:\/\/www.rr.senac.br\/portalsenac\/wp-json\/wp\/v2\/media?parent=4738"}],"wp:term":[{"taxonomy":"category","embeddable":true,"href":"https:\/\/www.rr.senac.br\/portalsenac\/wp-json\/wp\/v2\/categories?post=4738"},{"taxonomy":"post_tag","embeddable":true,"href":"https:\/\/www.rr.senac.br\/portalsenac\/wp-json\/wp\/v2\/tags?post=4738"}],"curies":[{"name":"wp","href":"https:\/\/api.w.org\/{rel}","templated":true}]}}