{"id":4765,"date":"2023-05-12T11:25:47","date_gmt":"2023-05-12T14:25:47","guid":{"rendered":"https:\/\/www.rr.senac.br\/portalsenac\/?p=4765"},"modified":"2023-06-22T16:20:46","modified_gmt":"2023-06-22T19:20:46","slug":"senac-roraima-oferta-programacao-de-saude-com-palestras-aberta-ao-publico","status":"publish","type":"post","link":"https:\/\/www.rr.senac.br\/portalsenac\/senac-roraima-oferta-programacao-de-saude-com-palestras-aberta-ao-publico\/","title":{"rendered":"Senac Roraima oferta programa\u00e7\u00e3o de sa\u00fade com palestras abertas ao p\u00fablico"},"content":{"rendered":"\n<h5 class=\"wp-block-heading\"><em>Semana Senac de Sa\u00fade acontece nos pr\u00f3ximos dias 25 e 26 de maio<\/em><\/h5>\n\n\n\n<div style=\"height:30px\" aria-hidden=\"true\" class=\"wp-block-spacer\"><\/div>\n\n\n<div class=\"wp-block-image\">\n<figure class=\"aligncenter size-full\"><img data-recalc-dims=\"1\" fetchpriority=\"high\" decoding=\"async\" width=\"750\" height=\"500\" src=\"https:\/\/i0.wp.com\/www.rr.senac.br\/portalsenac\/wp-content\/uploads\/2023\/05\/Semana-Senac-de-Saude-1.jpg?resize=750%2C500&#038;ssl=1\" alt=\"\" class=\"wp-image-4766\" srcset=\"https:\/\/i0.wp.com\/www.rr.senac.br\/portalsenac\/wp-content\/uploads\/2023\/05\/Semana-Senac-de-Saude-1.jpg?w=980&amp;ssl=1 980w, https:\/\/i0.wp.com\/www.rr.senac.br\/portalsenac\/wp-content\/uploads\/2023\/05\/Semana-Senac-de-Saude-1.jpg?resize=300%2C200&amp;ssl=1 300w, https:\/\/i0.wp.com\/www.rr.senac.br\/portalsenac\/wp-content\/uploads\/2023\/05\/Semana-Senac-de-Saude-1.jpg?resize=768%2C512&amp;ssl=1 768w\" sizes=\"(max-width: 750px) 100vw, 750px\" \/><figcaption class=\"wp-element-caption\"><em>Foto: Divulga\u00e7\u00e3o<\/em><\/figcaption><\/figure>\n<\/div>\n\n\n<p>O Servi\u00e7o Nacional de Aprendizagem Comercial (Senac-RR) oferta nos pr\u00f3ximos dias 25 e 26 de maio, a V Semana Senac de Sa\u00fade com programa\u00e7\u00e3o de palestras, mesa redonda e exposi\u00e7\u00f5es abertas ao p\u00fablico e ingresso social de 01kg de alimento n\u00e3o perec\u00edvel, no dia do evento, realizado na Sede Administrativa Sesc e Senac.<\/p>\n\n\n\n<div style=\"height:20px\" aria-hidden=\"true\" class=\"wp-block-spacer\"><\/div>\n\n\n\n<p>O projeto visa abordar diferentes e importantes temas da atualidade no ramo da sa\u00fade, como sa\u00fade mental, arboviroses, sa\u00fade bucal, entre outros. Conforme o coordenador de sa\u00fade do Senac Roraima, Axi Reed esta \u00e9 uma grande oportunidade \u00e0 popula\u00e7\u00e3o. \u201c\u00c9 essencial sempre se atualizar e entender sobre a nossa sa\u00fade, e o Senac possibilita essas capacita\u00e7\u00f5es com grandes palestrantes, para que haja essa troca de conhecimentos de maneira acess\u00edvel ao p\u00fablico, ainda contribuindo com o projeto social Sesc Mesa Brasil\u201d, explicou.<\/p>\n\n\n\n<div style=\"height:20px\" aria-hidden=\"true\" class=\"wp-block-spacer\"><\/div>\n\n\n\n<p>A programa\u00e7\u00e3o acontece nos tr\u00eas turnos (matutino, vespertino e noturno) com diferentes temas e palestras, e garante certificado de participa\u00e7\u00e3o aos que comparecerem no evento. O projeto \u00e9 tamb\u00e9m uma iniciativa da Comiss\u00e3o Interna De Preven\u00e7\u00e3o De Acidentes E Ass\u00e9dio (CIPA), e tem como objetivo atuar diretamente na realiza\u00e7\u00e3o de a\u00e7\u00f5es educativas e de conscientiza\u00e7\u00e3o, buscando sensibilizar colaboradores e alunos quanto \u00e0 import\u00e2ncia da sa\u00fade f\u00edsica e mental, al\u00e9m da seguran\u00e7a e bem-estar dentro e fora do ambiente de trabalho.<\/p>\n\n\n\n<div style=\"height:20px\" aria-hidden=\"true\" class=\"wp-block-spacer\"><\/div>\n\n\n\n<p>Conforme K\u00e1tia Menezes, presidente da CIPA \u00e9 essencial a integra\u00e7\u00e3o com alunos e corpo docente. \u201cEm 2023 mais do que realizar a\u00e7\u00f5es voltadas ao corpo funcional do Senac, a Comiss\u00e3o est\u00e1 de m\u00e3os dadas com toda equipe educacional e alunos do Senac, como forma de abranger o maior n\u00famero poss\u00edvel de pessoas e levar sa\u00fade e qualidade de vida a todos\u201d, explicou.<\/p>\n\n\n\n<div style=\"height:20px\" aria-hidden=\"true\" class=\"wp-block-spacer\"><\/div>\n\n\n\n<p>Mais informa\u00e7\u00f5es podem ser consultadas diretamente nas redes sociais da institui\u00e7\u00e3o ou com a Central de Atendimento: 98420-9992 (apenas WhatsApp), ou 3224-1988.<\/p>\n\n\n\n<div style=\"height:30px\" aria-hidden=\"true\" class=\"wp-block-spacer\"><\/div>\n\n\n\n<figure class=\"wp-block-image size-full\"><img data-recalc-dims=\"1\" decoding=\"async\" width=\"750\" height=\"500\" src=\"https:\/\/i0.wp.com\/www.rr.senac.br\/portalsenac\/wp-content\/uploads\/2023\/05\/Semana-Senac-de-Saude-2.jpg?resize=750%2C500&#038;ssl=1\" alt=\"\" class=\"wp-image-4767\" srcset=\"https:\/\/i0.wp.com\/www.rr.senac.br\/portalsenac\/wp-content\/uploads\/2023\/05\/Semana-Senac-de-Saude-2.jpg?w=980&amp;ssl=1 980w, https:\/\/i0.wp.com\/www.rr.senac.br\/portalsenac\/wp-content\/uploads\/2023\/05\/Semana-Senac-de-Saude-2.jpg?resize=300%2C200&amp;ssl=1 300w, https:\/\/i0.wp.com\/www.rr.senac.br\/portalsenac\/wp-content\/uploads\/2023\/05\/Semana-Senac-de-Saude-2.jpg?resize=768%2C512&amp;ssl=1 768w\" sizes=\"(max-width: 750px) 100vw, 750px\" \/><figcaption class=\"wp-element-caption\"><em>Foto: divulga\u00e7\u00e3o<\/em><\/figcaption><\/figure>\n\n\n\n<p><strong>Confira a programa\u00e7\u00e3o completa:<\/strong><\/p>\n\n\n\n<p><strong>25\/05 \u2013 Manh\u00e3:<\/strong><\/p>\n\n\n\n<p>08h15 &#8211; Abertura da semana Senac de sa\u00fade<\/p>\n\n\n\n<p>08h45 &#8211; Sa\u00fade mental dos profissionais de sa\u00fade<\/p>\n\n\n\n<p>09h30 &#8211; Exposi\u00e7\u00e3o dos parceiros e atendimentos de sa\u00fade (P.A, tipagem sangu\u00ednea, glicemia)<\/p>\n\n\n\n<p>10h \u2013 A\u00e7\u00f5es de educa\u00e7\u00e3o em sa\u00fade no combate \u00e0s arboviroses<\/p>\n\n\n\n<p>11h &#8211; Os cuidados na alimenta\u00e7\u00e3o e qualidade de vida<\/p>\n\n\n\n<div style=\"height:25px\" aria-hidden=\"true\" class=\"wp-block-spacer\"><\/div>\n\n\n\n<p><strong>25\/05 \u2013 Tarde:<\/strong><\/p>\n\n\n\n<p>14h &#8211; Exposi\u00e7\u00e3o dos parceiros e atendimentos de sa\u00fade (P.A, tipagem sangu\u00ednea, glicemia)<\/p>\n\n\n\n<p>15h &#8211; A ess\u00eancia da seguran\u00e7a do trabalho<\/p>\n\n\n\n<p>16h &#8211; A import\u00e2ncia da sa\u00fade bucal<\/p>\n\n\n\n<p>17h &#8211; Bem-estar f\u00edsico e mental<\/p>\n\n\n\n<div style=\"height:25px\" aria-hidden=\"true\" class=\"wp-block-spacer\"><\/div>\n\n\n\n<p><strong>25\/05 \u2013 Noite<\/strong><\/p>\n\n\n\n<p>19h &#8211; Mesa redonda casos de sucesso Senac<\/p>\n\n\n\n<div style=\"height:25px\" aria-hidden=\"true\" class=\"wp-block-spacer\"><\/div>\n\n\n\n<p><strong>26\/05 \u2013 Manh\u00e3:<\/strong><\/p>\n\n\n\n<p>08h &#8211; Exposi\u00e7\u00e3o dos parceiros e atendimentos de sa\u00fade (P.A, tipagem sangu\u00ednea, glicemia)<\/p>\n\n\n\n<p>08h30 &#8211; Automedica\u00e7\u00e3o &#8211; uso indiscriminado de medicamentos por profissionais de sa\u00fade.<\/p>\n\n\n\n<p>09h15 &#8211; Livre hansen\u00edases do preconceito<\/p>\n\n\n\n<p>10h &#8211; Preven\u00e7\u00e3o ao c\u00e2ncer de pele<\/p>\n\n\n\n<p>11h &#8211; Medicina do invis\u00edvel<\/p>\n\n\n\n<div style=\"height:25px\" aria-hidden=\"true\" class=\"wp-block-spacer\"><\/div>\n\n\n\n<p><strong>26\/05 \u2013 Tarde:<\/strong><\/p>\n\n\n\n<p>14h &#8211; Ansiedade e estresse<\/p>\n\n\n\n<p>15h &#8211; Primeiros socorros em sa\u00fade mental<\/p>\n\n\n\n<p>16h &#8211; Cuidados b\u00e1sicos com a pele<\/p>\n\n\n\n<p>17h &#8211; Exposi\u00e7\u00e3o dos parceiros e atendimentos de sa\u00fade (P.A, tipagem sangu\u00ednea, glicemia)<\/p>\n\n\n\n<p>18 \u2013 Encerramento com Zumba da Academia Sesc<\/p>\n\n\n\n<div style=\"height:25px\" aria-hidden=\"true\" class=\"wp-block-spacer\"><\/div>\n\n\n\n<p><strong>Servi\u00e7o<\/strong><\/p>\n\n\n\n<p><strong>O qu\u00ea:<\/strong> V Semana Senac de Sa\u00fade<\/p>\n\n\n\n<p><strong>Quando:<\/strong> 25 e 26 de maio<\/p>\n\n\n\n<p><strong>Onde:<\/strong> Sede Administrativa Sesc e Senac \u2013 Rua Doutor Ara\u00fajo Filho, N\u00b0 947, Centro<\/p>\n\n\n\n<p><strong>Entrada:<\/strong> 01kg de alimento n\u00e3o perec\u00edvel<\/p>\n\n\n\n<p><strong>Classifica\u00e7\u00e3o indicativa:<\/strong> A partir de 14 anos<\/p>\n\n\n\n<div style=\"height:20px\" aria-hidden=\"true\" class=\"wp-block-spacer\"><\/div>\n\n\n\n<p>Giovanna Lima \u2013 analista t\u00e9cnica<\/p>\n\n\n\n<p>Comunica\u00e7\u00e3o Senac Roraima<\/p>\n","protected":false},"excerpt":{"rendered":"<p>Semana Senac de Sa\u00fade acontece nos pr\u00f3ximos dias 25 e 26 de maio O Servi\u00e7o Nacional de Aprendizagem Comercial (Senac-RR) oferta nos pr\u00f3ximos dias 25 e 26 de maio, a V Semana Senac de Sa\u00fade com programa\u00e7\u00e3o de palestras, mesa redonda e exposi\u00e7\u00f5es abertas ao&hellip; <a class=\"more-link\" href=\"https:\/\/www.rr.senac.br\/portalsenac\/senac-roraima-oferta-programacao-de-saude-com-palestras-aberta-ao-publico\/\">Continuar lendo <span class=\"screen-reader-text\">Senac Roraima oferta programa\u00e7\u00e3o de sa\u00fade com palestras abertas ao p\u00fablico<\/span><\/a><\/p>\n","protected":false},"author":2,"featured_media":4766,"comment_status":"closed","ping_status":"open","sticky":false,"template":"","format":"standard","meta":{"_jetpack_memberships_contains_paid_content":false,"_joinchat":[],"footnotes":""},"categories":[12],"tags":[],"class_list":["post-4765","post","type-post","status-publish","format-standard","has-post-thumbnail","hentry","category-ultimas-noticias","entry"],"jetpack_featured_media_url":"https:\/\/i0.wp.com\/www.rr.senac.br\/portalsenac\/wp-content\/uploads\/2023\/05\/Semana-Senac-de-Saude-1.jpg?fit=980%2C653&ssl=1","jetpack_sharing_enabled":true,"_links":{"self":[{"href":"https:\/\/www.rr.senac.br\/portalsenac\/wp-json\/wp\/v2\/posts\/4765","targetHints":{"allow":["GET"]}}],"collection":[{"href":"https:\/\/www.rr.senac.br\/portalsenac\/wp-json\/wp\/v2\/posts"}],"about":[{"href":"https:\/\/www.rr.senac.br\/portalsenac\/wp-json\/wp\/v2\/types\/post"}],"author":[{"embeddable":true,"href":"https:\/\/www.rr.senac.br\/portalsenac\/wp-json\/wp\/v2\/users\/2"}],"replies":[{"embeddable":true,"href":"https:\/\/www.rr.senac.br\/portalsenac\/wp-json\/wp\/v2\/comments?post=4765"}],"version-history":[{"count":0,"href":"https:\/\/www.rr.senac.br\/portalsenac\/wp-json\/wp\/v2\/posts\/4765\/revisions"}],"wp:featuredmedia":[{"embeddable":true,"href":"https:\/\/www.rr.senac.br\/portalsenac\/wp-json\/wp\/v2\/media\/4766"}],"wp:attachment":[{"href":"https:\/\/www.rr.senac.br\/portalsenac\/wp-json\/wp\/v2\/media?parent=4765"}],"wp:term":[{"taxonomy":"category","embeddable":true,"href":"https:\/\/www.rr.senac.br\/portalsenac\/wp-json\/wp\/v2\/categories?post=4765"},{"taxonomy":"post_tag","embeddable":true,"href":"https:\/\/www.rr.senac.br\/portalsenac\/wp-json\/wp\/v2\/tags?post=4765"}],"curies":[{"name":"wp","href":"https:\/\/api.w.org\/{rel}","templated":true}]}}