{"id":4784,"date":"2023-05-19T10:19:05","date_gmt":"2023-05-19T13:19:05","guid":{"rendered":"https:\/\/www.rr.senac.br\/portalsenac\/?p=4784"},"modified":"2023-06-22T16:20:46","modified_gmt":"2023-06-22T19:20:46","slug":"senac-roraima-lanca-9-edital-de-cursos-gratuitos","status":"publish","type":"post","link":"https:\/\/www.rr.senac.br\/portalsenac\/senac-roraima-lanca-9-edital-de-cursos-gratuitos\/","title":{"rendered":"Senac Roraima lan\u00e7a 9\u00b0 edital de cursos gratuitos"},"content":{"rendered":"\n<div style=\"height:25px\" aria-hidden=\"true\" class=\"wp-block-spacer\"><\/div>\n\n\n\n<p><em>Inscri\u00e7\u00f5es iniciam na pr\u00f3xima segunda-feira (22)<\/em><\/p>\n\n\n\n<div style=\"height:20px\" aria-hidden=\"true\" class=\"wp-block-spacer\"><\/div>\n\n\n\n<figure class=\"wp-block-image size-full\"><img data-recalc-dims=\"1\" fetchpriority=\"high\" decoding=\"async\" width=\"750\" height=\"500\" src=\"https:\/\/i0.wp.com\/www.rr.senac.br\/portalsenac\/wp-content\/uploads\/2023\/04\/PSG-Senac-Roraima-1.jpg?resize=750%2C500&#038;ssl=1\" alt=\"\" class=\"wp-image-4690\" srcset=\"https:\/\/i0.wp.com\/www.rr.senac.br\/portalsenac\/wp-content\/uploads\/2023\/04\/PSG-Senac-Roraima-1.jpg?w=1020&amp;ssl=1 1020w, https:\/\/i0.wp.com\/www.rr.senac.br\/portalsenac\/wp-content\/uploads\/2023\/04\/PSG-Senac-Roraima-1.jpg?resize=300%2C200&amp;ssl=1 300w, https:\/\/i0.wp.com\/www.rr.senac.br\/portalsenac\/wp-content\/uploads\/2023\/04\/PSG-Senac-Roraima-1.jpg?resize=768%2C512&amp;ssl=1 768w\" sizes=\"(max-width: 750px) 100vw, 750px\" \/><figcaption class=\"wp-element-caption\"><em>Foto: divulga\u00e7\u00e3o<\/em><\/figcaption><\/figure>\n\n\n\n<p>O Servi\u00e7o Nacional de Aprendizagem Comercial (Senac-RR) lan\u00e7ou nesta sexta-feira (19), o nono edital do Programa Senac de Gratuidade (PSG), com aulas destinadas ao munic\u00edpio de S\u00e3o Luiz. As inscri\u00e7\u00f5es iniciam de forma presencial na pr\u00f3xima segunda-feira (22).<\/p>\n\n\n\n<div style=\"height:20px\" aria-hidden=\"true\" class=\"wp-block-spacer\"><\/div>\n\n\n\n<p>Os cursos do edital s\u00e3o para pizzaiolo e auxiliar de confeitaria, com carga hor\u00e1ria de 160h e 200h, com idade m\u00ednima de 16 anos. As inscri\u00e7\u00f5es iniciam na pr\u00f3xima segunda-feira (22), de forma presencial no Unidade Educacional de Campo Norm\u00e9lia Mafra, localizada no munic\u00edpio de S\u00e3o Luiz.<\/p>\n\n\n\n<div style=\"height:20px\" aria-hidden=\"true\" class=\"wp-block-spacer\"><\/div>\n\n\n\n<p>Os candidatos devem comparecer com documentos originais e xerox, e esses podem ser <a href=\"https:\/\/app.rr.senac.br\/send3\/site\/psg\">consultados diretamente no edital<\/a>, dispon\u00edvel no site da institui\u00e7\u00e3o. Mais informa\u00e7\u00f5es e d\u00favidas podem ser consultadas diretamente com a Central de Atendimento: 3626-8434, ou via WhatsApp: 98420-9992.<\/p>\n\n\n\n<div style=\"height:20px\" aria-hidden=\"true\" class=\"wp-block-spacer\"><\/div>\n\n\n\n<p>Giovanna Lima \u2013 analista t\u00e9cnica<\/p>\n\n\n\n<p>Comunica\u00e7\u00e3o Senac Roraima<\/p>\n","protected":false},"excerpt":{"rendered":"<p>Inscri\u00e7\u00f5es iniciam na pr\u00f3xima segunda-feira (22) O Servi\u00e7o Nacional de Aprendizagem Comercial (Senac-RR) lan\u00e7ou nesta sexta-feira (19), o nono edital do Programa Senac de Gratuidade (PSG), com aulas destinadas ao munic\u00edpio de S\u00e3o Luiz. As inscri\u00e7\u00f5es iniciam de forma presencial na pr\u00f3xima segunda-feira (22). Os&hellip; <a class=\"more-link\" href=\"https:\/\/www.rr.senac.br\/portalsenac\/senac-roraima-lanca-9-edital-de-cursos-gratuitos\/\">Continuar lendo <span class=\"screen-reader-text\">Senac Roraima lan\u00e7a 9\u00b0 edital de cursos gratuitos<\/span><\/a><\/p>\n","protected":false},"author":2,"featured_media":4690,"comment_status":"closed","ping_status":"open","sticky":false,"template":"","format":"standard","meta":{"_jetpack_memberships_contains_paid_content":false,"_joinchat":[],"footnotes":""},"categories":[12],"tags":[],"class_list":["post-4784","post","type-post","status-publish","format-standard","has-post-thumbnail","hentry","category-ultimas-noticias","entry"],"jetpack_featured_media_url":"https:\/\/i0.wp.com\/www.rr.senac.br\/portalsenac\/wp-content\/uploads\/2023\/04\/PSG-Senac-Roraima-1.jpg?fit=1020%2C680&ssl=1","jetpack_sharing_enabled":true,"_links":{"self":[{"href":"https:\/\/www.rr.senac.br\/portalsenac\/wp-json\/wp\/v2\/posts\/4784","targetHints":{"allow":["GET"]}}],"collection":[{"href":"https:\/\/www.rr.senac.br\/portalsenac\/wp-json\/wp\/v2\/posts"}],"about":[{"href":"https:\/\/www.rr.senac.br\/portalsenac\/wp-json\/wp\/v2\/types\/post"}],"author":[{"embeddable":true,"href":"https:\/\/www.rr.senac.br\/portalsenac\/wp-json\/wp\/v2\/users\/2"}],"replies":[{"embeddable":true,"href":"https:\/\/www.rr.senac.br\/portalsenac\/wp-json\/wp\/v2\/comments?post=4784"}],"version-history":[{"count":0,"href":"https:\/\/www.rr.senac.br\/portalsenac\/wp-json\/wp\/v2\/posts\/4784\/revisions"}],"wp:featuredmedia":[{"embeddable":true,"href":"https:\/\/www.rr.senac.br\/portalsenac\/wp-json\/wp\/v2\/media\/4690"}],"wp:attachment":[{"href":"https:\/\/www.rr.senac.br\/portalsenac\/wp-json\/wp\/v2\/media?parent=4784"}],"wp:term":[{"taxonomy":"category","embeddable":true,"href":"https:\/\/www.rr.senac.br\/portalsenac\/wp-json\/wp\/v2\/categories?post=4784"},{"taxonomy":"post_tag","embeddable":true,"href":"https:\/\/www.rr.senac.br\/portalsenac\/wp-json\/wp\/v2\/tags?post=4784"}],"curies":[{"name":"wp","href":"https:\/\/api.w.org\/{rel}","templated":true}]}}