{"id":4786,"date":"2023-05-19T20:48:27","date_gmt":"2023-05-19T23:48:27","guid":{"rendered":"https:\/\/www.rr.senac.br\/portalsenac\/?p=4786"},"modified":"2023-06-22T16:20:46","modified_gmt":"2023-06-22T19:20:46","slug":"senac-oferta-workshop-de-estetica-na-proxima-terca-feira","status":"publish","type":"post","link":"https:\/\/www.rr.senac.br\/portalsenac\/senac-oferta-workshop-de-estetica-na-proxima-terca-feira\/","title":{"rendered":"Senac oferta workshop de est\u00e9tica na pr\u00f3xima ter\u00e7a-feira"},"content":{"rendered":"\n<h5 class=\"wp-block-heading\"><em>Evento \u00e9 gratuito e aberto ao p\u00fablico<\/em><\/h5>\n\n\n\n<div style=\"height:25px\" aria-hidden=\"true\" class=\"wp-block-spacer\"><\/div>\n\n\n\n<figure class=\"wp-block-image size-full\"><img data-recalc-dims=\"1\" fetchpriority=\"high\" decoding=\"async\" width=\"680\" height=\"453\" src=\"https:\/\/i0.wp.com\/www.rr.senac.br\/portalsenac\/wp-content\/uploads\/2023\/05\/Novo-Projeto.png?resize=680%2C453&#038;ssl=1\" alt=\"\" class=\"wp-image-4789\" srcset=\"https:\/\/i0.wp.com\/www.rr.senac.br\/portalsenac\/wp-content\/uploads\/2023\/05\/Novo-Projeto.png?w=680&amp;ssl=1 680w, https:\/\/i0.wp.com\/www.rr.senac.br\/portalsenac\/wp-content\/uploads\/2023\/05\/Novo-Projeto.png?resize=300%2C200&amp;ssl=1 300w\" sizes=\"(max-width: 680px) 100vw, 680px\" \/><figcaption class=\"wp-element-caption\"><em>Foto: divulga\u00e7\u00e3o<\/em><\/figcaption><\/figure>\n\n\n\n<p>O Servi\u00e7o Nacional de Aprendizagem Comercial (Senac-RR) oferta na pr\u00f3xima ter\u00e7a-feira (23), um workshop gratuito de revitaliza\u00e7\u00e3o facial com peeling ultrass\u00f4nico, para o p\u00fablico em geral a partir dos 18 anos. O evento acontece no audit\u00f3rio da unidade Ministro Ernane Galv\u00eaas, na capital.<\/p>\n\n\n\n<div style=\"height:20px\" aria-hidden=\"true\" class=\"wp-block-spacer\"><\/div>\n\n\n\n<p>O workshop ser\u00e1 realizado na pr\u00f3xima ter\u00e7a-feira (22), no audit\u00f3rio da unidade do bairro S\u00e3o Francisco com pr\u00e1ticas de revitaliza\u00e7\u00e3o facial com peeling ultrass\u00f4nico em manchas de acne, com o corpo docente do Senac Roraima. O conte\u00fado faz parte do plano de curso t\u00e9cnico em est\u00e9tica, que ser\u00e1 ofertado pela institui\u00e7\u00e3o.<\/p>\n\n\n\n<div style=\"height:20px\" aria-hidden=\"true\" class=\"wp-block-spacer\"><\/div>\n\n\n\n<p>Para participar, os interessados devem comparecer \u00e0s unidades do Senac em Boa Vista com documenta\u00e7\u00e3o pessoal e comprovante de resid\u00eancia, para uma inscri\u00e7\u00e3o pr\u00e9via, garantindo certificado de participa\u00e7\u00e3o do evento, a partir da segunda-feira (22). Mais informa\u00e7\u00f5es podem ser consultadas diretamente com a Central de Atendimento: 3626-8434 ou via WhatsApp: 98420-9992.<\/p>\n\n\n\n<div style=\"height:20px\" aria-hidden=\"true\" class=\"wp-block-spacer\"><\/div>\n\n\n\n<p>Servi\u00e7o<\/p>\n\n\n\n<p>O qu\u00ea: workshop gratuito de revitaliza\u00e7\u00e3o facial com peeling ultrass\u00f4nico<\/p>\n\n\n\n<p>Quando: 22\/05<\/p>\n\n\n\n<p>Local: Avenida Major Williams, N\u00b0 2084, bairro S\u00e3o Francisco \u2013 Anexo Sesclin<\/p>\n\n\n\n<div style=\"height:20px\" aria-hidden=\"true\" class=\"wp-block-spacer\"><\/div>\n\n\n\n<p>Giovanna Lima \u2013 analista t\u00e9cnica<\/p>\n\n\n\n<p>Comunica\u00e7\u00e3o Senac Roraima<\/p>\n","protected":false},"excerpt":{"rendered":"<p>Evento \u00e9 gratuito e aberto ao p\u00fablico O Servi\u00e7o Nacional de Aprendizagem Comercial (Senac-RR) oferta na pr\u00f3xima ter\u00e7a-feira (23), um workshop gratuito de revitaliza\u00e7\u00e3o facial com peeling ultrass\u00f4nico, para o p\u00fablico em geral a partir dos 18 anos. O evento acontece no audit\u00f3rio da unidade&hellip; <a class=\"more-link\" href=\"https:\/\/www.rr.senac.br\/portalsenac\/senac-oferta-workshop-de-estetica-na-proxima-terca-feira\/\">Continuar lendo <span class=\"screen-reader-text\">Senac oferta workshop de est\u00e9tica na pr\u00f3xima ter\u00e7a-feira<\/span><\/a><\/p>\n","protected":false},"author":2,"featured_media":4789,"comment_status":"closed","ping_status":"open","sticky":false,"template":"","format":"standard","meta":{"_jetpack_memberships_contains_paid_content":false,"_joinchat":[],"footnotes":""},"categories":[12],"tags":[],"class_list":["post-4786","post","type-post","status-publish","format-standard","has-post-thumbnail","hentry","category-ultimas-noticias","entry"],"jetpack_featured_media_url":"https:\/\/i0.wp.com\/www.rr.senac.br\/portalsenac\/wp-content\/uploads\/2023\/05\/Novo-Projeto.png?fit=680%2C453&ssl=1","jetpack_sharing_enabled":true,"_links":{"self":[{"href":"https:\/\/www.rr.senac.br\/portalsenac\/wp-json\/wp\/v2\/posts\/4786","targetHints":{"allow":["GET"]}}],"collection":[{"href":"https:\/\/www.rr.senac.br\/portalsenac\/wp-json\/wp\/v2\/posts"}],"about":[{"href":"https:\/\/www.rr.senac.br\/portalsenac\/wp-json\/wp\/v2\/types\/post"}],"author":[{"embeddable":true,"href":"https:\/\/www.rr.senac.br\/portalsenac\/wp-json\/wp\/v2\/users\/2"}],"replies":[{"embeddable":true,"href":"https:\/\/www.rr.senac.br\/portalsenac\/wp-json\/wp\/v2\/comments?post=4786"}],"version-history":[{"count":0,"href":"https:\/\/www.rr.senac.br\/portalsenac\/wp-json\/wp\/v2\/posts\/4786\/revisions"}],"wp:featuredmedia":[{"embeddable":true,"href":"https:\/\/www.rr.senac.br\/portalsenac\/wp-json\/wp\/v2\/media\/4789"}],"wp:attachment":[{"href":"https:\/\/www.rr.senac.br\/portalsenac\/wp-json\/wp\/v2\/media?parent=4786"}],"wp:term":[{"taxonomy":"category","embeddable":true,"href":"https:\/\/www.rr.senac.br\/portalsenac\/wp-json\/wp\/v2\/categories?post=4786"},{"taxonomy":"post_tag","embeddable":true,"href":"https:\/\/www.rr.senac.br\/portalsenac\/wp-json\/wp\/v2\/tags?post=4786"}],"curies":[{"name":"wp","href":"https:\/\/api.w.org\/{rel}","templated":true}]}}